{"id":99989,"date":"2016-02-01T15:29:13","date_gmt":"2016-02-01T14:29:13","guid":{"rendered":"http:\/\/kulturbloggen.com\/?p=99989"},"modified":"2016-02-01T15:29:13","modified_gmt":"2016-02-01T14:29:13","slug":"primal-scream-gastas-av-sky-ferreira-pa-nya-singeln-where-the-light-gets-in","status":"publish","type":"post","link":"https:\/\/kulturbloggen.com\/?p=99989","title":{"rendered":"Primal Scream g\u00e4stas av Sky Ferreira p\u00e5 nya singeln Where The Light Gets In"},"content":{"rendered":"<p><a href=\"http:\/\/kulturbloggen.com\/?attachment_id=99990\" rel=\"attachment wp-att-99990\"><img loading=\"lazy\" decoding=\"async\" class=\"aligncenter size-medium wp-image-99990\" src=\"http:\/\/kulturbloggen.com\/wp-content\/uploads\/2016\/02\/primalscream-300x300.jpg\" alt=\"primalscream\" width=\"300\" height=\"300\" srcset=\"https:\/\/kulturbloggen.com\/wp-content\/uploads\/2016\/02\/primalscream-300x300.jpg 300w, https:\/\/kulturbloggen.com\/wp-content\/uploads\/2016\/02\/primalscream-150x150.jpg 150w, https:\/\/kulturbloggen.com\/wp-content\/uploads\/2016\/02\/primalscream-768x768.jpg 768w, https:\/\/kulturbloggen.com\/wp-content\/uploads\/2016\/02\/primalscream.jpg 960w\" sizes=\"auto, (max-width: 300px) 100vw, 300px\" \/><\/a><\/p>\n<p>Den 18 mars sl\u00e4pper Primal Scream sitt elfte studioalbum, Chaosmosis, som delvis \u00e4r inspelat i Stockholm. Nu delar de med sig av singeln <em>Where the Light Gets In<\/em> som \u00e4r en duett med Sky Ferreira. L\u00e5ten \u00e4r producerad av Bj\u00f6rn Yttling, Andrew Innes och Bobby Gillespie samt mixad av Lasse M\u00e5rt\u00e9n.<\/p>\n<p><strong>Lyssna p\u00e5 <em>Where The Light Gets In<\/em>\u00a0(via Spotify) h\u00e4r nedan:<\/strong><\/p>\n<p><iframe loading=\"lazy\" src=\"https:\/\/embed.spotify.com\/?uri=spotify%3Atrack%3A7zrqxOWvcLIWeKpW3VzKKY\" width=\"300\" height=\"380\" frameborder=\"0\"><\/iframe><\/p>\n","protected":false},"excerpt":{"rendered":"<p>Den 18 mars sl\u00e4pper Primal Scream sitt elfte studioalbum, Chaosmosis, som delvis \u00e4r inspelat i Stockholm. Nu delar de med sig av singeln Where the Light Gets In som \u00e4r en duett med Sky Ferreira. L\u00e5ten \u00e4r producerad av Bj\u00f6rn Yttling, Andrew Innes och Bobby Gillespie samt mixad av Lasse M\u00e5rt\u00e9n. Lyssna p\u00e5 Where The [&hellip;]<\/p>\n","protected":false},"author":3,"featured_media":0,"comment_status":"open","ping_status":"open","sticky":false,"template":"","format":"standard","meta":{"_genesis_hide_title":false,"_genesis_hide_breadcrumbs":false,"_genesis_hide_singular_image":false,"_genesis_hide_footer_widgets":false,"_genesis_custom_body_class":"","_genesis_custom_post_class":"","_genesis_layout":"","footnotes":""},"categories":[7],"tags":[4494,9185,12647],"class_list":{"0":"post-99989","1":"post","2":"type-post","3":"status-publish","4":"format-standard","6":"category-musik","7":"tag-primal-scream","8":"tag-sky-ferreira","9":"tag-where-the-lights-get-in","10":"entry"},"_links":{"self":[{"href":"https:\/\/kulturbloggen.com\/index.php?rest_route=\/wp\/v2\/posts\/99989","targetHints":{"allow":["GET"]}}],"collection":[{"href":"https:\/\/kulturbloggen.com\/index.php?rest_route=\/wp\/v2\/posts"}],"about":[{"href":"https:\/\/kulturbloggen.com\/index.php?rest_route=\/wp\/v2\/types\/post"}],"author":[{"embeddable":true,"href":"https:\/\/kulturbloggen.com\/index.php?rest_route=\/wp\/v2\/users\/3"}],"replies":[{"embeddable":true,"href":"https:\/\/kulturbloggen.com\/index.php?rest_route=%2Fwp%2Fv2%2Fcomments&post=99989"}],"version-history":[{"count":1,"href":"https:\/\/kulturbloggen.com\/index.php?rest_route=\/wp\/v2\/posts\/99989\/revisions"}],"predecessor-version":[{"id":99991,"href":"https:\/\/kulturbloggen.com\/index.php?rest_route=\/wp\/v2\/posts\/99989\/revisions\/99991"}],"wp:attachment":[{"href":"https:\/\/kulturbloggen.com\/index.php?rest_route=%2Fwp%2Fv2%2Fmedia&parent=99989"}],"wp:term":[{"taxonomy":"category","embeddable":true,"href":"https:\/\/kulturbloggen.com\/index.php?rest_route=%2Fwp%2Fv2%2Fcategories&post=99989"},{"taxonomy":"post_tag","embeddable":true,"href":"https:\/\/kulturbloggen.com\/index.php?rest_route=%2Fwp%2Fv2%2Ftags&post=99989"}],"curies":[{"name":"wp","href":"https:\/\/api.w.org\/{rel}","templated":true}]}}