{"id":99575,"date":"2016-01-13T11:22:49","date_gmt":"2016-01-13T10:22:49","guid":{"rendered":"http:\/\/kulturbloggen.com\/?p=99575"},"modified":"2016-01-13T11:22:49","modified_gmt":"2016-01-13T10:22:49","slug":"carmen-moves-pa-folkoperan-varen-2016","status":"publish","type":"post","link":"https:\/\/kulturbloggen.com\/?p=99575","title":{"rendered":"Carmen Moves p\u00e5 Folkoperan v\u00e5ren 2016"},"content":{"rendered":"<p><img loading=\"lazy\" decoding=\"async\" src=\"http:\/\/kulturbloggen.com\/wp-content\/uploads\/2016\/01\/carmenmoves-300x160.jpg\" alt=\"carmenmoves\" width=\"300\" height=\"160\" class=\"aligncenter size-medium wp-image-99577\" srcset=\"https:\/\/kulturbloggen.com\/wp-content\/uploads\/2016\/01\/carmenmoves-300x160.jpg 300w, https:\/\/kulturbloggen.com\/wp-content\/uploads\/2016\/01\/carmenmoves.jpg 589w\" sizes=\"auto, (max-width: 300px) 100vw, 300px\" \/><\/p>\n<p>Den 10 februari, 2016, s\u00e4tts Folkoperan i r\u00f6relse \u2013 d\u00e5 har Carmen Moves premi\u00e4r \u2013 en sammansm\u00e4ltning av Bizets opera Carmen och Sjtjedrins dansverk Carmen Suite. Med komik och allvar st\u00e5r k\u00e4rlek, passion och svartsjuka i centrum d\u00e5 Carmen intar Folkoperans scen.<\/p>\n<p>Ett pressmeddelande ber\u00e4ttar:<br \/>\nCarmen Moves har premi\u00e4r p\u00e5 Folkoperan den 10 februari 2016 och \u00e4r en sammansm\u00e4ltning av George Bizets storslagna verk Carmen och den ryske Rodion Sjtjedrins dansverk Carmen Suite. Operas\u00e5ngare, dansare och korister i alla \u00e5ldrar m\u00f6ts p\u00e5 scenen i denna lekfulla upps\u00e4ttning av koreografen \u00d6rjan Andersson.<\/p>\n<p>Verket \u00e4r arrangerat f\u00f6r str\u00e5kar och slagverk av tons\u00e4ttaren och arrang\u00f6ren Olov Helge. F\u00f6r bearbetning st\u00e5r Magnus Lindman, Marit Strindlund och \u00d6rjan Andersson.<br \/>\nFolkoperans orkester spelar under ledning av Alice Farnham, en av Storbritanniens ledande dirigenter, k\u00e4nd fr\u00e5n bland annat Covent Garden och Mariinskijteatern.<\/p>\n<p>&#8211; Musikaliskt sammanf\u00f6r vi det b\u00e4sta fr\u00e5n tv\u00e5 v\u00e4rldar\u2013 den fysiska r\u00f6relsen och r\u00f6sten. Sjtjedrins Carmens Suite \u00e4r skriven f\u00f6r str\u00e5kar och slagverk. \u00c4ven Bizets arior och k\u00f6rpartier arrangeras med den orkesters\u00e4ttningen. Det \u00e4r en f\u00e4rgrik, sv\u00e4ngig och dramatisk musik med en omedelbar och instinktiv kraft, s\u00e4ger Folkoperans musikaliska ledare, Marit Strindlund.<\/p>\n<p><strong>Medverkande:<\/strong><br \/>\nOperas\u00e5ngare: Miriam Treichl (Carmen), Markus Pettersson (Don Jos\u00e9) och Kosma Ranuer (Escamillo).<br \/>\nDansare: Arina Trostyanetskaya, Bj\u00f6rn Nilsson, Javier Perez, Katarina Eriksson och Ninos Josef.<br \/>\nAdolf Fredriks kammark\u00f6r under ledning av korm\u00e4stare Pelle Olofsson, seniork\u00f6ren G\u00e5trutarne.<\/p>\n<p>&#8211; Vi ville bjuda in en konstn\u00e4r fr\u00e5n koreografins v\u00e4rld. N\u00e5gon som har sin utg\u00e5ngspunkt i r\u00f6relsen och som kan ge operas\u00e5ngarna fysiska uttryck. Vi hittade koreografen och r\u00f6relsekonstn\u00e4ren \u00d6rjan Andersson. Med en musikalisk lyh\u00f6rdhet beh\u00e4rskar han b\u00e5de det finstilta och det dynamiska uttrycket i scenrummet, s\u00e4ger Folkoperans konstn\u00e4rliga chef, Mellika Melouani Melani.<\/p>\n<p>\u00d6rjan Andersson arbetar som koreograf b\u00e5de i Sverige och utomlands. 2011 tilldelades han Svenska Dagbladets operapris. Han \u00e4r ett av de stora namnen inom den samtida dansen. I Sverige har han skapat verk f\u00f6r bland andra Cullbergbaletten, Kungliga Operan, Dramaten, Sk\u00e5nes Dansteater och Norrlandsoperan. Han har \u00e4ven jobbat som koreograf i bland annat Schweiz, Spanien, Italien, Tyskland och Nederl\u00e4nderna.<\/p>\n<p>F\u00f6r scenografi och ljusdesign st\u00e5r Sutoda, Nina Sandstr\u00f6m ansvarar f\u00f6r kostym och Ther\u00e9sia Frisk f\u00f6r mask och peruk.<\/p>\n<p>Foto: Mathias Sterner<\/p>\n","protected":false},"excerpt":{"rendered":"<p>Den 10 februari, 2016, s\u00e4tts Folkoperan i r\u00f6relse \u2013 d\u00e5 har Carmen Moves premi\u00e4r \u2013 en sammansm\u00e4ltning av Bizets opera Carmen och Sjtjedrins dansverk Carmen Suite. Med komik och allvar st\u00e5r k\u00e4rlek, passion och svartsjuka i centrum d\u00e5 Carmen intar Folkoperans scen. Ett pressmeddelande ber\u00e4ttar: Carmen Moves har premi\u00e4r p\u00e5 Folkoperan den 10 februari 2016 [&hellip;]<\/p>\n","protected":false},"author":13,"featured_media":0,"comment_status":"open","ping_status":"open","sticky":false,"template":"","format":"standard","meta":{"_genesis_hide_title":false,"_genesis_hide_breadcrumbs":false,"_genesis_hide_singular_image":false,"_genesis_hide_footer_widgets":false,"_genesis_custom_body_class":"","_genesis_custom_post_class":"","_genesis_layout":"","footnotes":""},"categories":[20],"tags":[12602,1811,4147],"class_list":["post-99575","post","type-post","status-publish","format-standard","category-film","tag-carmen-moves","tag-folkoperan","tag-opera","entry"],"_links":{"self":[{"href":"https:\/\/kulturbloggen.com\/index.php?rest_route=\/wp\/v2\/posts\/99575","targetHints":{"allow":["GET"]}}],"collection":[{"href":"https:\/\/kulturbloggen.com\/index.php?rest_route=\/wp\/v2\/posts"}],"about":[{"href":"https:\/\/kulturbloggen.com\/index.php?rest_route=\/wp\/v2\/types\/post"}],"author":[{"embeddable":true,"href":"https:\/\/kulturbloggen.com\/index.php?rest_route=\/wp\/v2\/users\/13"}],"replies":[{"embeddable":true,"href":"https:\/\/kulturbloggen.com\/index.php?rest_route=%2Fwp%2Fv2%2Fcomments&post=99575"}],"version-history":[{"count":3,"href":"https:\/\/kulturbloggen.com\/index.php?rest_route=\/wp\/v2\/posts\/99575\/revisions"}],"predecessor-version":[{"id":99579,"href":"https:\/\/kulturbloggen.com\/index.php?rest_route=\/wp\/v2\/posts\/99575\/revisions\/99579"}],"wp:attachment":[{"href":"https:\/\/kulturbloggen.com\/index.php?rest_route=%2Fwp%2Fv2%2Fmedia&parent=99575"}],"wp:term":[{"taxonomy":"category","embeddable":true,"href":"https:\/\/kulturbloggen.com\/index.php?rest_route=%2Fwp%2Fv2%2Fcategories&post=99575"},{"taxonomy":"post_tag","embeddable":true,"href":"https:\/\/kulturbloggen.com\/index.php?rest_route=%2Fwp%2Fv2%2Ftags&post=99575"}],"curies":[{"name":"wp","href":"https:\/\/api.w.org\/{rel}","templated":true}]}}