{"id":98940,"date":"2015-12-13T09:05:16","date_gmt":"2015-12-13T08:05:16","guid":{"rendered":"http:\/\/kulturbloggen.com\/?p=98940"},"modified":"2015-12-13T09:05:16","modified_gmt":"2015-12-13T08:05:16","slug":"titta-trailer-for-x-men-apocalypse","status":"publish","type":"post","link":"https:\/\/kulturbloggen.com\/?p=98940","title":{"rendered":"Titta: Trailer f\u00f6r X-men: Apocalypse"},"content":{"rendered":"<p><img loading=\"lazy\" decoding=\"async\" src=\"http:\/\/kulturbloggen.com\/wp-content\/uploads\/2015\/12\/xmenapocalypse-187x300.jpg\" alt=\"xmenapocalypse\" width=\"187\" height=\"300\" class=\"aligncenter size-medium wp-image-98943\" srcset=\"https:\/\/kulturbloggen.com\/wp-content\/uploads\/2015\/12\/xmenapocalypse-187x300.jpg 187w, https:\/\/kulturbloggen.com\/wp-content\/uploads\/2015\/12\/xmenapocalypse.jpg 612w\" sizes=\"auto, (max-width: 187px) 100vw, 187px\" \/><\/p>\n<p>I b\u00f6rjan av civilisationen var han dyrkad som en gud. Apocalypse, den f\u00f6rsta och starkaste av alla mutanter i X-Men universumet, tog krafter fr\u00e5n andra mutanter f\u00f6r att bland annat bli od\u00f6dlig och osynlig. Efter tusentals \u00e5r vaknar han igen och blir djupt besviken p\u00e5 den nya v\u00e4rld han m\u00f6ts av. Han rekryterar flertalet mutanter, bland annat en f\u00f6rkrossad Magneto (Michael Fassbender), f\u00f6r att rensa v\u00e4rlden p\u00e5 m\u00e4nniskor och skapa en ny v\u00e4rldsordning d\u00e4r han sj\u00e4lv regerar. St\u00e4llda inf\u00f6r detta hot m\u00e5ste Raven (Jennifer Lawrence) med hj\u00e4lp av Professor X (James McAvoy) leda ett team av unga X-Men f\u00f6r att r\u00e4dda m\u00e4nskligheten fr\u00e5n total underg\u00e5ng.<\/p>\n<p> Biopremi\u00e4r 20 maj 2016<\/p>\n<p><iframe loading=\"lazy\" width=\"560\" height=\"315\" src=\"https:\/\/www.youtube.com\/embed\/COvnHv42T-A\" frameborder=\"0\" allowfullscreen><\/iframe><\/p>\n","protected":false},"excerpt":{"rendered":"<p>I b\u00f6rjan av civilisationen var han dyrkad som en gud. Apocalypse, den f\u00f6rsta och starkaste av alla mutanter i X-Men universumet, tog krafter fr\u00e5n andra mutanter f\u00f6r att bland annat bli od\u00f6dlig och osynlig. Efter tusentals \u00e5r vaknar han igen och blir djupt besviken p\u00e5 den nya v\u00e4rld han m\u00f6ts av. Han rekryterar flertalet mutanter, [&hellip;]<\/p>\n","protected":false},"author":13,"featured_media":0,"comment_status":"open","ping_status":"open","sticky":false,"template":"","format":"standard","meta":{"_genesis_hide_title":false,"_genesis_hide_breadcrumbs":false,"_genesis_hide_singular_image":false,"_genesis_hide_footer_widgets":false,"_genesis_custom_body_class":"","_genesis_custom_post_class":"","_genesis_layout":"","footnotes":""},"categories":[50,20],"tags":[12286,5939,12542],"class_list":{"0":"post-98940","1":"post","2":"type-post","3":"status-publish","4":"format-standard","6":"category-filmfilm","7":"category-film","8":"tag-film","9":"tag-trailer","10":"tag-x-men-apocalypse","11":"entry"},"_links":{"self":[{"href":"https:\/\/kulturbloggen.com\/index.php?rest_route=\/wp\/v2\/posts\/98940","targetHints":{"allow":["GET"]}}],"collection":[{"href":"https:\/\/kulturbloggen.com\/index.php?rest_route=\/wp\/v2\/posts"}],"about":[{"href":"https:\/\/kulturbloggen.com\/index.php?rest_route=\/wp\/v2\/types\/post"}],"author":[{"embeddable":true,"href":"https:\/\/kulturbloggen.com\/index.php?rest_route=\/wp\/v2\/users\/13"}],"replies":[{"embeddable":true,"href":"https:\/\/kulturbloggen.com\/index.php?rest_route=%2Fwp%2Fv2%2Fcomments&post=98940"}],"version-history":[{"count":3,"href":"https:\/\/kulturbloggen.com\/index.php?rest_route=\/wp\/v2\/posts\/98940\/revisions"}],"predecessor-version":[{"id":98944,"href":"https:\/\/kulturbloggen.com\/index.php?rest_route=\/wp\/v2\/posts\/98940\/revisions\/98944"}],"wp:attachment":[{"href":"https:\/\/kulturbloggen.com\/index.php?rest_route=%2Fwp%2Fv2%2Fmedia&parent=98940"}],"wp:term":[{"taxonomy":"category","embeddable":true,"href":"https:\/\/kulturbloggen.com\/index.php?rest_route=%2Fwp%2Fv2%2Fcategories&post=98940"},{"taxonomy":"post_tag","embeddable":true,"href":"https:\/\/kulturbloggen.com\/index.php?rest_route=%2Fwp%2Fv2%2Ftags&post=98940"}],"curies":[{"name":"wp","href":"https:\/\/api.w.org\/{rel}","templated":true}]}}