{"id":9869,"date":"2009-05-27T15:07:05","date_gmt":"2009-05-27T13:07:05","guid":{"rendered":"http:\/\/kulturbloggen.com\/?p=9869"},"modified":"2009-05-27T15:07:05","modified_gmt":"2009-05-27T13:07:05","slug":"rundgang-i-medierna-om-kulturministerns-uttalande","status":"publish","type":"post","link":"https:\/\/kulturbloggen.com\/?p=9869","title":{"rendered":"Rundg\u00e5ng i medierna om kulturministerns uttalande"},"content":{"rendered":"<p>Lite rundg\u00e5ng \u00e4r det i medierna nu f\u00f6r tiden. Ig\u00e5r <a href=\"http:\/\/adamsvanell.wordpress.com\/2009\/05\/26\/kulturministern-bashar-pirate-bay\/\">bloggade journalisten Adam Svanell<\/a> om kulturministerns \u00f6ppna st\u00f6d f\u00f6r antipiratsidan i Pirate Bay-r\u00e4tteg\u00e5ngen och bland annat Kulturbloggen h\u00e4ngde p\u00e5. Idag har hela h\u00f6gen av gammelmedier vaknat.<br \/>\n<!--more--><br \/>\nBloggosf\u00e4ren och de traditionella medierna g\u00e5r verkligen hand i hand nu f\u00f6r tiden och det \u00e4r en rej\u00e4l rundg\u00e5ng om det mesta.<br \/>\n<a href=\"http:\/\/kulturbloggen.com\/?p=9847\"><br \/>\nKulturministens ger ministerstyre ett ansikte, skrev jag ig\u00e5r.<\/a><\/p>\n<p>Och nu har hon blivit anm\u00e4ld f\u00f6r sitt uttalande. <a href=\"http:\/\/www.aftonbladet.se\/nyheter\/article5239399.ab\">Aftonbladet<\/a>:<\/p>\n<blockquote><p>&#8221;Ministern har betett sig ol\u00e4mpligt&#8221;<\/p>\n<p>\u2013 Det h\u00e4r kanske inte uppskattas av vissa, men jag var en av dem som gladdes \u00f6ver domen i Pirate Bay-m\u00e5let, sade kulturministern i b\u00f6rjan av veckan.<\/p>\n<p>Lena Adelsohn Liljeroth (M) anm\u00e4ldes idag till Konstitutionsutskottet f\u00f6r gl\u00e4djeyttrandet om Piratebaydomen.<\/p>\n<p>\u2013 Det \u00e4r helt uppenbart att hon har trampat i klaveret.<\/p><\/blockquote>\n<p>Kulturministerns uttalande ligger p\u00e5 gr\u00e4nsen till vad som \u00e4r acceptabelt, men det \u00e4r l\u00e5ngt ifr\u00e5n \u00f6verraskande. Att hon och hennes partikamrater \u00e4r t\u00e4tt sammanfogade med de grupper som vill jaga fildelare r\u00e5der v\u00e4l ingen tvekan om.<\/p>\n<p><a href=\"http:\/\/badlandshyena.wordpress.com\/2009\/05\/27\/pirater-ar-skater\/\">Badlands Hyena har som s\u00e5 ofta formulerat en klurig kommentar:<\/a> <\/p>\n<blockquote><p>Hon borde ha sagt att piraterna \u00e4r skator.<\/p>\n<p>I Motala stal en skata en kvinnas mobiltelefon, kan man l\u00e4sa i bland annat SvD, HD och Aftonbladet. Skatan slog sig ner, tog telefonen och fl\u00f6g iv\u00e4g medan kvinnan drack kaffe i sin tr\u00e4dg\u00e5rd.<\/p>\n<p>Skator \u00e4r omvittnat tjuvaktiva. Ett intryck som st\u00e4rks om man tittar n\u00e4rmare p\u00e5 deras fysionomi. P\u00e5 f\u00f6ljande bild har jag illustrerat skatans typiskt kriminella utseende.<\/p><\/blockquote>\n<p><a href=\"http:\/\/martenschultz.wordpress.com\/2009\/05\/27\/statsradet-ger-domstolen-en-klapp-pa-axeln\/\">Juridikbloggaren M\u00e5rten Schulz kommenterar:<\/a><\/p>\n<blockquote><p>Mindre kul \u00e4r det ur ett demokratiskt perspektiv att ministern f\u00e5r f\u00f6r sig att ge betyg \u00e5t domstolarnas agerande i en sak som \u00e4nnu inte \u00e4r avgjord. Nu skall hovr\u00e4tten ta st\u00e4llning till m\u00e5let. Och n\u00e4r hovr\u00e4tten tar st\u00e4llning till m\u00e5let s\u00e5 \u00e4r det i ett l\u00e4ge d\u00e4r regeringsf\u00f6retr\u00e4dare redan tagit st\u00e4llning f\u00f6r vad som \u00e4r en bra dom.<\/p>\n<p>S\u00e5 kan man h\u00e4lla bensin p\u00e5 en redan orov\u00e4ckande vildsint brasa. \u201cEn politisk dom\u201d, \u201cett politiserat r\u00e4ttsv\u00e4sende\u201d, \u201cen korrupt r\u00e4ttsordning\u201d. K\u00e4nner ni igen rubrikerna fr\u00e5n bloggosf\u00e4rens och medias reaktioner p\u00e5 domen? Att statsr\u00e5det i ett s\u00e5dant l\u00e4ge v\u00e4ljer att recensera domstolarna innan saken f\u00e5tt sin slutliga pr\u00f6vning ger eldunderst\u00f6d \u00e5t kritikerna. <\/p><\/blockquote>\n<p>Kulturministerns uttalande visar ocks\u00e5, som Peter Sunde fr\u00e5n Pirate Bay, p\u00e5pekar, att hon inte vet eller f\u00f6rst\u00e5r hur Internet fungerar. <a href=\"http:\/\/www.svd.se\/opinion\/brannpunkt\/artikel_2960099.svd\">Ur SVD<\/a>:<\/p>\n<blockquote><p>Kulturministerns uttalande om The Pirate Bay visar att makthavarna har sv\u00e5rt att ta del av de nya grupperingar som uppst\u00e5r i samh\u00e4llet, till exempel via internet. D\u00e4rf\u00f6r vill vi bjuda in henne till Venedigbiennalen d\u00e4r TPB kommer att st\u00e4lla ut. Kanske kommer hon att lyssna p\u00e5 oss d\u00e5, skriver Peter Sunde Kolmisoppi.\n<\/p><\/blockquote>\n<p>Det \u00e4r en stor klyfta mellan Internetanv\u00e4ndarna och makthavarna i toppen av samh\u00e4llet.<\/p>\n<p>Fler intressanta blogginl\u00e4ngg i \u00e4mnet:<br \/>\n<a href=\"http:\/\/www.signeratkjellberg.se\/2009\/05\/kulturministern-%C3%A4gnar-sig-%C3%A5t-ministerstyre.html\">Signerat Kjellberg<\/a>, <a href=\"http:\/\/www.whatsupsthlm.se\/pezster\/jav-och-ministerstyre\/1596\">Pezster<\/a>, <a href=\"http:\/\/danielscythe.blogspot.com\/2009\/05\/fler-gar-till-sjoss-och-forklaringar.html\">Daniel Scythe<\/a> och <a href=\"http:\/\/www.metrobloggen.se\/jsp\/public\/permalink.jsp?article=19.9730905\">Andr\u00e9 Gyllenram.<\/a><\/p>\n<p>Relaterat: <a href=\"http:\/\/www.dn.se\/kultur-noje\/adelsohn-liljeroths-pirate-bay-uttalande-uppror-1.873989\">Dagens Nyheter<\/a>, <a href=\"http:\/\/www.dn.se\/kultur-noje\/musik\/kulturministern-ku-anmals-for-positivt-uttalande-om-pirate-bay-domen-1.874325\">Dagens Nyheter 2<\/a>, <a href=\"http:\/\/www.svd.se\/nyheter\/inrikes\/artikel_2961425.svd\">SVD1<\/a> och <a href=\"http:\/\/www.svd.se\/nyheter\/inrikes\/artikel_2960371.svd\">SVD2<\/a> och <a href=\"http:\/\/www.expressen.se\/Nyheter\/1.1584464\/kulturministern-anmals-till-ku\">Expressen<\/a>.<\/p>\n<p>L\u00e4s \u00e4ven andra bloggares \u00e5sikter om <a href=\"http:\/\/bloggar.se\/om\/Pirate+Bay\" rel=\"tag\">Pirate Bay<\/a>, <a href=\"http:\/\/bloggar.se\/om\/kultur\" rel=\"tag\">kultur<\/a>, <a href=\"http:\/\/bloggar.se\/om\/kulturministern\" rel=\"tag\">kulturministern<\/a>, <a href=\"http:\/\/bloggar.se\/om\/politik\" rel=\"tag\">politik<\/a>, <a href=\"http:\/\/bloggar.se\/om\/samh%E4lle\" rel=\"tag\">samh\u00e4lle<\/a>, <a href=\"http:\/\/bloggar.se\/om\/juridik\" rel=\"tag\">juridik<\/a><\/p>\n","protected":false},"excerpt":{"rendered":"<p>Lite rundg\u00e5ng \u00e4r det i medierna nu f\u00f6r tiden. Ig\u00e5r bloggade journalisten Adam Svanell om kulturministerns \u00f6ppna st\u00f6d f\u00f6r antipiratsidan i Pirate Bay-r\u00e4tteg\u00e5ngen och bland annat Kulturbloggen h\u00e4ngde p\u00e5. Idag har hela h\u00f6gen av gammelmedier vaknat.<\/p>\n","protected":false},"author":13,"featured_media":0,"comment_status":"open","ping_status":"open","sticky":false,"template":"","format":"standard","meta":{"_genesis_hide_title":false,"_genesis_hide_breadcrumbs":false,"_genesis_hide_singular_image":false,"_genesis_hide_footer_widgets":false,"_genesis_custom_body_class":"","_genesis_custom_post_class":"","_genesis_layout":"","footnotes":""},"categories":[20],"tags":[2811,3074,3102,4372,12284,4917],"class_list":{"0":"post-9869","1":"post","2":"type-post","3":"status-publish","4":"format-standard","6":"category-film","7":"tag-juridik","8":"tag-kultur","9":"tag-kulturministern","10":"tag-pirate-bay","11":"tag-politik","12":"tag-samhalle","13":"entry"},"_links":{"self":[{"href":"https:\/\/kulturbloggen.com\/index.php?rest_route=\/wp\/v2\/posts\/9869","targetHints":{"allow":["GET"]}}],"collection":[{"href":"https:\/\/kulturbloggen.com\/index.php?rest_route=\/wp\/v2\/posts"}],"about":[{"href":"https:\/\/kulturbloggen.com\/index.php?rest_route=\/wp\/v2\/types\/post"}],"author":[{"embeddable":true,"href":"https:\/\/kulturbloggen.com\/index.php?rest_route=\/wp\/v2\/users\/13"}],"replies":[{"embeddable":true,"href":"https:\/\/kulturbloggen.com\/index.php?rest_route=%2Fwp%2Fv2%2Fcomments&post=9869"}],"version-history":[{"count":0,"href":"https:\/\/kulturbloggen.com\/index.php?rest_route=\/wp\/v2\/posts\/9869\/revisions"}],"wp:attachment":[{"href":"https:\/\/kulturbloggen.com\/index.php?rest_route=%2Fwp%2Fv2%2Fmedia&parent=9869"}],"wp:term":[{"taxonomy":"category","embeddable":true,"href":"https:\/\/kulturbloggen.com\/index.php?rest_route=%2Fwp%2Fv2%2Fcategories&post=9869"},{"taxonomy":"post_tag","embeddable":true,"href":"https:\/\/kulturbloggen.com\/index.php?rest_route=%2Fwp%2Fv2%2Ftags&post=9869"}],"curies":[{"name":"wp","href":"https:\/\/api.w.org\/{rel}","templated":true}]}}