{"id":98601,"date":"2015-11-28T19:13:33","date_gmt":"2015-11-28T18:13:33","guid":{"rendered":"http:\/\/kulturbloggen.com\/?p=98601"},"modified":"2015-11-28T19:14:57","modified_gmt":"2015-11-28T18:14:57","slug":"kaos-i-fredagsmyset-lyckat-drag-att-lyfta-sune-fran-bockerna-och-filmerna-till-teaterscenen","status":"publish","type":"post","link":"https:\/\/kulturbloggen.com\/?p=98601","title":{"rendered":"Kaos i fredagsmyset &#8211; lyckat drag att lyfta Sune fr\u00e5n b\u00f6ckerna och filmerna till teaterscenen"},"content":{"rendered":"<p><a href=\"http:\/\/kulturbloggen.com\/wp-content\/uploads\/2015\/11\/Orlando-G-Bostr\u00f6m0324.jpeg\"><img loading=\"lazy\" decoding=\"async\" src=\"http:\/\/kulturbloggen.com\/wp-content\/uploads\/2015\/11\/Orlando-G-Bostr\u00f6m0324.jpeg\" alt=\"Orlando G Bostr\u00f6m0324\" width=\"450\" height=\"675\" class=\"aligncenter size-full wp-image-98602\" srcset=\"https:\/\/kulturbloggen.com\/wp-content\/uploads\/2015\/11\/Orlando-G-Bostr\u00f6m0324.jpeg 450w, https:\/\/kulturbloggen.com\/wp-content\/uploads\/2015\/11\/Orlando-G-Bostr\u00f6m0324-200x300.jpeg 200w\" sizes=\"auto, (max-width: 450px) 100vw, 450px\" \/><\/a><\/p>\n<p><strong>Kaos i fredagsmyset<\/strong><br \/>\nAv S\u00f6ren Olsson och Anders Jacobsson<br \/>\nRegi Morgan Alling, <\/p>\n<p>Vi m\u00f6ts av en vacker och maffig scenografi i Globens Annexet n\u00e4r vi b\u00e4nkar oss f\u00f6r \u201dSune, kaos i fredagsmyset\u201d. Hangaren Annexet som f\u00f6r kv\u00e4llen f\u00f6rvandlats till en mysig och sp\u00e4nnande ljussatt teaterscen.<\/p>\n<p>Det hela b\u00f6rjar inte s\u00e5 bra, eftersom ljudet strular rej\u00e4lt redan i de inledande replikerna. Ungdomarna i ensemblen f\u00e5r trolla med diverse tricks och improvisationer f\u00f6r att h\u00e5lla publiken p\u00e5 gott hum\u00f6r tills teknikerna lyckats \u00e5tg\u00e4rda problemen. Ljudet \u00e4r ocks\u00e5 genomg\u00e5ende ur balans. Det \u00e4r st\u00f6rande att h\u00f6ra Sunes andetag p\u00e5 h\u00f6gsta volym under f\u00f6rest\u00e4llningen. Och paussignalerna kl\u00e4mmer i s\u00e5 att trumhinnorna \u00e4r p\u00e5 v\u00e4g att brista. Premi\u00e4rstrul med ljudet f\u00e5r vi hoppas och n\u00e5got som teamet f\u00e5r ordning p\u00e5 till kommande f\u00f6rest\u00e4llningar.<\/p>\n<p>Att lyfta Sune fr\u00e5n b\u00f6ckernas och filmens v\u00e4rld till teaterscenen \u00e4r ett lyckat drag. Det k\u00e4nns som om figurerna bara v\u00e4ntat p\u00e5 att f\u00e5 anta m\u00e4nsklig gestalt. Vi k\u00e4nner igen rollfigurerna fr\u00e5n filmens familjen Andersson och samtliga g\u00f6r fina insatser.  William Ringstr\u00f6m som Sune och Morgan Alling som pappa Andersson tar oss med storm. H\u00e4rlig v\u00e4rme, humor och n\u00e4rvaro och de kantrar inte till \u00f6verspel trots allt kaos i fredagsmyset. Hela ensemblen g\u00f6r bra ifr\u00e5n sig.<\/p>\n<p>Manuset \u00e4r smart och roligt och min tolv\u00e5ring som \u00e4r med som teaters\u00e4llskap stortrivs. Det \u00e4r ett omv\u00e4xlande manus, i ena stunden livligt med mycket krasch och bang och i n\u00e4sta stund k\u00e4nslosamt med ton\u00e5rslivets hj\u00e4rta och sm\u00e4rta i fokus.<\/p>\n<p>Flera s\u00e5ng och dans-nummer ger glamour och drag i f\u00f6rest\u00e4llningen. Som vuxen har man en rolig buskisstund och p\u00e5 fr\u00e5gan om tolv\u00e5ringen f\u00f6redrar Sune p\u00e5 film eller teater blir svaret: \u201dTeater alla dagar i veckan!\u201d<\/p>\n<p><a href=\"http:\/\/kulturbloggen.com\/wp-content\/uploads\/2015\/11\/Orlando-G-Bostr\u00f6m0589.jpeg\"><img loading=\"lazy\" decoding=\"async\" src=\"http:\/\/kulturbloggen.com\/wp-content\/uploads\/2015\/11\/Orlando-G-Bostr\u00f6m0589-300x199.jpeg\" alt=\"Orlando G Bostr\u00f6m0589\" width=\"300\" height=\"199\" class=\"alignright size-medium wp-image-98607\" srcset=\"https:\/\/kulturbloggen.com\/wp-content\/uploads\/2015\/11\/Orlando-G-Bostr\u00f6m0589-300x199.jpeg 300w, https:\/\/kulturbloggen.com\/wp-content\/uploads\/2015\/11\/Orlando-G-Bostr\u00f6m0589.jpeg 450w\" sizes=\"auto, (max-width: 300px) 100vw, 300px\" \/><\/a>Att det kan vara bra med mer teater i familjens repertoar visar ocks\u00e5 kommentaren: \u201dDet h\u00e4r \u00e4r ju som 3D!\u201d<\/p>\n<p>Vi vill g\u00e4rna rekommendera \u201dSune, kaos i fredagsmyset\u201d som en gemensam familjeupplevelse. Det blir garanterat m\u00e5nga skratt och en festlig stund tillsammans. Dock \u00e4r biljettpriset i h\u00f6gsta laget och det \u00e4r trist n\u00e4r det h\u00f6ga priset s\u00e4tter stopp f\u00f6r en fin kulturupplevelse f\u00f6r m\u00e5nga familjer.<\/p>\n<p>I huvudrollerna: Morgan Alling (pappa Rudolf), William Ringstr\u00f6m (Sune), Mirja Turestedt (mamma Karin), Happy Jankell (storasyster Anna), Kassel Ulving och Bastian L\u00f6nner (H\u00e5kan Br\u00e5kan).<br \/>\nI \u00f6vriga roller: Sara Persson, M\u00e5ns Nathanaelson, G\u00f6ran Gillinger, Sandra Cam\u00e9nisch, Axel Mattson, Felicia Cedergren och Clara Wettergren.<\/p>\n","protected":false},"excerpt":{"rendered":"<p>Kaos i fredagsmyset Av S\u00f6ren Olsson och Anders Jacobsson Regi Morgan Alling, Vi m\u00f6ts av en vacker och maffig scenografi i Globens Annexet n\u00e4r vi b\u00e4nkar oss f\u00f6r \u201dSune, kaos i fredagsmyset\u201d. Hangaren Annexet som f\u00f6r kv\u00e4llen f\u00f6rvandlats till en mysig och sp\u00e4nnande ljussatt teaterscen. Det hela b\u00f6rjar inte s\u00e5 bra, eftersom ljudet strular rej\u00e4lt [&hellip;]<\/p>\n","protected":false},"author":13,"featured_media":0,"comment_status":"open","ping_status":"open","sticky":false,"template":"","format":"standard","meta":{"_genesis_hide_title":false,"_genesis_hide_breadcrumbs":false,"_genesis_hide_singular_image":false,"_genesis_hide_footer_widgets":false,"_genesis_custom_body_class":"","_genesis_custom_post_class":"","_genesis_layout":"","footnotes":""},"categories":[16,20,30,31],"tags":[543,4955,12514,12288],"class_list":{"0":"post-98601","1":"post","2":"type-post","3":"status-publish","4":"format-standard","6":"category-recension","7":"category-film","8":"category-teater","9":"category-teaterrecension","10":"tag-barnteater","11":"tag-scenkonst","12":"tag-sune","13":"tag-teater","14":"entry"},"_links":{"self":[{"href":"https:\/\/kulturbloggen.com\/index.php?rest_route=\/wp\/v2\/posts\/98601","targetHints":{"allow":["GET"]}}],"collection":[{"href":"https:\/\/kulturbloggen.com\/index.php?rest_route=\/wp\/v2\/posts"}],"about":[{"href":"https:\/\/kulturbloggen.com\/index.php?rest_route=\/wp\/v2\/types\/post"}],"author":[{"embeddable":true,"href":"https:\/\/kulturbloggen.com\/index.php?rest_route=\/wp\/v2\/users\/13"}],"replies":[{"embeddable":true,"href":"https:\/\/kulturbloggen.com\/index.php?rest_route=%2Fwp%2Fv2%2Fcomments&post=98601"}],"version-history":[{"count":5,"href":"https:\/\/kulturbloggen.com\/index.php?rest_route=\/wp\/v2\/posts\/98601\/revisions"}],"predecessor-version":[{"id":98608,"href":"https:\/\/kulturbloggen.com\/index.php?rest_route=\/wp\/v2\/posts\/98601\/revisions\/98608"}],"wp:attachment":[{"href":"https:\/\/kulturbloggen.com\/index.php?rest_route=%2Fwp%2Fv2%2Fmedia&parent=98601"}],"wp:term":[{"taxonomy":"category","embeddable":true,"href":"https:\/\/kulturbloggen.com\/index.php?rest_route=%2Fwp%2Fv2%2Fcategories&post=98601"},{"taxonomy":"post_tag","embeddable":true,"href":"https:\/\/kulturbloggen.com\/index.php?rest_route=%2Fwp%2Fv2%2Ftags&post=98601"}],"curies":[{"name":"wp","href":"https:\/\/api.w.org\/{rel}","templated":true}]}}