{"id":98191,"date":"2015-11-15T11:27:55","date_gmt":"2015-11-15T10:27:55","guid":{"rendered":"http:\/\/kulturbloggen.com\/?p=98191"},"modified":"2015-11-22T13:06:09","modified_gmt":"2015-11-22T12:06:09","slug":"recension-och-bildgalleri-madonna-i-stockholm","status":"publish","type":"post","link":"https:\/\/kulturbloggen.com\/?p=98191","title":{"rendered":"Recension och bildgalleri: Madonna i Stockholm"},"content":{"rendered":"<p><img loading=\"lazy\" decoding=\"async\" class=\"aligncenter size-medium wp-image-98196\" src=\"http:\/\/kulturbloggen.com\/wp-content\/uploads\/2015\/11\/madonna5-300x225.jpg\" alt=\"madonna5\" width=\"300\" height=\"225\" srcset=\"https:\/\/kulturbloggen.com\/wp-content\/uploads\/2015\/11\/madonna5-300x225.jpg 300w, https:\/\/kulturbloggen.com\/wp-content\/uploads\/2015\/11\/madonna5.jpg 960w\" sizes=\"auto, (max-width: 300px) 100vw, 300px\" \/><\/p>\n<p>Madonna p\u00e5 Tele2 Arena i Stockholm<br \/>\n14 november 2015<br \/>\nShowen f\u00e5r betyg 4, musiken f\u00e5r betyg 2<\/p>\n<p>Det \u00e4r en l\u00f6rdagskv\u00e4ll i Stockholm, men inte vilken l\u00f6rdagskv\u00e4ll som helst. Madonna \u00e4r i stan f\u00f6r att g\u00f6ra sin show f\u00f6r f\u00f6rsta g\u00e5ngen i Stockholm, och det \u00e4r dagen efter de fruktansv\u00e4rde terrord\u00e5den i Paris, en attack som drabbade bes\u00f6kare p\u00e5 en rockkonsert allra h\u00e5rdast. Min lust att g\u00e5 p\u00e5 en konsert var helt bortbl\u00e5st, och jag tror att m\u00e5nga k\u00e4nde samma sak. \u00c4nd\u00e5 best\u00e4mde jag mig f\u00f6r att g\u00e5 och det gjorde \u00f6ver 40 000 andra ocks\u00e5. Att terroristerna valda att bland annat attackera en konsert, gjorde att k\u00e4nslan att det var viktigt att g\u00e5, stark. Det k\u00e4ndes faktiskt som att det aldrig varit viktigare att g\u00e5 p\u00e5 en Madonna-konsert. <\/p>\n<p>Madonna show \u00e4r just det en show, v\u00e4rdig vilken Las Vegas-scen som helst. Med 14 dansare p\u00e5 scenen, \u00e4r det ett v\u00e4loljat maskineri som rullar ig\u00e5ng. \u00d6ppningsnumret \u00e4r snyggt, s\u00e5 snyggt att musiken blir ett bihang, och just detta \u00e4r ett problem med stora delar av showen. Det blir en h\u00e4ftig show, medan publiken inte kan den nya skivan. \u00c4nd\u00e5 \u00e4r jag tacksam f\u00f6r den snygga f\u00f6rpackninge, besk medicin \u00e4r l\u00e4ttare att sv\u00e4lja med socker. N\u00e4r Madonna viskar fram \u201dJesus loves my pussy best\u201d liggandes p\u00e5 ett l\u00e5ngbord av guld, k\u00e4nns det som effekts\u00f6keri. <\/p>\n<p>Terrord\u00e5den i Paris fanns hela tiden som en elefant i rummet. Den finns d\u00e4r som ett st\u00f6relsemoment, och Madonna sk\u00e4ller lite under motorverkstadsdelen, att publiken inte uppskattar det h\u00e5rda arbetet som sker p\u00e5 scenen.  Konserten lyfter lite under en latinodel med La isla bonita och dress you up.  N\u00e4r Madonna h\u00e5ller ett personligt tal om d\u00e5den i Paris och att hennes f\u00f6rsta k\u00e4nsla var att st\u00e4lla in kv\u00e4llens konsert, s\u00e5 exploderar konserten i k\u00e4rlek och k\u00e4nslor efter den tysta minuten som h\u00e5lls.  I en arena med 40 000 \u00e5sk\u00e5dare blir det s\u00e5 tyst att en du skulle h\u00f6rt en n\u00e5l falla,. Efterf\u00f6ljande Like a prayer, blir just en b\u00f6n och \u00f6nskan om k\u00e4rlek och medm\u00e4nsklighet, kv\u00e4llens absoluta h\u00f6jdpunkt. <\/p>\n<p><strong>Spellista<\/strong><br \/>\nIconic<br \/>\nBitch I&#8217;m Madonna<br \/>\nBurning Up<br \/>\nHoly Water<br \/>\nDevil Pray<br \/>\nMessiah (video)<br \/>\nBody Shop<br \/>\nTrue Blue<br \/>\nDeeper and Deeper<br \/>\nHeartBreakCity<br \/>\nLike a Virgin<br \/>\nS.E.X. (video)<br \/>\nLiving for Love<br \/>\nLa Isla Bonita<br \/>\nDress You Up<br \/>\nLike a Prayer (kv\u00e4llen h\u00f6jdpunkt, ing\u00e5r inte i den ordinarie spellistan)<br \/>\nRebel Heart<br \/>\nIlluminati<br \/>\nMusic<br \/>\nCandy Shop<br \/>\nMaterial Girl<br \/>\nLa vie en rose (en Edit Piaff-cover)<br \/>\nUnapologetic Bitch<br \/>\nHoliday<\/p>\n<p><a href=\"http:\/\/kulturbloggen.com\/wp-content\/uploads\/2015\/11\/madonna.jpg\"><img loading=\"lazy\" decoding=\"async\" class=\"aligncenter size-medium wp-image-98192\" src=\"http:\/\/kulturbloggen.com\/wp-content\/uploads\/2015\/11\/madonna-300x225.jpg\" alt=\"madonna\" width=\"300\" height=\"225\" srcset=\"https:\/\/kulturbloggen.com\/wp-content\/uploads\/2015\/11\/madonna-300x225.jpg 300w, https:\/\/kulturbloggen.com\/wp-content\/uploads\/2015\/11\/madonna.jpg 960w\" sizes=\"auto, (max-width: 300px) 100vw, 300px\" \/><\/a><\/p>\n<p><a href=\"http:\/\/kulturbloggen.com\/wp-content\/uploads\/2015\/11\/madonna2.jpg\"><img loading=\"lazy\" decoding=\"async\" class=\"aligncenter size-medium wp-image-98193\" src=\"http:\/\/kulturbloggen.com\/wp-content\/uploads\/2015\/11\/madonna2-300x225.jpg\" alt=\"madonna2\" width=\"300\" height=\"225\" srcset=\"https:\/\/kulturbloggen.com\/wp-content\/uploads\/2015\/11\/madonna2-300x225.jpg 300w, https:\/\/kulturbloggen.com\/wp-content\/uploads\/2015\/11\/madonna2.jpg 960w\" sizes=\"auto, (max-width: 300px) 100vw, 300px\" \/><\/a><\/p>\n<p><a href=\"http:\/\/kulturbloggen.com\/wp-content\/uploads\/2015\/11\/madonna3.jpg\"><img loading=\"lazy\" decoding=\"async\" class=\"aligncenter size-medium wp-image-98194\" src=\"http:\/\/kulturbloggen.com\/wp-content\/uploads\/2015\/11\/madonna3-300x225.jpg\" alt=\"madonna3\" width=\"300\" height=\"225\" srcset=\"https:\/\/kulturbloggen.com\/wp-content\/uploads\/2015\/11\/madonna3-300x225.jpg 300w, https:\/\/kulturbloggen.com\/wp-content\/uploads\/2015\/11\/madonna3.jpg 960w\" sizes=\"auto, (max-width: 300px) 100vw, 300px\" \/><\/a><\/p>\n<p><a href=\"http:\/\/kulturbloggen.com\/wp-content\/uploads\/2015\/11\/madonna4.jpg\"><img loading=\"lazy\" decoding=\"async\" class=\"aligncenter size-medium wp-image-98195\" src=\"http:\/\/kulturbloggen.com\/wp-content\/uploads\/2015\/11\/madonna4-300x225.jpg\" alt=\"madonna4\" width=\"300\" height=\"225\" srcset=\"https:\/\/kulturbloggen.com\/wp-content\/uploads\/2015\/11\/madonna4-300x225.jpg 300w, https:\/\/kulturbloggen.com\/wp-content\/uploads\/2015\/11\/madonna4.jpg 960w\" sizes=\"auto, (max-width: 300px) 100vw, 300px\" \/><\/a><\/p>\n<p>&nbsp;<\/p>\n<p><a href=\"http:\/\/kulturbloggen.com\/wp-content\/uploads\/2015\/11\/madonna6.jpg\"><img loading=\"lazy\" decoding=\"async\" class=\"aligncenter size-medium wp-image-98197\" src=\"http:\/\/kulturbloggen.com\/wp-content\/uploads\/2015\/11\/madonna6-300x225.jpg\" alt=\"madonna6\" width=\"300\" height=\"225\" srcset=\"https:\/\/kulturbloggen.com\/wp-content\/uploads\/2015\/11\/madonna6-300x225.jpg 300w, https:\/\/kulturbloggen.com\/wp-content\/uploads\/2015\/11\/madonna6.jpg 960w\" sizes=\"auto, (max-width: 300px) 100vw, 300px\" \/><\/a><\/p>\n<p><a href=\"http:\/\/kulturbloggen.com\/wp-content\/uploads\/2015\/11\/madonnamadonna.jpg\"><img loading=\"lazy\" decoding=\"async\" class=\"aligncenter size-medium wp-image-98198\" src=\"http:\/\/kulturbloggen.com\/wp-content\/uploads\/2015\/11\/madonnamadonna-300x225.jpg\" alt=\"madonnamadonna\" width=\"300\" height=\"225\" srcset=\"https:\/\/kulturbloggen.com\/wp-content\/uploads\/2015\/11\/madonnamadonna-300x225.jpg 300w, https:\/\/kulturbloggen.com\/wp-content\/uploads\/2015\/11\/madonnamadonna.jpg 960w\" sizes=\"auto, (max-width: 300px) 100vw, 300px\" \/><\/a><\/p>\n","protected":false},"excerpt":{"rendered":"<p>Madonna p\u00e5 Tele2 Arena i Stockholm 14 november 2015 Showen f\u00e5r betyg 4, musiken f\u00e5r betyg 2 Det \u00e4r en l\u00f6rdagskv\u00e4ll i Stockholm, men inte vilken l\u00f6rdagskv\u00e4ll som helst. Madonna \u00e4r i stan f\u00f6r att g\u00f6ra sin show f\u00f6r f\u00f6rsta g\u00e5ngen i Stockholm, och det \u00e4r dagen efter de fruktansv\u00e4rde terrord\u00e5den i Paris, en attack [&hellip;]<\/p>\n","protected":false},"author":12,"featured_media":0,"comment_status":"open","ping_status":"open","sticky":false,"template":"","format":"standard","meta":{"_genesis_hide_title":false,"_genesis_hide_breadcrumbs":false,"_genesis_hide_singular_image":false,"_genesis_hide_footer_widgets":false,"_genesis_custom_body_class":"","_genesis_custom_post_class":"","_genesis_layout":"","footnotes":""},"categories":[7],"tags":[3000,3433,12282,12285],"class_list":{"0":"post-98191","1":"post","2":"type-post","3":"status-publish","4":"format-standard","6":"category-musik","7":"tag-konsert","8":"tag-madonna","9":"tag-musik","10":"tag-recension","11":"entry"},"_links":{"self":[{"href":"https:\/\/kulturbloggen.com\/index.php?rest_route=\/wp\/v2\/posts\/98191","targetHints":{"allow":["GET"]}}],"collection":[{"href":"https:\/\/kulturbloggen.com\/index.php?rest_route=\/wp\/v2\/posts"}],"about":[{"href":"https:\/\/kulturbloggen.com\/index.php?rest_route=\/wp\/v2\/types\/post"}],"author":[{"embeddable":true,"href":"https:\/\/kulturbloggen.com\/index.php?rest_route=\/wp\/v2\/users\/12"}],"replies":[{"embeddable":true,"href":"https:\/\/kulturbloggen.com\/index.php?rest_route=%2Fwp%2Fv2%2Fcomments&post=98191"}],"version-history":[{"count":3,"href":"https:\/\/kulturbloggen.com\/index.php?rest_route=\/wp\/v2\/posts\/98191\/revisions"}],"predecessor-version":[{"id":98206,"href":"https:\/\/kulturbloggen.com\/index.php?rest_route=\/wp\/v2\/posts\/98191\/revisions\/98206"}],"wp:attachment":[{"href":"https:\/\/kulturbloggen.com\/index.php?rest_route=%2Fwp%2Fv2%2Fmedia&parent=98191"}],"wp:term":[{"taxonomy":"category","embeddable":true,"href":"https:\/\/kulturbloggen.com\/index.php?rest_route=%2Fwp%2Fv2%2Fcategories&post=98191"},{"taxonomy":"post_tag","embeddable":true,"href":"https:\/\/kulturbloggen.com\/index.php?rest_route=%2Fwp%2Fv2%2Ftags&post=98191"}],"curies":[{"name":"wp","href":"https:\/\/api.w.org\/{rel}","templated":true}]}}