{"id":97849,"date":"2015-10-30T16:00:49","date_gmt":"2015-10-30T15:00:49","guid":{"rendered":"http:\/\/kulturbloggen.com\/?p=97849"},"modified":"2015-11-22T13:07:11","modified_gmt":"2015-11-22T12:07:11","slug":"filmrecension-efterskalv-tar-upp-ett-viktigt-amne-men-har-en-del-trovardighetsproblem","status":"publish","type":"post","link":"https:\/\/kulturbloggen.com\/?p=97849","title":{"rendered":"Filmrecension: Efterskalv tar upp ett viktigt \u00e4mne men har en del trov\u00e4rdighetsproblem"},"content":{"rendered":"<p><a href=\"http:\/\/kulturbloggen.com\/wp-content\/uploads\/2015\/10\/efterskalv.jpg\"><img loading=\"lazy\" decoding=\"async\" src=\"http:\/\/kulturbloggen.com\/wp-content\/uploads\/2015\/10\/efterskalv-300x166.jpg\" alt=\"efterskalv\" width=\"300\" height=\"166\" class=\"aligncenter size-medium wp-image-97851\" srcset=\"https:\/\/kulturbloggen.com\/wp-content\/uploads\/2015\/10\/efterskalv-300x166.jpg 300w, https:\/\/kulturbloggen.com\/wp-content\/uploads\/2015\/10\/efterskalv-1024x566.jpg 1024w, https:\/\/kulturbloggen.com\/wp-content\/uploads\/2015\/10\/efterskalv.jpg 1140w\" sizes=\"auto, (max-width: 300px) 100vw, 300px\" \/><\/a><\/p>\n<p>Efterskalv<br \/>\nBetyg 3<br \/>\nSvensk biopremi\u00e4r den 20 november 2015<br \/>\nRegi Magnus von Horn<\/p>\n<p>Efter att ha avtj\u00e4nat ett f\u00e4ngelsestraff p\u00e5 en ungdomsanstalt \u00e5terv\u00e4nder John (spelas av Ulrik Munther) till sin hemby f\u00f6r att b\u00f6rja ett nytt liv. Han flyttar hem till sin far, som har sv\u00e5rt att hantera skammen f\u00f6r sin son. F\u00f6r Johns brott \u00e4r varken gl\u00f6mt eller f\u00f6rl\u00e5tet i byn. John k\u00e4nner sig \u00f6vergiven av de som st\u00e5tt honom n\u00e4rmast och i takt med att hoppl\u00f6sheten \u00f6kar s\u00e5 v\u00e4xer ocks\u00e5 ilskan. Samma ilska som skickade honom i f\u00e4ngelse. Of\u00f6rm\u00f6gen att l\u00e4mna det f\u00f6rflutna bakom sig tar John beslutet att konfrontera situationen en g\u00e5ng f\u00f6r alla.<\/p>\n<p>Efterskalv \u00e4r fotom\u00e4ssigt snygg och v\u00e4lgjord och har ett ganska lugnt tempo som ger tid f\u00f6r eftertanke \u00e5t den stora fr\u00e5gan om det \u00e4r m\u00f6jligt med f\u00f6rl\u00e5telse. Filmen har dock n\u00e5gra r\u00e4tt stora trov\u00e4rdighetsproblem som g\u00f6r att den inte n\u00e5r toppbetygen men \u00e4nd\u00e5 \u00e4r godk\u00e4nd.<\/p>\n<p><a href=\"http:\/\/kulturbloggen.com\/wp-content\/uploads\/2015\/10\/efterskalv2.jpg\"><img loading=\"lazy\" decoding=\"async\" src=\"http:\/\/kulturbloggen.com\/wp-content\/uploads\/2015\/10\/efterskalv2-300x169.jpg\" alt=\"efterskalv2\" width=\"300\" height=\"169\" class=\"alignright size-medium wp-image-97854\" srcset=\"https:\/\/kulturbloggen.com\/wp-content\/uploads\/2015\/10\/efterskalv2-300x169.jpg 300w, https:\/\/kulturbloggen.com\/wp-content\/uploads\/2015\/10\/efterskalv2.jpg 787w\" sizes=\"auto, (max-width: 300px) 100vw, 300px\" \/><\/a>John kommer tillbaka till sin hembygd d\u00e4r han har d\u00f6dat (eller m\u00f6rdat) en ung flicka. Hemmet ligger p\u00e5 en liten ort n\u00e5gonstans i Sverige, var f\u00f6r vi aldrig veta. Vi f\u00e5r veta att John orsakat att en ung flicka dog. Han kommer tillbaka till sin pappa och lillebror och b\u00f6rjar i sin gamla skola. Det \u00e4r lite konstigt att han b\u00f6rjar i den skolmilj\u00f6 d\u00e4r alla k\u00e4nner b\u00e5de honom och flickan han d\u00f6dade. Redan det g\u00f6r filmens handling sv\u00e5r att tro p\u00e5. Att en pojke skulle b\u00f6rja i sin gamla skola och det utan n\u00e5gon st\u00f6rre hj\u00e4lp av psykologer och sociologer med mera, vara sig f\u00f6r honom eller alla i skolan som ber\u00f6rs av det hemska som intr\u00e4ffat &#8211; det \u00e4r sv\u00e5rt att tro p\u00e5.<\/p>\n<p>N\u00e4sta sak som \u00e4r sv\u00e5r att tro p\u00e5 \u00e4r sj\u00e4lva skolan. John liksom hans klasskamrater kan k\u00f6ra bil, allts\u00e5 m\u00e5ste de vara 18 \u00e5r. D\u00e5 borde de g\u00e5 i gymnasiet. Skolan ser inte direkt ut att vara n\u00e5got gymnasium och dessutom g\u00e5r Johns lillebror Filip d\u00e4r. Filip \u00e4r alldeles f\u00f6r liten f\u00f6r att g\u00e5 i gymnasiet. Allt \u00e4r v\u00e4ldigt luddigt beskrivet och d\u00e4rf\u00f6r vet vi inte hur gammal n\u00e5gon \u00e4r, men Filip ser ut att vara ett mellanstadiebarn. Det \u00e4r en styrka i filmen att mycket \u00e4r lite vagt, vi f\u00e5r d\u00e4rmed chans att sj\u00e4lva tolka en del. Men en skola d\u00e4r b\u00e5de gymnasieelever g\u00e5r och mellanstadiebarn \u00e4r inte s\u00e4rskilt vanlig. Det \u00e4r sv\u00e5rt att tro p\u00e5 skolan.<\/p>\n<p>Tv\u00e5 s\u00e5 stora f\u00f6ruts\u00e4ttningar f\u00f6r handlingen g\u00f6r att den redan fr\u00e5n b\u00f6rjan blir sv\u00e5r att tro p\u00e5. \u00c4mnet \u00e4r viktigt och det finns flera tr\u00e5dar att fundera vidare p\u00e5. John verkar ha mycket sv\u00e5rt att visa sina k\u00e4nslor och hans familj verkar ha sv\u00e5rt att prata om sina problem med varandra. D\u00e4r finns inte heller n\u00e5gon kvinna i familjen. Var mamman \u00e4r ber\u00f6rs aldrig. Det \u00e4r f\u00f6rst\u00e5s medvetet av regiss\u00f6ren och s\u00e4ger v\u00e4l n\u00e5got ocks\u00e5 om vad handlingen vill ber\u00e4tta om.<\/p>\n<p>Det finns ocks\u00e5 en tredje grundf\u00f6ruts\u00e4ttningen i handlingen \u00e4r som sv\u00e5r att riktigt tro p\u00e5. John har varit tv\u00e5 \u00e5r p\u00e5 ungdomsanstalten. Skulle ett mord bara ge tv\u00e5 \u00e5r? Fast det \u00e4r klart, det \u00e4r m\u00f6jligt om han ans\u00e5gs inte ha varit i psykisk balans.<\/p>\n<p>Ulrik Munther ser v\u00e4ldigt s\u00f6t och sn\u00e4ll ut. Det \u00e4r sv\u00e5rt att se honom som en m\u00f6rdare. Det \u00e4r bra, f\u00f6r vem som kan vara kapabel att d\u00f6da n\u00e5gon syns inte utanp\u00e5, en m\u00f6jlig m\u00f6rdare ser inte ut p\u00e5 n\u00e5got s\u00e4rskilt s\u00e4tt. Ulrik Munther spelar r\u00e4tt stelt och det tror jag \u00e4r meningen. John verkar ha sv\u00e5rt att visa sina k\u00e4nslor. Det kan vara ett sk\u00e4l till att han kan explodera i sin ilska som han samlar p\u00e5 sig ist\u00e4llet f\u00f6r att prata om sina k\u00e4nslor och ta itu med situationerna direkt.<\/p>\n<p>Filmen tar upp ett viktigt \u00e4mne, eller egentligen flera viktiga \u00e4mnen. Det jag framf\u00f6r allt t\u00e4nker p\u00e5 \u00e4r hur vi i samh\u00e4llet tar hand om m\u00e4nniskor efter ett tragedi har intr\u00e4ffat. Vad g\u00f6rs f\u00f6r att den som beg\u00e5tt ett sv\u00e5rt brott kan komma tillbaka i samh\u00e4llet, vad g\u00f6rs f\u00f6r att de som blivit skadade och utsatta f\u00f6r brottet ska klara av att m\u00f6ta f\u00f6r\u00f6varen? Ska de ens beh\u00f6va m\u00f6ta f\u00f6r\u00f6varen? <\/p>\n<p><iframe loading=\"lazy\" width=\"560\" height=\"315\" src=\"https:\/\/www.youtube.com\/embed\/XHJ8YYgl3Hs\" frameborder=\"0\" allowfullscreen><\/iframe><\/p>\n","protected":false},"excerpt":{"rendered":"<p>Efterskalv Betyg 3 Svensk biopremi\u00e4r den 20 november 2015 Regi Magnus von Horn Efter att ha avtj\u00e4nat ett f\u00e4ngelsestraff p\u00e5 en ungdomsanstalt \u00e5terv\u00e4nder John (spelas av Ulrik Munther) till sin hemby f\u00f6r att b\u00f6rja ett nytt liv. Han flyttar hem till sin far, som har sv\u00e5rt att hantera skammen f\u00f6r sin son. F\u00f6r Johns brott [&hellip;]<\/p>\n","protected":false},"author":2,"featured_media":0,"comment_status":"open","ping_status":"open","sticky":false,"template":"","format":"standard","meta":{"_genesis_hide_title":false,"_genesis_hide_breadcrumbs":false,"_genesis_hide_singular_image":false,"_genesis_hide_footer_widgets":false,"_genesis_custom_body_class":"","_genesis_custom_post_class":"","_genesis_layout":"","footnotes":""},"categories":[50,51,20],"tags":[12441,1738,12286,6072],"class_list":{"0":"post-97849","1":"post","2":"type-post","3":"status-publish","4":"format-standard","6":"category-filmfilm","7":"category-filmer","8":"category-film","9":"tag-efterskalv","10":"tag-filmrecension","11":"tag-film","12":"tag-ulrik-munther","13":"entry"},"_links":{"self":[{"href":"https:\/\/kulturbloggen.com\/index.php?rest_route=\/wp\/v2\/posts\/97849","targetHints":{"allow":["GET"]}}],"collection":[{"href":"https:\/\/kulturbloggen.com\/index.php?rest_route=\/wp\/v2\/posts"}],"about":[{"href":"https:\/\/kulturbloggen.com\/index.php?rest_route=\/wp\/v2\/types\/post"}],"author":[{"embeddable":true,"href":"https:\/\/kulturbloggen.com\/index.php?rest_route=\/wp\/v2\/users\/2"}],"replies":[{"embeddable":true,"href":"https:\/\/kulturbloggen.com\/index.php?rest_route=%2Fwp%2Fv2%2Fcomments&post=97849"}],"version-history":[{"count":4,"href":"https:\/\/kulturbloggen.com\/index.php?rest_route=\/wp\/v2\/posts\/97849\/revisions"}],"predecessor-version":[{"id":97855,"href":"https:\/\/kulturbloggen.com\/index.php?rest_route=\/wp\/v2\/posts\/97849\/revisions\/97855"}],"wp:attachment":[{"href":"https:\/\/kulturbloggen.com\/index.php?rest_route=%2Fwp%2Fv2%2Fmedia&parent=97849"}],"wp:term":[{"taxonomy":"category","embeddable":true,"href":"https:\/\/kulturbloggen.com\/index.php?rest_route=%2Fwp%2Fv2%2Fcategories&post=97849"},{"taxonomy":"post_tag","embeddable":true,"href":"https:\/\/kulturbloggen.com\/index.php?rest_route=%2Fwp%2Fv2%2Ftags&post=97849"}],"curies":[{"name":"wp","href":"https:\/\/api.w.org\/{rel}","templated":true}]}}