{"id":97790,"date":"2015-10-28T07:25:50","date_gmt":"2015-10-28T06:25:50","guid":{"rendered":"http:\/\/kulturbloggen.com\/?p=97790"},"modified":"2015-10-28T07:26:42","modified_gmt":"2015-10-28T06:26:42","slug":"anna-von-hausswolff-spelar-pa-dramaten","status":"publish","type":"post","link":"https:\/\/kulturbloggen.com\/?p=97790","title":{"rendered":"Anna von Hausswolff spelar p\u00e5 Dramaten"},"content":{"rendered":"<p><a href=\"http:\/\/kulturbloggen.com\/wp-content\/uploads\/2015\/10\/annavonhauswolff_dramaten.jpg\"><img loading=\"lazy\" decoding=\"async\" src=\"http:\/\/kulturbloggen.com\/wp-content\/uploads\/2015\/10\/annavonhauswolff_dramaten-300x194.jpg\" alt=\"annavonhauswolff_dramaten\" width=\"300\" height=\"194\" class=\"aligncenter size-medium wp-image-97796\" srcset=\"https:\/\/kulturbloggen.com\/wp-content\/uploads\/2015\/10\/annavonhauswolff_dramaten-300x194.jpg 300w, https:\/\/kulturbloggen.com\/wp-content\/uploads\/2015\/10\/annavonhauswolff_dramaten.jpg 800w\" sizes=\"auto, (max-width: 300px) 100vw, 300px\" \/><\/a><\/p>\n<p>nna von Hausswolff, aktuell med albumet The Miraculous, ger en konsert p\u00e5 Dramatens stora scen den 25 januari 2016.<\/p>\n<p>Ett pressmeddelande ber\u00e4ttar:<br \/>\nAnna von Hausswolff slog igenom 2009 med en sm\u00e5tt legendarisk spelning i Annedalskyrkan i G\u00f6teborg under Way Out West. Debutalbumet Singing From The Grave kom 2010. P\u00e5 uppf\u00f6ljaren Ceremony 2012 b\u00f6rjade hon anv\u00e4nda kyrkorglar, n\u00e5got hon \u00e5terkommit till p\u00e5 nya skivan som \u00e4r inspelad p\u00e5 Sveriges st\u00f6rsta konserthusorgel i Studio Acusticum i Pite\u00e5. The Miraculous, med releasedatum 13 november, \u00e4r bland annat inspirerad av en speciell plats som varit samlingspunkt f\u00f6r verkliga och mindre verkliga ber\u00e4ttelser i Annas sl\u00e4kt, och av Walter Ljungquist bok K\u00e4llan. Soundet \u00e4r storslaget och mystiskt. <\/p>\n<p>Under de senaste \u00e5ren har Anna von Hausswolff turn\u00e9rat v\u00e4rlden \u00f6ver, b\u00e5de som huvudakt och tillsammans med artister som Efterklang.<\/p>\n<p>P\u00e5 Dramaten upptr\u00e4der hon med en \u00e5tta personer stark orkester.<\/p>\n<p>F\u00f6rband \u00e4r BERG (Christian Berg fr\u00e5n bandet Kite), som \u00e4r knuten till Anna von Hausswolffs eget skivbolag Pomperipossa Records.<\/p>\n<p><iframe loading=\"lazy\" width=\"560\" height=\"315\" src=\"https:\/\/www.youtube.com\/embed\/TU07z8N1V40\" frameborder=\"0\" allowfullscreen><\/iframe><\/p>\n","protected":false},"excerpt":{"rendered":"<p>nna von Hausswolff, aktuell med albumet The Miraculous, ger en konsert p\u00e5 Dramatens stora scen den 25 januari 2016. Ett pressmeddelande ber\u00e4ttar: Anna von Hausswolff slog igenom 2009 med en sm\u00e5tt legendarisk spelning i Annedalskyrkan i G\u00f6teborg under Way Out West. Debutalbumet Singing From The Grave kom 2010. P\u00e5 uppf\u00f6ljaren Ceremony 2012 b\u00f6rjade hon anv\u00e4nda [&hellip;]<\/p>\n","protected":false},"author":13,"featured_media":0,"comment_status":"open","ping_status":"open","sticky":false,"template":"","format":"standard","meta":{"_genesis_hide_title":false,"_genesis_hide_breadcrumbs":false,"_genesis_hide_singular_image":false,"_genesis_hide_footer_widgets":false,"_genesis_custom_body_class":"","_genesis_custom_post_class":"","_genesis_layout":"","footnotes":""},"categories":[7],"tags":[316,1366],"class_list":{"0":"post-97790","1":"post","2":"type-post","3":"status-publish","4":"format-standard","6":"category-musik","7":"tag-anna-von-hausswolff","8":"tag-dramaten","9":"entry"},"_links":{"self":[{"href":"https:\/\/kulturbloggen.com\/index.php?rest_route=\/wp\/v2\/posts\/97790","targetHints":{"allow":["GET"]}}],"collection":[{"href":"https:\/\/kulturbloggen.com\/index.php?rest_route=\/wp\/v2\/posts"}],"about":[{"href":"https:\/\/kulturbloggen.com\/index.php?rest_route=\/wp\/v2\/types\/post"}],"author":[{"embeddable":true,"href":"https:\/\/kulturbloggen.com\/index.php?rest_route=\/wp\/v2\/users\/13"}],"replies":[{"embeddable":true,"href":"https:\/\/kulturbloggen.com\/index.php?rest_route=%2Fwp%2Fv2%2Fcomments&post=97790"}],"version-history":[{"count":4,"href":"https:\/\/kulturbloggen.com\/index.php?rest_route=\/wp\/v2\/posts\/97790\/revisions"}],"predecessor-version":[{"id":97798,"href":"https:\/\/kulturbloggen.com\/index.php?rest_route=\/wp\/v2\/posts\/97790\/revisions\/97798"}],"wp:attachment":[{"href":"https:\/\/kulturbloggen.com\/index.php?rest_route=%2Fwp%2Fv2%2Fmedia&parent=97790"}],"wp:term":[{"taxonomy":"category","embeddable":true,"href":"https:\/\/kulturbloggen.com\/index.php?rest_route=%2Fwp%2Fv2%2Fcategories&post=97790"},{"taxonomy":"post_tag","embeddable":true,"href":"https:\/\/kulturbloggen.com\/index.php?rest_route=%2Fwp%2Fv2%2Ftags&post=97790"}],"curies":[{"name":"wp","href":"https:\/\/api.w.org\/{rel}","templated":true}]}}