{"id":9767,"date":"2009-05-24T09:35:29","date_gmt":"2009-05-24T07:35:29","guid":{"rendered":"http:\/\/kulturbloggen.com\/?p=9767"},"modified":"2009-05-24T09:35:29","modified_gmt":"2009-05-24T07:35:29","slug":"pepp-march-for-art-jari-haapalainen-och-robinson-tecken-i-tiden","status":"publish","type":"post","link":"https:\/\/kulturbloggen.com\/?p=9767","title":{"rendered":"Pepp march for art, Jari Haapalainen och Robinson &#8211; tecken i tiden?"},"content":{"rendered":"<p><img loading=\"lazy\" decoding=\"async\" src=\"http:\/\/sodergren.com\/kulturbloggen\/wp-content\/uploads\/2009\/05\/peppmarch290.jpg\" alt=\"peppmarch290\" title=\"peppmarch290\" width=\"290\" height=\"200\" class=\"alignright size-full wp-image-9777\" \/><br \/>\nEn manifestation eller march f\u00f6r konstn\u00e4rlig frihet arrangerades i Stockholm i l\u00f6rdags, 23 maj. Typiskt. Sj\u00e4lv har jag haft en sk\u00f6n helg i G\u00f6teborg, men \u00e4nd\u00e5: det d\u00e4r t\u00e5get hade jag velat se. Pepp march for art \u00e4r namnet p\u00e5 manifestationen och diskussionerna om konst och kultur och dess fria roll och r\u00e4tt att ifr\u00e5gas\u00e4tta och debattera f\u00e5r aldrig tystas, \u00e4ven om det kan k\u00e4nnas som att kulturutredningen vill b\u00e4dda in den i en tystande mantel av kommersialism.<br \/>\n<!--more--><br \/>\nDet \u00e4r alltid roligt att l\u00e4sa om, tr\u00e4ffa och inspireras av m\u00e4nniskor som ger allt f\u00f6r sin konst. Som Jari Haapalainen i The Bear Quartet. Han har inte bara varit en av de som skapat musiken i 17 \u00e5r f\u00f6r denna egensinniga grupp utan ocks\u00e5 producerat m\u00e5nga andra artisters skivor framg\u00e5ngsrikt, som Eldkvarns &#8221;Atlantis&#8221;.<\/p>\n<p><a href=\"http:\/\/www.dn.se\/kultur-noje\/musik\/jari-haapalainen-ar-100-procent-musik-1.871965\">DN har en l\u00e5ng intervju med Jari<\/a>. Den \u00e4r l\u00e4sv\u00e4rd och intressant. Men i slutet kommer en bra metafor f\u00f6r konflikten mellan konstn\u00e4rlig frihet och att f\u00e5 mat p\u00e5 bordet:<\/p>\n<blockquote><p>N\u00e4r Bear Quartet just nu spelar in sin femtonde skiva ser samarbetet annorlunda ut. Alla i bandet har lika r\u00e4tt, och alla ska f\u00e5 ha med sina id\u00e9er, \u00e4ven om de sk\u00e4r sig.<br \/>\n\u00c5 telefon ber\u00e4ttar Mattias Alkberg att en av Haapalainens st\u00f6rsta tillg\u00e5ngar \u00e4r hans enorma uth\u00e5llighet. Han \u00e4r beredd att jobba h\u00e5rt och l\u00e4nge f\u00f6r att uppn\u00e5 sitt m\u00e5l \u2013 att g\u00f6ra bra musik. Jari Haapalainen \u2013 \u00e5 andra sidan \u2013 talar respektfullt om Matti men p\u00e5pekar att hans t\u00e5lamod kunde vara b\u00e4ttre.<\/p>\n<p>\u2013 Men, avslutar Jari Haapalainen, i slut\u00e4ndan har ju Matti ett annat liv ocks\u00e5 \u2013 fem barn och en kamp f\u00f6r att f\u00e5 maten p\u00e5 bordet \u2013 medan jag bara har det h\u00e4r. Mitt liv \u00e4r 100 procent musik.<\/p><\/blockquote>\n<p>De \u00e4r bra att fr\u00e5gorna om konstens och kulturens plats i samh\u00e4llet lyfts fram. Jag hade g\u00e4rna varit med p\u00e5 Pepp march for art. <a href=\"http:\/\/www.dn.se\/kultur-noje\/konst-form\/studenter-marscherade-for-den-fria-konsten-1.872141\">DN ber\u00e4ttar om den:<\/a><\/p>\n<blockquote><p>En f\u00e4rgstark och kraftfull demonstration f\u00f6r konstn\u00e4rlig frihet drog fram genom centrala Stockholm p\u00e5 l\u00f6rdagen. F\u00f6r att pigga upp och st\u00e4rka konsten efter v\u00e5rens omdiskuterade verk och h\u00e5rda debatt, fick stockholmarna besk\u00e5da en \u201dpepp march for art\u201d, ett ljudligt och synbart demonstrationst\u00e5g.<\/p><\/blockquote>\n<p>Tyv\u00e4rr har jag inte lyckats hitta n\u00e5gra bilder p\u00e5 webben fr\u00e5n Pepp Marcxh for Art. Det tycker jag inte \u00e4r helt bra. F\u00f6r borde inte den h\u00e4r debatten f\u00f6ras ocks\u00e5 p\u00e5 n\u00e4tet? Borde inte dessa aktivister f\u00f6r konstens och kulturens roll synas p\u00e5 webben och g\u00f6ra sig h\u00f6rda h\u00e4r ocks\u00e5?<\/p>\n<p>Vad jag kunde hitta med hj\u00e4lpa av Google \u00e4r bara <a href=\"http:\/\/www.newsdesk.se\/view\/pressrelease\/presskonferans-pepp-march-for-art-295299\">en liten inbjudan till medier inf\u00f6r presskonferensen f\u00f6re<\/a> och <a href=\"http:\/\/www.bastardgallery.se\/cgi-bin\/index.pl?site=main\">lite information om marschen p\u00e5 Bastard Gallerys hemsida.<\/a><\/p>\n<p>Utropen av arrang\u00f6rerna av Pepp March Art:<br \/>\nI korthet:<\/p>\n<blockquote><p>ART MUST STAY SHARP!<br \/>\nART MUST STAY CRITICAL!<br \/>\nART MUST STAY BRAVE!\n<\/p><\/blockquote>\n<p><a href=\"http:\/\/www.mejan.se\/peppmarch\/\">I sin helhet kan du l\u00e4sa dem h\u00e4r<\/a><\/p>\n<p>Sj\u00e4lv tillbringade jag l\u00f6rdagskv\u00e4llen med god v\u00e4n d\u00e4r vi diskuterade bland annat kulturpolitik och samh\u00e4llsutveckling medan vi kikade p\u00e5 Robinson. Vi kunde konstatera att den sista &#8221;alfa-hannen&#8221; r\u00f6stades ut. Kvar i final blev allts\u00e5 tre ganska sm\u00e5v\u00e4xta tjejer och den \u00e4ldre herren, som av <a href=\"http:\/\/www.aftonbladet.se\/nojesbladet\/tv\/dokusapa\/robinson2009\/article5200927.ab\">Aftonbladet kallas kufen<\/a>.<\/p>\n<p>Vi funderade p\u00e5 om detta resultat hade varit m\u00f6jligt i f\u00f6rsta Robinson? Att de m\u00e4n som \u00e4r fysiskt starkast \u00e5ker ut snabbast och kvar blir en grupp tjejer och en gubbe. Kan det s\u00e4ga n\u00e5got om v\u00e5r f\u00f6r\u00e4ndrade syn p\u00e5 vilka egenskaper som \u00e4r viktiga f\u00f6r \u00f6verlevnad?<\/p>\n<p>Man kan ocks\u00e5 undra om TV4 medvetet anpassade t\u00e4vlingarna f\u00f6r att f\u00e5 kvar tjejerna? <a href=\"http:\/\/www.expressen.se\/noje\/robinson\/1.1580199\/blomman-tavlingen-var-orattvis\">Erik som blev utr\u00f6stad funderar kring detta.<br \/>\n<\/a><br \/>\nF\u00f6r \u00f6vrigt m\u00e5ste jag bara s\u00e4ga att de sista &#8221;<a href=\"http:\/\/www.aftonbladet.se\/nyheter\/article5211168.ab\">skandalavsl\u00f6jande<\/a>t&#8221; av de borgerligt \u00e4gda medierna \u00e4r ett h\u00e5rresande d\u00e5ligt unders\u00f6kt. Jag kan g\u00e4rna vara kritisk mot mycket och mot maktmissbruk. Men n\u00e4r LO-ordf\u00f6randens make f\u00e5tt bo i samma hotellrum som henne kan jag inte bli uppr\u00f6rd och n\u00e4r medierna kallar hotellet f\u00f6r lyxhotell skakar jag bara p\u00e5 huvudet. Det d\u00e4r hotellet i Italien \u00e4r s\u00e5 l\u00e5ngt fr\u00e5n ett lyxhotell man kan komma. Jag har varit d\u00e4r sj\u00e4lv. Det \u00e4r ett hyggligt, rent och trevligt hotell. Men inte n\u00e5got lyxhotell. Att medier kallade det f\u00f6r lyxhotell visar p\u00e5 deras bristande f\u00f6rm\u00e5ga att kolla fakta.<\/p>\n<p>Obs texten \u00e4r konstig ibland men omkastade bokst\u00e4ver beror det p\u00e5 att jag suttit och skrivit detta p\u00e5 ett j\u00e4tteskakigt Intercity-t\u00e5g fr\u00e5n G\u00f6teborg till Stockholm.<\/p>\n<p>Robinsonrelaterat: <a href=\"http:\/\/www.expressen.se\/noje\/robinson\/1.1580220\/ellenors-revansch-jag-kommer-vinna-allt\">Expressen<\/a><\/p>\n<p><img loading=\"lazy\" decoding=\"async\" src=\"http:\/\/sodergren.com\/kulturbloggen\/wp-content\/uploads\/2009\/05\/peppmarch600.jpg\" alt=\"peppmarch600\" title=\"peppmarch600\" width=\"600\" height=\"200\" class=\"alignright size-full wp-image-9778\" \/><\/p>\n","protected":false},"excerpt":{"rendered":"<p>En manifestation eller march f\u00f6r konstn\u00e4rlig frihet arrangerades i Stockholm i l\u00f6rdags, 23 maj. Typiskt. Sj\u00e4lv har jag haft en sk\u00f6n helg i G\u00f6teborg, men \u00e4nd\u00e5: det d\u00e4r t\u00e5get hade jag velat se. Pepp march for art \u00e4r namnet p\u00e5 manifestationen och diskussionerna om konst och kultur och dess fria roll och r\u00e4tt att ifr\u00e5gas\u00e4tta [&hellip;]<\/p>\n","protected":false},"author":2,"featured_media":0,"comment_status":"open","ping_status":"open","sticky":false,"template":"","format":"standard","meta":{"_genesis_hide_title":false,"_genesis_hide_breadcrumbs":false,"_genesis_hide_singular_image":false,"_genesis_hide_footer_widgets":false,"_genesis_custom_body_class":"","_genesis_custom_post_class":"","_genesis_layout":"","footnotes":""},"categories":[20],"tags":[3009,3109,4095,12284,4788,6012],"class_list":{"0":"post-9767","1":"post","2":"type-post","3":"status-publish","4":"format-standard","6":"category-film","7":"tag-konst","8":"tag-kulturpolitik","9":"tag-noje","10":"tag-politik","11":"tag-robinson","12":"tag-tv","13":"entry"},"_links":{"self":[{"href":"https:\/\/kulturbloggen.com\/index.php?rest_route=\/wp\/v2\/posts\/9767","targetHints":{"allow":["GET"]}}],"collection":[{"href":"https:\/\/kulturbloggen.com\/index.php?rest_route=\/wp\/v2\/posts"}],"about":[{"href":"https:\/\/kulturbloggen.com\/index.php?rest_route=\/wp\/v2\/types\/post"}],"author":[{"embeddable":true,"href":"https:\/\/kulturbloggen.com\/index.php?rest_route=\/wp\/v2\/users\/2"}],"replies":[{"embeddable":true,"href":"https:\/\/kulturbloggen.com\/index.php?rest_route=%2Fwp%2Fv2%2Fcomments&post=9767"}],"version-history":[{"count":0,"href":"https:\/\/kulturbloggen.com\/index.php?rest_route=\/wp\/v2\/posts\/9767\/revisions"}],"wp:attachment":[{"href":"https:\/\/kulturbloggen.com\/index.php?rest_route=%2Fwp%2Fv2%2Fmedia&parent=9767"}],"wp:term":[{"taxonomy":"category","embeddable":true,"href":"https:\/\/kulturbloggen.com\/index.php?rest_route=%2Fwp%2Fv2%2Fcategories&post=9767"},{"taxonomy":"post_tag","embeddable":true,"href":"https:\/\/kulturbloggen.com\/index.php?rest_route=%2Fwp%2Fv2%2Ftags&post=9767"}],"curies":[{"name":"wp","href":"https:\/\/api.w.org\/{rel}","templated":true}]}}