{"id":97645,"date":"2015-10-19T19:35:07","date_gmt":"2015-10-19T18:35:07","guid":{"rendered":"http:\/\/kulturbloggen.com\/?p=97645"},"modified":"2015-10-19T18:38:05","modified_gmt":"2015-10-19T17:38:05","slug":"jan-malmsjo-moter-claes-malmberg-i-charleys-tant","status":"publish","type":"post","link":"https:\/\/kulturbloggen.com\/?p=97645","title":{"rendered":"Jan Malmsj\u00f6 m\u00f6ter Claes Malmberg i Charleys tant"},"content":{"rendered":"<p><a href=\"http:\/\/kulturbloggen.com\/wp-content\/uploads\/2015\/10\/charleystantintiman.jpg\"><img loading=\"lazy\" decoding=\"async\" src=\"http:\/\/kulturbloggen.com\/wp-content\/uploads\/2015\/10\/charleystantintiman-300x125.jpg\" alt=\"charleystantintiman\" width=\"300\" height=\"125\" class=\"aligncenter size-medium wp-image-97646\" srcset=\"https:\/\/kulturbloggen.com\/wp-content\/uploads\/2015\/10\/charleystantintiman-300x125.jpg 300w, https:\/\/kulturbloggen.com\/wp-content\/uploads\/2015\/10\/charleystantintiman.jpg 600w\" sizes=\"auto, (max-width: 300px) 100vw, 300px\" \/><\/a><\/p>\n<p>Den 21 januari stundar premi\u00e4r p\u00e5 Intiman i Stockholm. Den engelska ber\u00e4ttelsen av Brandon Thomas och W.S. Penley har \u00f6ver 100 \u00e5r p\u00e5 nacken, men har nu f\u00e5tt helt nyskriven musik av kapellm\u00e4staren Thomas Darelid. I rollerna bland annat Jan Malmsj\u00f6, Claes Malmberg och Ewa Roos.<\/p>\n<p>Ett pressmeddelande ber\u00e4ttar:<br \/>\nJan Malmsj\u00f6 har varit med i en upps\u00e4ttning av Charleys Tant tidigare, f\u00f6r drygt 60 \u00e5r sedan:<\/p>\n<p>&#8211; Under min elevtid p\u00e5 1950-talet. D\u00e5 gjorde jag en liten roll, en av de unga grabbarna.<\/p>\n<p>Anders Aldg\u00e5rd har regisserat Jan Malmsj\u00f6 \u00e5tskilliga g\u00e5nger, bland annat i My fair lady, Me and my girl och Vita h\u00e4sten. Victor &#038; Victoria var deras senaste gemensamma f\u00f6rest\u00e4llning, p\u00e5 Oscars 2003.<\/p>\n<p>\u2013 Det var Claes Malmbergs id\u00e9 att vi skulle skriva in musik och g\u00f6ra n\u00e5got av en minimusikal av Charleys Tant, s\u00e4ger Anders Aldg\u00e5rd.<\/p>\n<p>F\u00f6rest\u00e4llningen handlar om tv\u00e5 killar som ska dejta tv\u00e5 flickor som de \u00e4r k\u00e4ra i. Men eftersom komedin utspelar sig kring sekelskiftet runt 1900, m\u00e5ste ett \u201df\u00f6rkl\u00e4de\u201d finnas med. En av killarna \u00e4r Charley &#8211; och eftersom Charleys tant ska komma p\u00e5 bes\u00f6k, blir det hon som f\u00e5r vara f\u00f6rkl\u00e4de.<\/p>\n<p>Men tanten dyker inte upp. Claes Malmberg spelar den falska tanten medan Ewa Roos g\u00f6r rollen som den \u00e4kta, som givetvis \u00e4nd\u00e5 dyker upp till slut.<\/p>\n<p>Fotnot.<br \/>\nCharleys tant har spelats i ett flertal svenska versioner under 1900-talet. Nils Poppe gjorde succ\u00e9 som tanten p\u00e5 just Intiman, 1959. Starkt f\u00f6rknippad med Charleys Tant \u00e4r Sven Lindberg, p\u00e5 Vasan i Stockholm 1977-1979. Denna scenversion har tv-s\u00e4nts ett flertal g\u00e5nger.<\/p>\n","protected":false},"excerpt":{"rendered":"<p>Den 21 januari stundar premi\u00e4r p\u00e5 Intiman i Stockholm. Den engelska ber\u00e4ttelsen av Brandon Thomas och W.S. Penley har \u00f6ver 100 \u00e5r p\u00e5 nacken, men har nu f\u00e5tt helt nyskriven musik av kapellm\u00e4staren Thomas Darelid. I rollerna bland annat Jan Malmsj\u00f6, Claes Malmberg och Ewa Roos. Ett pressmeddelande ber\u00e4ttar: Jan Malmsj\u00f6 har varit med i [&hellip;]<\/p>\n","protected":false},"author":13,"featured_media":0,"comment_status":"open","ping_status":"open","sticky":false,"template":"","format":"standard","meta":{"_genesis_hide_title":false,"_genesis_hide_breadcrumbs":false,"_genesis_hide_singular_image":false,"_genesis_hide_footer_widgets":false,"_genesis_custom_body_class":"","_genesis_custom_post_class":"","_genesis_layout":"","footnotes":""},"categories":[20],"tags":[971,11709,2521,2614,2984],"class_list":{"0":"post-97645","1":"post","2":"type-post","3":"status-publish","4":"format-standard","6":"category-film","7":"tag-charleys-tant","8":"tag-claes-malmberg","9":"tag-intiman","10":"tag-jan-malmsjo","11":"tag-komedi","12":"entry"},"_links":{"self":[{"href":"https:\/\/kulturbloggen.com\/index.php?rest_route=\/wp\/v2\/posts\/97645","targetHints":{"allow":["GET"]}}],"collection":[{"href":"https:\/\/kulturbloggen.com\/index.php?rest_route=\/wp\/v2\/posts"}],"about":[{"href":"https:\/\/kulturbloggen.com\/index.php?rest_route=\/wp\/v2\/types\/post"}],"author":[{"embeddable":true,"href":"https:\/\/kulturbloggen.com\/index.php?rest_route=\/wp\/v2\/users\/13"}],"replies":[{"embeddable":true,"href":"https:\/\/kulturbloggen.com\/index.php?rest_route=%2Fwp%2Fv2%2Fcomments&post=97645"}],"version-history":[{"count":1,"href":"https:\/\/kulturbloggen.com\/index.php?rest_route=\/wp\/v2\/posts\/97645\/revisions"}],"predecessor-version":[{"id":97647,"href":"https:\/\/kulturbloggen.com\/index.php?rest_route=\/wp\/v2\/posts\/97645\/revisions\/97647"}],"wp:attachment":[{"href":"https:\/\/kulturbloggen.com\/index.php?rest_route=%2Fwp%2Fv2%2Fmedia&parent=97645"}],"wp:term":[{"taxonomy":"category","embeddable":true,"href":"https:\/\/kulturbloggen.com\/index.php?rest_route=%2Fwp%2Fv2%2Fcategories&post=97645"},{"taxonomy":"post_tag","embeddable":true,"href":"https:\/\/kulturbloggen.com\/index.php?rest_route=%2Fwp%2Fv2%2Ftags&post=97645"}],"curies":[{"name":"wp","href":"https:\/\/api.w.org\/{rel}","templated":true}]}}