{"id":97403,"date":"2015-10-12T16:39:54","date_gmt":"2015-10-12T15:39:54","guid":{"rendered":"http:\/\/kulturbloggen.com\/?p=97403"},"modified":"2015-10-12T17:41:09","modified_gmt":"2015-10-12T16:41:09","slug":"stockholm-jazzfestival-patrik-bomans-ambivalent-pa-plugged-records-hogkvalitativ-och-lattlyssnad-bebop","status":"publish","type":"post","link":"https:\/\/kulturbloggen.com\/?p=97403","title":{"rendered":"Stockholm Jazzfestival: Patrik Bomans Ambivalent  p\u00e5 Plugged Records \u2013  H\u00f6gkvalitativ och l\u00e4ttlyssnad bebop"},"content":{"rendered":"<p><img loading=\"lazy\" decoding=\"async\" src=\"http:\/\/kulturbloggen.com\/wp-content\/uploads\/2015\/10\/jazzfestival2.jpg\" alt=\"jazzfestival2\" width=\"450\" height=\"256\" class=\"aligncenter size-full wp-image-97407\" srcset=\"https:\/\/kulturbloggen.com\/wp-content\/uploads\/2015\/10\/jazzfestival2.jpg 450w, https:\/\/kulturbloggen.com\/wp-content\/uploads\/2015\/10\/jazzfestival2-300x171.jpg 300w\" sizes=\"auto, (max-width: 450px) 100vw, 450px\" \/><\/p>\n<p><strong>Stockholm Jazzfestival:<br \/>\nPatrik Bomans Ambivalent  p\u00e5 Plugged Records 9 oktober 2015<br \/>\nBetyg 5<\/strong><\/p>\n<p>Till synes helt pl\u00f6tsligt kom han v\u00e4lf\u00f6rtj\u00e4nt i rampljuset f\u00f6r cirka femton \u00e5r sedan med sitt Seven Piece Machine.  Jag s\u00e5g dem p\u00e5 Skeppsholmen och k\u00f6pte senare deras f\u00f6rsta skiva. Patrik var basisten i f\u00f6rgrunden, tillika bandledare, l\u00e5tskrivare samt arrang\u00f6r. Tror ocks\u00e5 att han varit producent. <\/p>\n<p>Den v\u00e4lkl\u00e4dde mannen p\u00e5minner utseendem\u00e4ssigt en del om instrumentkollegan Dan Berglund. Sedan f\u00f6rsvann han fr\u00e5n scenen eller var det jag som tappade bort honom? Nu har ny konstellation bildats och och skivsl\u00e4ppet sker naturligt nog i Gamla Stans f\u00f6rn\u00e4mliga aff\u00e4r. Bandledaren introducerar d\u00e4rf\u00f6r med att s\u00e4ga:  gillar vi musiken kan vi ta med den hem, fast just \u00f6ppningsl\u00e5ten inte finns inspelad. I denna glidande komposition blir det solo av i tur och ordning saxofonisten Amanda Sedgwick, gitarristen Max Schultz och pianisten Carl Orrje. <\/p>\n<p>Noterar direkt att ljudet \u00e4r sensationellt bra, \u00e4ven om pianot i b\u00f6rjan drabbas av sm\u00e4rre tekniska problem. Efter n\u00e4mnda behagliga l\u00e5t i halvfart med  mycket tilltalande rytmisk figur, blir det hetsigare i Cyber Sam. Samspelet bl\u00e5sare \u2013 komp \u00e4r raffinerat. <\/p>\n<p>Den f\u00f6r mig obekante Magnus Wiklund levererar ett snyggt rivigt trombonsolo. En h\u00e4rlig duell mellan trumslagaren Chris Montgomery (som jag frapperande ofta h\u00f6rt live p\u00e5 sistone) och Schultz, \u00f6verg\u00e5r i ett l\u00e5ngsamt intro. Vi f\u00e5r reda p\u00e5 att v\u00e4sande bl\u00e5s och tassande komp framf\u00f6r inledningen p\u00e5 Melancholy Albert, som l\u00e5tskrivaren till\u00e4gnat sin son. Mitt i stycket g\u00f6rs en drastisk f\u00f6r\u00e4ndring, varvid jag associerar till Headhunters och temat i So What. <\/p>\n<p>I denna p\u00e5tagligt beatbaserade spelgl\u00e4dje fyrar Sedgwick av ett inspirerat solo. Ensemblen spelar verkligen ut f\u00f6r fullt, allt sitter oklanderligt. Fj\u00e4rde l\u00e5ten bjuder p\u00e5 lagom intrikata rytmer med basens melodislinga lagd ovanp\u00e5. Detta nummer hade en sk\u00f6nt harmonisk struktur, kombinerad med ett fladdrigt spels\u00e4tt. Helt enkelt mycket angen\u00e4m bebop! Stor konst att kunna f\u00f6rena l\u00e4ttlyssnade toner med ypperlig kvalitet. Musiken k\u00e4ndes oerh\u00f6rt fr\u00e4sch och upplyftande. Min bed\u00f6mning grundar sig p\u00e5 n\u00e4rvaro under tv\u00e5 tredjedelar av spelningen. Var tvungen att skynda vidare till festivalens officiella \u00f6ppningskonsert. <\/p>\n","protected":false},"excerpt":{"rendered":"<p>Stockholm Jazzfestival: Patrik Bomans Ambivalent p\u00e5 Plugged Records 9 oktober 2015 Betyg 5 Till synes helt pl\u00f6tsligt kom han v\u00e4lf\u00f6rtj\u00e4nt i rampljuset f\u00f6r cirka femton \u00e5r sedan med sitt Seven Piece Machine. Jag s\u00e5g dem p\u00e5 Skeppsholmen och k\u00f6pte senare deras f\u00f6rsta skiva. Patrik var basisten i f\u00f6rgrunden, tillika bandledare, l\u00e5tskrivare samt arrang\u00f6r. Tror ocks\u00e5 [&hellip;]<\/p>\n","protected":false},"author":34,"featured_media":0,"comment_status":"open","ping_status":"open","sticky":false,"template":"","format":"standard","meta":{"_genesis_hide_title":false,"_genesis_hide_breadcrumbs":false,"_genesis_hide_singular_image":false,"_genesis_hide_footer_widgets":false,"_genesis_custom_body_class":"","_genesis_custom_post_class":"","_genesis_layout":"","footnotes":""},"categories":[7],"tags":[12397],"class_list":{"0":"post-97403","1":"post","2":"type-post","3":"status-publish","4":"format-standard","6":"category-musik","7":"tag-stockholm-jazzfestival","8":"entry"},"_links":{"self":[{"href":"https:\/\/kulturbloggen.com\/index.php?rest_route=\/wp\/v2\/posts\/97403","targetHints":{"allow":["GET"]}}],"collection":[{"href":"https:\/\/kulturbloggen.com\/index.php?rest_route=\/wp\/v2\/posts"}],"about":[{"href":"https:\/\/kulturbloggen.com\/index.php?rest_route=\/wp\/v2\/types\/post"}],"author":[{"embeddable":true,"href":"https:\/\/kulturbloggen.com\/index.php?rest_route=\/wp\/v2\/users\/34"}],"replies":[{"embeddable":true,"href":"https:\/\/kulturbloggen.com\/index.php?rest_route=%2Fwp%2Fv2%2Fcomments&post=97403"}],"version-history":[{"count":5,"href":"https:\/\/kulturbloggen.com\/index.php?rest_route=\/wp\/v2\/posts\/97403\/revisions"}],"predecessor-version":[{"id":97419,"href":"https:\/\/kulturbloggen.com\/index.php?rest_route=\/wp\/v2\/posts\/97403\/revisions\/97419"}],"wp:attachment":[{"href":"https:\/\/kulturbloggen.com\/index.php?rest_route=%2Fwp%2Fv2%2Fmedia&parent=97403"}],"wp:term":[{"taxonomy":"category","embeddable":true,"href":"https:\/\/kulturbloggen.com\/index.php?rest_route=%2Fwp%2Fv2%2Fcategories&post=97403"},{"taxonomy":"post_tag","embeddable":true,"href":"https:\/\/kulturbloggen.com\/index.php?rest_route=%2Fwp%2Fv2%2Ftags&post=97403"}],"curies":[{"name":"wp","href":"https:\/\/api.w.org\/{rel}","templated":true}]}}