{"id":97397,"date":"2015-10-12T13:14:28","date_gmt":"2015-10-12T12:14:28","guid":{"rendered":"http:\/\/kulturbloggen.com\/?p=97397"},"modified":"2015-10-12T13:14:28","modified_gmt":"2015-10-12T12:14:28","slug":"den-italienska-filmen-mediterranea-inviger-stockholms-filmfestival","status":"publish","type":"post","link":"https:\/\/kulturbloggen.com\/?p=97397","title":{"rendered":"Den italienska filmen Mediterranea inviger Stockholms filmfestival"},"content":{"rendered":"<p><a href=\"http:\/\/kulturbloggen.com\/wp-content\/uploads\/2015\/10\/mediterrafilmfestival.jpg\"><img loading=\"lazy\" decoding=\"async\" src=\"http:\/\/kulturbloggen.com\/wp-content\/uploads\/2015\/10\/mediterrafilmfestival.jpg\" alt=\"mediterrafilmfestival\" width=\"193\" height=\"262\" class=\"aligncenter size-full wp-image-97398\" \/><\/a><\/p>\n<p>Den italienska regiss\u00f6ren Jonas Carpignanos l\u00e5ngfilmsdebut Mediterranea inviger den 26:e upplagan av Stockholms internationella filmfestival. Filmen deltar i Stockholm XXVI Competition d\u00e4r den t\u00e4vlar om den 7,3 kilo tunga bronsh\u00e4sten.<\/p>\n<p>Ett pressmeddelande ber\u00e4ttar:<br \/>\nMediterranea \u00e4r en ber\u00e4ttelse om tv\u00e5 unga m\u00e4n som l\u00e4mnar sitt hem i Burkina Faso och g\u00f6r den livsfarliga resan \u00f6ver Medelhavet till Italien. Men v\u00e4l framme m\u00f6ter de en annan verklighet \u00e4n f\u00f6rv\u00e4ntat. Carpignanos l\u00e5ngfilmsdebut \u00e4r en stark skildring om afrikanska migranter i Italien och bygger vidare p\u00e5 hans tidigare kortfilmer A Chj\u00e0na (2012) och Young Lions of Gypsy (2014). Filmen knyter an till \u00e5rets Spotlight som \u00e4r Migration.<\/p>\n<p>&#8211; Jag har alltid \u00e4lskat Stockholm och filmfestivalen, och det \u00e4r en stor \u00e4ra f\u00f6r mig att \u00f6ppna med Mediterranea. Det tog oss fem \u00e5r att g\u00f6ra filmen och ibland tvivlade vi p\u00e5 om vi skulle klara av det. Att den \u00e4r f\u00e4rdig nu och kan visas p\u00e5 stora scener som Stockholms filmfestival k\u00e4nns overkligt, s\u00e4ger Jonas Carpignano, regiss\u00f6ren av Mediterranea.<\/p>\n<p>Mediterranea har sin Sverigepremi\u00e4r p\u00e5 Stockholms filmfestival. Det \u00e4r ocks\u00e5 f\u00f6rsta g\u00e5ngen som en \u00f6ppningsfilm p\u00e5 en filmfestival streamas samtidigt via Festival on Demand \u2028i samarbete med Telia.<\/p>\n<p>Jonas Carpignano bes\u00f6kte Stockholms filmfestival 2014 och deltog i Stockholm XXV Short Film Competition med sin kortfilm Young Lions of Gypsy (2014).<\/p>\n<p><strong>Mediterranea (2015)<br \/>\nRegi: Jonas Carpignano<br \/>\nI rollerna: Koudous Seihon, Alassane Sy och Aisha<br \/>\nStreamingpremi\u00e4r i Telias digitala videobutik den 11 november.<\/strong><\/p>\n<p><iframe loading=\"lazy\" width=\"560\" height=\"315\" src=\"https:\/\/www.youtube.com\/embed\/l1UJ5ecjM3w\" frameborder=\"0\" allowfullscreen><\/iframe><\/p>\n","protected":false},"excerpt":{"rendered":"<p>Den italienska regiss\u00f6ren Jonas Carpignanos l\u00e5ngfilmsdebut Mediterranea inviger den 26:e upplagan av Stockholms internationella filmfestival. Filmen deltar i Stockholm XXVI Competition d\u00e4r den t\u00e4vlar om den 7,3 kilo tunga bronsh\u00e4sten. Ett pressmeddelande ber\u00e4ttar: Mediterranea \u00e4r en ber\u00e4ttelse om tv\u00e5 unga m\u00e4n som l\u00e4mnar sitt hem i Burkina Faso och g\u00f6r den livsfarliga resan \u00f6ver Medelhavet [&hellip;]<\/p>\n","protected":false},"author":13,"featured_media":0,"comment_status":"open","ping_status":"open","sticky":false,"template":"","format":"standard","meta":{"_genesis_hide_title":false,"_genesis_hide_breadcrumbs":false,"_genesis_hide_singular_image":false,"_genesis_hide_footer_widgets":false,"_genesis_custom_body_class":"","_genesis_custom_post_class":"","_genesis_layout":"","footnotes":""},"categories":[50],"tags":[12399,12286,5414],"class_list":{"0":"post-97397","1":"post","2":"type-post","3":"status-publish","4":"format-standard","6":"category-filmfilm","7":"tag-mediterranea","8":"tag-film","9":"tag-stockholms-filmfestival","10":"entry"},"_links":{"self":[{"href":"https:\/\/kulturbloggen.com\/index.php?rest_route=\/wp\/v2\/posts\/97397","targetHints":{"allow":["GET"]}}],"collection":[{"href":"https:\/\/kulturbloggen.com\/index.php?rest_route=\/wp\/v2\/posts"}],"about":[{"href":"https:\/\/kulturbloggen.com\/index.php?rest_route=\/wp\/v2\/types\/post"}],"author":[{"embeddable":true,"href":"https:\/\/kulturbloggen.com\/index.php?rest_route=\/wp\/v2\/users\/13"}],"replies":[{"embeddable":true,"href":"https:\/\/kulturbloggen.com\/index.php?rest_route=%2Fwp%2Fv2%2Fcomments&post=97397"}],"version-history":[{"count":1,"href":"https:\/\/kulturbloggen.com\/index.php?rest_route=\/wp\/v2\/posts\/97397\/revisions"}],"predecessor-version":[{"id":97399,"href":"https:\/\/kulturbloggen.com\/index.php?rest_route=\/wp\/v2\/posts\/97397\/revisions\/97399"}],"wp:attachment":[{"href":"https:\/\/kulturbloggen.com\/index.php?rest_route=%2Fwp%2Fv2%2Fmedia&parent=97397"}],"wp:term":[{"taxonomy":"category","embeddable":true,"href":"https:\/\/kulturbloggen.com\/index.php?rest_route=%2Fwp%2Fv2%2Fcategories&post=97397"},{"taxonomy":"post_tag","embeddable":true,"href":"https:\/\/kulturbloggen.com\/index.php?rest_route=%2Fwp%2Fv2%2Ftags&post=97397"}],"curies":[{"name":"wp","href":"https:\/\/api.w.org\/{rel}","templated":true}]}}