{"id":97331,"date":"2015-10-07T08:51:21","date_gmt":"2015-10-07T07:51:21","guid":{"rendered":"http:\/\/kulturbloggen.com\/?p=97331"},"modified":"2015-10-07T15:41:10","modified_gmt":"2015-10-07T14:41:10","slug":"grotescos-humorshow-pa-sverigeturne","status":"publish","type":"post","link":"https:\/\/kulturbloggen.com\/?p=97331","title":{"rendered":"Grotescos humorshow p\u00e5 Sverigeturn\u00e9"},"content":{"rendered":"<p><a href=\"http:\/\/kulturbloggen.com\/wp-content\/uploads\/2015\/10\/grotescosucce.jpg\"><img loading=\"lazy\" decoding=\"async\" class=\"aligncenter size-medium wp-image-97332\" src=\"http:\/\/kulturbloggen.com\/wp-content\/uploads\/2015\/10\/grotescosucce-300x165.jpg\" alt=\"grotescosucce\" width=\"300\" height=\"165\" srcset=\"https:\/\/kulturbloggen.com\/wp-content\/uploads\/2015\/10\/grotescosucce-300x165.jpg 300w, https:\/\/kulturbloggen.com\/wp-content\/uploads\/2015\/10\/grotescosucce.jpg 620w\" sizes=\"auto, (max-width: 300px) 100vw, 300px\" \/><\/a><\/p>\n<p>Grotesco vann nyligen pris f\u00f6r \u00c5rets b\u00e4sta scenshow. Nu \u00e4r det klart att den hyllade f\u00f6rest\u00e4llningen tas ut p\u00e5 Sverigeturn\u00e9 2016, skriver ett pressmeddelande. Och att kalla f\u00f6rest\u00e4llningen en succ\u00e9 \u00e4r inte n\u00e5gra \u00f6verord. F\u00f6rest\u00e4llningen har hyllats av alla kritiker, ocks\u00e5 av oss p\u00e5 kulturbloggen. <a href=\"http:\/\/kulturbloggen.com\/?p=90493\">H\u00e4r \u00e4r v\u00e5r recension fr\u00e5n premi\u00e4ren<\/a>. Pressmeddelandet ber\u00e4ttar att humorshowen nu ska p\u00e5 turn\u00e9 runt om i landet.<\/p>\n<p>Pressmeddelandet:<br \/>\n<a href=\"http:\/\/kulturbloggen.com\/wp-content\/uploads\/2015\/10\/grotescoscenbild.jpg\"><img loading=\"lazy\" decoding=\"async\" src=\"http:\/\/kulturbloggen.com\/wp-content\/uploads\/2015\/10\/grotescoscenbild-300x200.jpg\" alt=\"grotescoscenbild\" width=\"300\" height=\"200\" class=\"alignright size-medium wp-image-97333\" srcset=\"https:\/\/kulturbloggen.com\/wp-content\/uploads\/2015\/10\/grotescoscenbild-300x200.jpg 300w, https:\/\/kulturbloggen.com\/wp-content\/uploads\/2015\/10\/grotescoscenbild.jpg 700w\" sizes=\"auto, (max-width: 300px) 100vw, 300px\" \/><\/a>Efter ett succ\u00e9\u00e5r p\u00e5 Scalateatern spelar Grotesco-g\u00e4nget f\u00f6r f\u00f6rsta g\u00e5ngen sin humorshow utanf\u00f6r Stockholm. \u201cGrotesco p\u00e5 Scala p\u00e5 turn\u00e9 \u2013 En n\u00e4rad\u00f6denrevy\u201c har premi\u00e4r i G\u00f6teborg den 21 januari. D\u00e4refter f\u00e5r bland annat \u00d6rebro, Lule\u00e5, Link\u00f6ping, Lund och Karlstad uppleva showen som kallas &#8221;d\u00f6dskul\u201d (Expressen), &#8221;briljant\u201d (Dagens Nyheter) och &#8221;makal\u00f6s\u201d (Svenska Dagbladet). Biljetterna till Sverigeturn\u00e9n sl\u00e4pps p\u00e5 fredag 9 oktober.<\/p>\n<p>Grotesco \u00e4r nu hetare \u00e4n n\u00e5gonsin. Nyligen utannonserades det att det kommer en tredje tv-s\u00e4song med den banbrytande gruppen i SVT och deras f\u00f6rsta scenf\u00f6rest\u00e4llning &#8221;Grotesco p\u00e5 Scala \u2013 En n\u00e4rad\u00f6denrevy&#8221; forts\u00e4tter g\u00f6ra succ\u00e9. Humorshowen, som hade h\u00f6stpremi\u00e4r f\u00f6r sin andra s\u00e4song p\u00e5 Scalateatern den 17 september, vann nyligen svenska humorpriset 2015 i kategorin \u00c5rets scenshow. Nu \u00e4r det dessutom klart att f\u00f6rest\u00e4llningen \u00e5ker p\u00e5 en stor Sverigeturn\u00e9 under 2016.<\/p>\n<p>Grotesco \u00e4r en av Sveriges mest hyllade humorgrupper och ligger bakom of\u00f6rgl\u00f6mliga sketcher och s\u00e5nger som \u201cB\u00f6garnas fel\u201d, \u201cEtt kilo mj\u00f6l\u201d, \u201cBestefar og jeg\u201d och &#8221;Tingeling\u201d. I humorshowen, &#8221;Grotesco p\u00e5 Scala \u2013 En n\u00e4rad\u00f6denrevy&#8221;, som \u00e4r regisserad av dansaren och koreografen Anna Vnuk, blandar de nyskrivet material med n\u00e5gra av sina klassiska sketcher. Det \u00e4r en galen revy i d\u00f6dens gr\u00e4nsland med satiriska s\u00e5ng- och dansnummer, scener som ballar ur fullst\u00e4ndigt och vassa kommentarer om samtiden.<\/p>\n<p>I januari 2016 \u00e4r det dags f\u00f6r \u201dGrotesco p\u00e5 Scala p\u00e5 turn\u00e9 \u2013 En n\u00e4rad\u00f6denrevy\u201d. D\u00e5 ger sig Grotesco-g\u00e4nget f\u00f6r f\u00f6rsta g\u00e5ngen ut p\u00e5 Sverigeturn\u00e9 och premi\u00e4ren \u00e4ger rum G\u00f6teborg den 21 januari.<\/p>\n<p>P\u00e5 scen: Henrik Dorsin, Per Andersson, Emma Peters, Jakob Setterberg, Emma Molin, Linus Eklund-Adolphson, Rikard Ulvshammar, Michael Lindgren, Hanna Dorsin, Jonas Kahnlund samt Grotesco-orkestern under ledning av Andreas Grube.<\/p>\n<p><strong>Spelplan f\u00f6r \u201cGrotesco p\u00e5 Scala p\u00e5 turn\u00e9 \u2013 En n\u00e4rad\u00f6denrevy\u201c<\/strong><br \/>\n21 jan \u2013 G\u00f6teborg, Lisebergshallen<br \/>\n22 jan \u2013 G\u00f6teborg, Lisebergshallen<br \/>\n23 jan \u2013 G\u00f6teborg, Lisebergshallen<br \/>\n28 jan \u2013 \u00d6rebro, Conventum Arena<br \/>\n29 jan \u2013 \u00d6rebro, Conventum Arena<br \/>\n30 jan \u2013 \u00d6rebro, Conventum Arena<br \/>\n4 feb \u2013 Lule\u00e5, Kulturens hus<br \/>\n5 feb \u2013 Lule\u00e5, Kulturens hus<br \/>\n6 feb \u2013 Lule\u00e5, Kulturens hus<br \/>\n11 feb \u2013 Ume\u00e5, Idunteatern<br \/>\n12 feb \u2013 Ume\u00e5, Idunteatern<br \/>\n13 feb \u2013 Ume\u00e5, Idunteatern<br \/>\n18 feb \u2013 Link\u00f6ping, Konsert &#038; Kongress<br \/>\n19 feb \u2013 Link\u00f6ping, Konsert &#038; Kongress<br \/>\n20 feb \u2013 Link\u00f6ping, Konsert &#038; Kongress<br \/>\n26 feb \u2013 J\u00f6nk\u00f6ping, Konserthuset<br \/>\n27 feb \u2013 J\u00f6nk\u00f6ping, Konserthuset<br \/>\n10 mar \u2013 Falun, Lugnet Arena<br \/>\n11 mar \u2013 Falun, Lugnet Arena<br \/>\n12 mar \u2013 Falun, Lugnet Arena<br \/>\n17 mar \u2013 Halmstad, Halmstads teater<br \/>\n18 mar \u2013 Halmstad, Halmstads teater<br \/>\n19 mar \u2013 Halmstad, Halmstads teater<br \/>\n7 apr \u2013 Lund, Sparbanken Sk\u00e5ne Arena<br \/>\n8 apr \u2013 Lund, Sparbanken Sk\u00e5ne Arena<br \/>\n9 apr \u2013 Lund, Sparbanken Sk\u00e5ne Arena<br \/>\n22 apr \u2013 Karlstad, CCC<br \/>\n23 apr \u2013 Karlstad, CCC<br \/>\n28 apr \u2013 Helsingborg, Helsingborg Arena<br \/>\n29 apr \u2013 Helsingborg, Helsingborg Arena<br \/>\n30 apr \u2013 Helsingborg, Helsingborg Arena<br \/>\n5 maj \u2013 V\u00e4ster\u00e5s, V\u00e4ster\u00e5s Konserthus<br \/>\n6 maj \u2013 V\u00e4ster\u00e5s, V\u00e4ster\u00e5s Konserthus<br \/>\n7 maj \u2013 V\u00e4ster\u00e5s, V\u00e4ster\u00e5s Konserthus<\/p>\n<p><strong>Om Grotesco<\/strong><br \/>\n<a href=\"http:\/\/kulturbloggen.com\/wp-content\/uploads\/2015\/10\/grotescoscenbild2.jpg\"><img loading=\"lazy\" decoding=\"async\" src=\"http:\/\/kulturbloggen.com\/wp-content\/uploads\/2015\/10\/grotescoscenbild2-300x300.jpg\" alt=\"grotescoscenbild2\" width=\"300\" height=\"300\" class=\"alignright size-medium wp-image-97334\" srcset=\"https:\/\/kulturbloggen.com\/wp-content\/uploads\/2015\/10\/grotescoscenbild2-300x300.jpg 300w, https:\/\/kulturbloggen.com\/wp-content\/uploads\/2015\/10\/grotescoscenbild2-150x150.jpg 150w, https:\/\/kulturbloggen.com\/wp-content\/uploads\/2015\/10\/grotescoscenbild2.jpg 700w\" sizes=\"auto, (max-width: 300px) 100vw, 300px\" \/><\/a>Kollektivet Grotesco \u00e4r en institution inom svensk humor. De har skapat en l\u00e5ng rad k\u00e4nda sketcher, tv-serier och l\u00e5tar som sammanlagt har \u00f6ver 25 miljoner visningar p\u00e5 Youtube.<\/p>\n<p>Grotesco slog igenom med sin sj\u00e4lvbetitlade humorserie i SVT 2007. De absurda och surrealistiska sketcherna blev snabbt popul\u00e4ra och serien sl\u00e4pptes snart p\u00e5 dvd. 2009 upptr\u00e4dde Grotesco som pausunderh\u00e5llning i Melodifestivalen med vitt skilda versioner av l\u00e5ten &#8221;Tingeling\u201d, som Aftonbladet tyckte &#8221;\u00f6vertr\u00e4ffade t\u00e4vlingsl\u00e5tarna\u201d. Eurodisco-versionen \u201cTingaliin\u201d med &#8221;DJ Trexx\u201d blev en stor succ\u00e9, som toppade den svenska singellistan och retade upp ryska ambassaden.<\/p>\n<p>Andra s\u00e4songen av Grotesco s\u00e4ndes i SVT 2010. Den inneh\u00f6ll klassiska sketcher som &#8221;B\u00f6garnas fel\u201d, &#8221;Sossezombies\u201d, &#8221;Svennen\u201d och den \u00e5terkommande trubadurkarakt\u00e4ren Trubbe Mollberg.<\/p>\n<p>De senaste \u00e5ren har Grotescos produktionsbolag GKU anlitats av SVT f\u00f6r ett antal experimentella humorserier, d\u00e4ribland &#8221;Pulver&#8221;, &#8221;Bobby Blade\u201d och &#8221;Folkets Fr\u00e4msta F\u00f6retr\u00e4dare&#8221;. Medlemmarna har ocks\u00e5 varit inblandade i en rad stora teaterf\u00f6rest\u00e4llningar och tv-succ\u00e9er som &#8221;Partaj&#8221;, \u201dKontoret\u201d och &#8221;Solsidan&#8221;. Nu \u00e4r det ocks\u00e5 klart med en tredje s\u00e4song av Grotesco p\u00e5 SVT.<br \/>\n&#8221;Grotesco p\u00e5 Scala \u2013 En n\u00e4rad\u00f6denrevy\u201d var uts\u00e5ld hela v\u00e5ren 2015. I b\u00f6rjan av h\u00f6sten gick f\u00f6rest\u00e4llningen in p\u00e5 sin andra spels\u00e4song och vann \u00e4ven svenska humorpriset 2015 i kategorin \u00c5rets scenshow.<\/p>\n<p>Grotesco-kollektivet best\u00e5r av Anna Vnuk, Emma Peters, Emma Molin, Erik Wernquist, Hanna Dorsin, Henrik Dorsin, Jakob Setterberg, Jonas Kahnlund, Linus Eklund Adolphson, Micke Lindgren, Per Andersson, Per Gavatin, Rikard Ulvshammar och Viktor Titelman.<\/p>\n<p><a href=\"http:\/\/kulturbloggen.com\/wp-content\/uploads\/2015\/10\/grotescoscenbild3.jpg\"><img loading=\"lazy\" decoding=\"async\" src=\"http:\/\/kulturbloggen.com\/wp-content\/uploads\/2015\/10\/grotescoscenbild3-300x200.jpg\" alt=\"grotescoscenbild3\" width=\"300\" height=\"200\" class=\"aligncenter size-medium wp-image-97335\" srcset=\"https:\/\/kulturbloggen.com\/wp-content\/uploads\/2015\/10\/grotescoscenbild3-300x200.jpg 300w, https:\/\/kulturbloggen.com\/wp-content\/uploads\/2015\/10\/grotescoscenbild3.jpg 700w\" sizes=\"auto, (max-width: 300px) 100vw, 300px\" \/><\/a><\/p>\n","protected":false},"excerpt":{"rendered":"<p>Grotesco vann nyligen pris f\u00f6r \u00c5rets b\u00e4sta scenshow. Nu \u00e4r det klart att den hyllade f\u00f6rest\u00e4llningen tas ut p\u00e5 Sverigeturn\u00e9 2016, skriver ett pressmeddelande. Och att kalla f\u00f6rest\u00e4llningen en succ\u00e9 \u00e4r inte n\u00e5gra \u00f6verord. F\u00f6rest\u00e4llningen har hyllats av alla kritiker, ocks\u00e5 av oss p\u00e5 kulturbloggen. H\u00e4r \u00e4r v\u00e5r recension fr\u00e5n premi\u00e4ren. Pressmeddelandet ber\u00e4ttar att humorshowen [&hellip;]<\/p>\n","protected":false},"author":13,"featured_media":0,"comment_status":"open","ping_status":"open","sticky":false,"template":"","format":"standard","meta":{"_genesis_hide_title":false,"_genesis_hide_breadcrumbs":false,"_genesis_hide_singular_image":false,"_genesis_hide_footer_widgets":false,"_genesis_custom_body_class":"","_genesis_custom_post_class":"","_genesis_layout":"","footnotes":""},"categories":[20],"tags":[11737,7241],"class_list":{"0":"post-97331","1":"post","2":"type-post","3":"status-publish","4":"format-standard","6":"category-film","7":"tag-grotesco","8":"tag-humorshow","9":"entry"},"_links":{"self":[{"href":"https:\/\/kulturbloggen.com\/index.php?rest_route=\/wp\/v2\/posts\/97331","targetHints":{"allow":["GET"]}}],"collection":[{"href":"https:\/\/kulturbloggen.com\/index.php?rest_route=\/wp\/v2\/posts"}],"about":[{"href":"https:\/\/kulturbloggen.com\/index.php?rest_route=\/wp\/v2\/types\/post"}],"author":[{"embeddable":true,"href":"https:\/\/kulturbloggen.com\/index.php?rest_route=\/wp\/v2\/users\/13"}],"replies":[{"embeddable":true,"href":"https:\/\/kulturbloggen.com\/index.php?rest_route=%2Fwp%2Fv2%2Fcomments&post=97331"}],"version-history":[{"count":1,"href":"https:\/\/kulturbloggen.com\/index.php?rest_route=\/wp\/v2\/posts\/97331\/revisions"}],"predecessor-version":[{"id":97336,"href":"https:\/\/kulturbloggen.com\/index.php?rest_route=\/wp\/v2\/posts\/97331\/revisions\/97336"}],"wp:attachment":[{"href":"https:\/\/kulturbloggen.com\/index.php?rest_route=%2Fwp%2Fv2%2Fmedia&parent=97331"}],"wp:term":[{"taxonomy":"category","embeddable":true,"href":"https:\/\/kulturbloggen.com\/index.php?rest_route=%2Fwp%2Fv2%2Fcategories&post=97331"},{"taxonomy":"post_tag","embeddable":true,"href":"https:\/\/kulturbloggen.com\/index.php?rest_route=%2Fwp%2Fv2%2Ftags&post=97331"}],"curies":[{"name":"wp","href":"https:\/\/api.w.org\/{rel}","templated":true}]}}