{"id":97246,"date":"2015-10-02T11:46:41","date_gmt":"2015-10-02T10:46:41","guid":{"rendered":"http:\/\/kulturbloggen.com\/?p=97246"},"modified":"2015-10-02T11:48:49","modified_gmt":"2015-10-02T10:48:49","slug":"filmrecension-the-walk","status":"publish","type":"post","link":"https:\/\/kulturbloggen.com\/?p=97246","title":{"rendered":"Filmrecension: The Walk"},"content":{"rendered":"<p class=\"p1\"><a href=\"http:\/\/kulturbloggen.com\/wp-content\/uploads\/2015\/10\/walk.jpg\"><img loading=\"lazy\" decoding=\"async\" class=\"aligncenter size-medium wp-image-97247\" src=\"http:\/\/kulturbloggen.com\/wp-content\/uploads\/2015\/10\/walk-300x124.jpg\" alt=\"walk\" width=\"300\" height=\"124\" srcset=\"https:\/\/kulturbloggen.com\/wp-content\/uploads\/2015\/10\/walk-300x124.jpg 300w, https:\/\/kulturbloggen.com\/wp-content\/uploads\/2015\/10\/walk.jpg 1000w\" sizes=\"auto, (max-width: 300px) 100vw, 300px\" \/><\/a><\/p>\n<p><strong>The Walk<\/strong><br \/>\nBetyg: 3<br \/>\nBiopremi\u00e4r 9 oktober<\/p>\n<p class=\"p1\"><span class=\"s1\"><i>Inget f\u00f6r den som \u00e4r h\u00f6jdr\u00e4dd.<\/i><\/span><\/p>\n<p class=\"p1\"><span class=\"s1\"><i>The Walk<\/i> \u00e4r en film med ett, och bara ett, syfte: att bjuda p\u00e5 en s\u00e5 nervkittlande upplevelse som m\u00f6jligt. Och med det lyckas den ju briljant. Men f\u00f6r \u00f6vrigt ska en kanske inte f\u00f6rv\u00e4nta sig n\u00e5got s\u00e4rskilt budskap. Handlingen \u00e4r hur simpel som helst. Faktum \u00e4r att jag knappt ens kan placera filmen inom n\u00e5gon genre, men jag har s\u00e4llan svettats s\u00e5 mycket i en biosalong. <\/span><\/p>\n<p class=\"p1\"><span class=\"s1\">Det bygger p\u00e5 den verkliga h\u00e4ndelsen n\u00e4r fransosen Philippe Petit 1974 gick p\u00e5 lina mellan de tv\u00e5 World Trade Center-tornen. Filmen \u00e4r baserad p\u00e5 hans sj\u00e4lvbiografi, <i>To Reach the Clouds: My High Wire Walk Between the Twin Towers<\/i>, och i rollen som Petit ser vi en v\u00e5ghalsig men m\u00e5lmedveten Joseph Gordon Levitt som g\u00f6r sitt b\u00e4sta f\u00f6r att prata med fransk accent.<\/span><\/p>\n<p class=\"p1\"><span class=\"s1\">I all hast f\u00e5r vi ta del av hans uppv\u00e4xt i pittoreska franska landsbygdsmilj\u00f6er och hur intresset f\u00f6r akrobatik uppstod. Hur han efter att ha sl\u00e4ngts hemifr\u00e5n flyr till Paris f\u00f6r att f\u00f6rs\u00f6rja sig som gatuartist och l\u00e4r k\u00e4nna sin f\u00f6rsta medbrottsling, gatumusikern och konstskoleeleven Annie, som han \u00e4ven f\u00f6r\u00e4lskar sig i. Snart han samlat p\u00e5 sig ett r\u00e4tt sympatiskt g\u00e4ng medbrottslingar.<\/span><\/p>\n<p class=\"p1\"><span class=\"s1\">Desto mer tid \u00e4gnas \u00e5t planeringen bakom kuppen. Mest sp\u00e4nnande blir det n\u00e4r de tagit sig till Manhattan, som i filmen i likhet med allt annat amerikanskt visas upp fr\u00e5n sin mysigaste sida. Det \u00e4r mycket som kan g\u00e5 fel, och sj\u00e4lva utf\u00f6randet \u00e4r minst lika nervkittlande som den svindlande ling\u00e5ngen. Tv\u00e5 timmar g\u00e5r snabbt och n\u00e5gra utdragna scener till trots \u00e4r det en\u00a0klart sev\u00e4rd tripp. N\u00e4r jag l\u00e4mnar biosalongen har jag fortfarande hj\u00e4rtat i halsgropen.<\/span><\/p>\n<p><iframe loading=\"lazy\" src=\"https:\/\/www.youtube.com\/embed\/GR1EmTKAWIw\" width=\"560\" height=\"315\" frameborder=\"0\" allowfullscreen=\"allowfullscreen\"><\/iframe><\/p>\n","protected":false},"excerpt":{"rendered":"<p>The Walk Betyg: 3 Biopremi\u00e4r 9 oktober Inget f\u00f6r den som \u00e4r h\u00f6jdr\u00e4dd. The Walk \u00e4r en film med ett, och bara ett, syfte: att bjuda p\u00e5 en s\u00e5 nervkittlande upplevelse som m\u00f6jligt. Och med det lyckas den ju briljant. Men f\u00f6r \u00f6vrigt ska en kanske inte f\u00f6rv\u00e4nta sig n\u00e5got s\u00e4rskilt budskap. Handlingen \u00e4r hur [&hellip;]<\/p>\n","protected":false},"author":3,"featured_media":0,"comment_status":"open","ping_status":"open","sticky":false,"template":"","format":"standard","meta":{"_genesis_hide_title":false,"_genesis_hide_breadcrumbs":false,"_genesis_hide_singular_image":false,"_genesis_hide_footer_widgets":false,"_genesis_custom_body_class":"","_genesis_custom_post_class":"","_genesis_layout":"","footnotes":""},"categories":[50,51,20],"tags":[8787,12380,12381],"class_list":{"0":"post-97246","1":"post","2":"type-post","3":"status-publish","4":"format-standard","6":"category-filmfilm","7":"category-filmer","8":"category-film","9":"tag-joseph-gordon-levitt","10":"tag-the-walk","11":"tag-world-trade-center","12":"entry"},"_links":{"self":[{"href":"https:\/\/kulturbloggen.com\/index.php?rest_route=\/wp\/v2\/posts\/97246","targetHints":{"allow":["GET"]}}],"collection":[{"href":"https:\/\/kulturbloggen.com\/index.php?rest_route=\/wp\/v2\/posts"}],"about":[{"href":"https:\/\/kulturbloggen.com\/index.php?rest_route=\/wp\/v2\/types\/post"}],"author":[{"embeddable":true,"href":"https:\/\/kulturbloggen.com\/index.php?rest_route=\/wp\/v2\/users\/3"}],"replies":[{"embeddable":true,"href":"https:\/\/kulturbloggen.com\/index.php?rest_route=%2Fwp%2Fv2%2Fcomments&post=97246"}],"version-history":[{"count":1,"href":"https:\/\/kulturbloggen.com\/index.php?rest_route=\/wp\/v2\/posts\/97246\/revisions"}],"predecessor-version":[{"id":97248,"href":"https:\/\/kulturbloggen.com\/index.php?rest_route=\/wp\/v2\/posts\/97246\/revisions\/97248"}],"wp:attachment":[{"href":"https:\/\/kulturbloggen.com\/index.php?rest_route=%2Fwp%2Fv2%2Fmedia&parent=97246"}],"wp:term":[{"taxonomy":"category","embeddable":true,"href":"https:\/\/kulturbloggen.com\/index.php?rest_route=%2Fwp%2Fv2%2Fcategories&post=97246"},{"taxonomy":"post_tag","embeddable":true,"href":"https:\/\/kulturbloggen.com\/index.php?rest_route=%2Fwp%2Fv2%2Ftags&post=97246"}],"curies":[{"name":"wp","href":"https:\/\/api.w.org\/{rel}","templated":true}]}}