{"id":97217,"date":"2015-10-01T09:41:36","date_gmt":"2015-10-01T08:41:36","guid":{"rendered":"http:\/\/kulturbloggen.com\/?p=97217"},"modified":"2015-10-01T09:41:36","modified_gmt":"2015-10-01T08:41:36","slug":"tankar-kring-revyn-utsalt-pa-stockholms-stadsteater","status":"publish","type":"post","link":"https:\/\/kulturbloggen.com\/?p=97217","title":{"rendered":"Tankar kring revyn Uts\u00e5lt p\u00e5 Stockholms stadsteater"},"content":{"rendered":"<p><a href=\"http:\/\/kulturbloggen.com\/wp-content\/uploads\/2015\/10\/utsalt.jpg\"><img loading=\"lazy\" decoding=\"async\" src=\"http:\/\/kulturbloggen.com\/wp-content\/uploads\/2015\/10\/utsalt-300x200.jpg\" alt=\"UTS\u00c5LT Kulturhuset Stadsteatern\" width=\"300\" height=\"200\" class=\"aligncenter size-medium wp-image-97221\" srcset=\"https:\/\/kulturbloggen.com\/wp-content\/uploads\/2015\/10\/utsalt-300x200.jpg 300w, https:\/\/kulturbloggen.com\/wp-content\/uploads\/2015\/10\/utsalt-1024x683.jpg 1024w\" sizes=\"auto, (max-width: 300px) 100vw, 300px\" \/><\/a><\/p>\n<p><strong>Uts\u00e5lt <\/strong><br \/>\nAv: Babben Larsson, Mikael Tornving och Adde Malmberg<br \/>\nRegi: Adde Malmberg<br \/>\nScenografi: Hansson Sj\u00f6berg<br \/>\nKostym: Gudrun R\u00f6snes<br \/>\nLjus: Alarik Lilliestierna<br \/>\nMask: Maria Lindstedt<br \/>\nKapellm\u00e4stare: Marika Willstedt<br \/>\nPremi\u00e4r p\u00e5 Stockholms stadsteater den 30 september 2015<\/p>\n<p>I l\u00e4ttsamhet presenterade sk\u00e5despelarna ensemblen p\u00e5 scen. Man f\u00f6rklarade sj\u00e4lvklarheter om sina roller denna kv\u00e4ll och gick omkring i typiska revyman\u00e9r, fl\u00f6rtandes och ibland skrattandes med publiken. Det k\u00e4ndes ytterst l\u00e4ttsamt, skoj och n\u00e5got mer inbjudande \u00e4n jag hade trott. Publiken h\u00e4ngde utan tvivel p\u00e5 vid minsta lockbete. De betalande g\u00e4sterna l\u00e4ngtade efter att bli roade. En och annan skalad morot stacks \u00e5t oss.<br \/>\nF\u00f6rest\u00e4llningen bestod av tv\u00e5 akter, d\u00e4r varje akt har snabba sketcher (17 st i varje akt) efter varandra. Dessa sm\u00e5 inl\u00e4gg i debatten varierade kraftigt, b\u00e5de i inneh\u00e5ll och i underh\u00e5llningsv\u00e4rde. Ibland k\u00e4ndes det v\u00e4ldigt tydligt att ett nummer eller en s\u00e5ng var n\u00e5gon form av utfyllnad f\u00f6r n\u00e5got annat och d\u00e4rmed gav det inte lika mycket kraft, v\u00e4rde eller betydelse bakom orden.<\/p>\n<p><a href=\"http:\/\/kulturbloggen.com\/wp-content\/uploads\/2015\/10\/utsalt2.jpg\"><img loading=\"lazy\" decoding=\"async\" src=\"http:\/\/kulturbloggen.com\/wp-content\/uploads\/2015\/10\/utsalt2-300x200.jpg\" alt=\"UTS\u00c5LT Kulturhuset Stadsteatern\" width=\"300\" height=\"200\" class=\"alignright size-medium wp-image-97222\" srcset=\"https:\/\/kulturbloggen.com\/wp-content\/uploads\/2015\/10\/utsalt2-300x200.jpg 300w, https:\/\/kulturbloggen.com\/wp-content\/uploads\/2015\/10\/utsalt2-1024x683.jpg 1024w\" sizes=\"auto, (max-width: 300px) 100vw, 300px\" \/><\/a>Det m\u00e4rktes tydligt att revyn har tre stycken manusf\u00f6rfattare, som troligtvis var ansvariga f\u00f6r olika delar. Jag har sv\u00e5rt att se att det gjort allt skrivande tillsammans. Inneh\u00e5llet varierade tydligt och humorn var allt fr\u00e5n det morbida till det l\u00e4tt tramsiga. Jag hade f\u00f6rv\u00e4ntat mig vassare budskap i den h\u00e4r revyn och att man n\u00e5gon g\u00e5ng skulle k\u00e4nna av satirens knivvassa egg. Kv\u00e4llens inneh\u00e5ll var mestadels bra, trevligt och man log. Framtr\u00e4dandena var mer skrattretande och dr\u00e5pliga, \u00e4n n\u00e5got annat. Ironin kunde vara sann och trov\u00e4rdig, ge po\u00e4nger, men enbart vid n\u00e5gra tillf\u00e4llen kom slag under midjan.  Jag hade hoppats p\u00e5 h\u00e5rdare slag. Jag l\u00e4ngtade efter det. Inga f\u00f6rsvarmekanismer sattes ig\u00e5ng i en alls.<\/p>\n<p>Revyn innefattade allt fr\u00e5n sj\u00e4lvkritik av \u201doss\u201d Stockholmare, sk\u00e4ll p\u00e5 SJ, vardagsstress och akademikers trams med ord.<br \/>\nM\u00e5nga av sk\u00e5despelarna gjorde sitt jobb v\u00e4l under kv\u00e4llen, men mest fascinerad var jag av Rakel W\u00e4rml\u00e4nder. Hon gjorde b.la. en fantastisk parodi p\u00e5 moderaternas partiledare, d\u00e4r r\u00f6st, mimik och kroppsspr\u00e5k var klockrena p\u00e5 m\u00e5nga s\u00e4tt. Jag hade g\u00e4rna sett mer av just den typen av humor i f\u00f6rest\u00e4llningen.<br \/>\nRevyn leverera b\u00e4st en hel del tragikomiska budskap som g\u00f6r att man blir l\u00e4tt besviken p\u00e5 v\u00e5r m\u00e4nskliga natur. Vi m\u00e4nniskor \u00e4r allt bra konstiga ibland. F\u00f6r visst \u00e4r det tragiskt att en del smeker sin Iphone mer \u00e4n de smeker varandra? Eller att grekerna fuskat sig in i EU och att om vi inte betalar dem pengar g\u00e5r ett land i konkurs.<\/p>\n<p>D\u00e4remot lyckades man inget vidare med att f\u00f6rs\u00f6ka vara debatt\u00f6rer till svensk vardagsproblematik. Ska man ge v\u00e5r stadsminister en k\u00e4nga eller belysa romernas tiggande situation i Sverige, m\u00e5ste man ge n\u00e5got nytt i den diskussionen. Floskler eller klyschor blir bara irriterande. Man kan inte damma av gammal vardagshumor och leverera det som om publiken \u00e4r korkad och inte begriper n\u00e5got. Det hj\u00e4lper inte med en ungdomsbild p\u00e5 L\u00f6v\u00e9n med stor pubertal n\u00e4sa eller en sk\u00e5despelare utkl\u00e4dd till romersk medborgare f\u00f6r att ge mer k\u00f6tt p\u00e5 benen.<br \/>\nJag trodde jag skulle bli \u201dhelt s\u00e5ld\u201d p\u00e5 f\u00f6rest\u00e4llningen. Ist\u00e4llet l\u00e4mnas jag med en l\u00e4tt ljummen k\u00e4nsla och inget h\u00e5rt som skavde. Ingen s\u00e5ng har bitit sig kvar och inga repliker n\u00f6ter i hj\u00e4rnan. Det enda som ger mersmak s\u00e5h\u00e4r efter\u00e5t, \u00e4r Mikael Tornvigs snygga vader (vilket han uttryckligen sj\u00e4lv \u00f6nskade att de skulle g\u00f6ra).<\/p>\n<p><strong>Medverkande:<\/strong><br \/>\nMikael Tornving<br \/>\nAdde Malmberg<br \/>\nElisabet Carlsson<br \/>\nRakel W\u00e4rml\u00e4nder<br \/>\nNadja Mirmiran (fr\u00e5n 24 oktober)<br \/>\nKalle Westerdahl<br \/>\nSofia Bach<br \/>\nKapellm\u00e4stare\/musiker Marika Willstedt<br \/>\nMusiker Jakob Birgersson<br \/>\nMusiker Mats Persson<\/p>\n<p>Foto: Markus G\u00e5rder<\/p>\n","protected":false},"excerpt":{"rendered":"<p>Uts\u00e5lt Av: Babben Larsson, Mikael Tornving och Adde Malmberg Regi: Adde Malmberg Scenografi: Hansson Sj\u00f6berg Kostym: Gudrun R\u00f6snes Ljus: Alarik Lilliestierna Mask: Maria Lindstedt Kapellm\u00e4stare: Marika Willstedt Premi\u00e4r p\u00e5 Stockholms stadsteater den 30 september 2015 I l\u00e4ttsamhet presenterade sk\u00e5despelarna ensemblen p\u00e5 scen. Man f\u00f6rklarade sj\u00e4lvklarheter om sina roller denna kv\u00e4ll och gick omkring i typiska [&hellip;]<\/p>\n","protected":false},"author":32,"featured_media":0,"comment_status":"open","ping_status":"open","sticky":false,"template":"","format":"standard","meta":{"_genesis_hide_title":false,"_genesis_hide_breadcrumbs":false,"_genesis_hide_singular_image":false,"_genesis_hide_footer_widgets":false,"_genesis_custom_body_class":"","_genesis_custom_post_class":"","_genesis_layout":"","footnotes":""},"categories":[16,20,30,31],"tags":[],"class_list":{"0":"post-97217","1":"post","2":"type-post","3":"status-publish","4":"format-standard","6":"category-recension","7":"category-film","8":"category-teater","9":"category-teaterrecension","10":"entry"},"_links":{"self":[{"href":"https:\/\/kulturbloggen.com\/index.php?rest_route=\/wp\/v2\/posts\/97217","targetHints":{"allow":["GET"]}}],"collection":[{"href":"https:\/\/kulturbloggen.com\/index.php?rest_route=\/wp\/v2\/posts"}],"about":[{"href":"https:\/\/kulturbloggen.com\/index.php?rest_route=\/wp\/v2\/types\/post"}],"author":[{"embeddable":true,"href":"https:\/\/kulturbloggen.com\/index.php?rest_route=\/wp\/v2\/users\/32"}],"replies":[{"embeddable":true,"href":"https:\/\/kulturbloggen.com\/index.php?rest_route=%2Fwp%2Fv2%2Fcomments&post=97217"}],"version-history":[{"count":3,"href":"https:\/\/kulturbloggen.com\/index.php?rest_route=\/wp\/v2\/posts\/97217\/revisions"}],"predecessor-version":[{"id":97223,"href":"https:\/\/kulturbloggen.com\/index.php?rest_route=\/wp\/v2\/posts\/97217\/revisions\/97223"}],"wp:attachment":[{"href":"https:\/\/kulturbloggen.com\/index.php?rest_route=%2Fwp%2Fv2%2Fmedia&parent=97217"}],"wp:term":[{"taxonomy":"category","embeddable":true,"href":"https:\/\/kulturbloggen.com\/index.php?rest_route=%2Fwp%2Fv2%2Fcategories&post=97217"},{"taxonomy":"post_tag","embeddable":true,"href":"https:\/\/kulturbloggen.com\/index.php?rest_route=%2Fwp%2Fv2%2Ftags&post=97217"}],"curies":[{"name":"wp","href":"https:\/\/api.w.org\/{rel}","templated":true}]}}