{"id":96835,"date":"2015-09-20T08:09:45","date_gmt":"2015-09-20T07:09:45","guid":{"rendered":"http:\/\/kulturbloggen.com\/?p=96835"},"modified":"2015-09-20T08:09:45","modified_gmt":"2015-09-20T07:09:45","slug":"tankar-kring-mens-the-musical-pa-dramaten","status":"publish","type":"post","link":"https:\/\/kulturbloggen.com\/?p=96835","title":{"rendered":"Tankar kring &#8221;Mens the musical&#8221; p\u00e5 Dramaten"},"content":{"rendered":"<p><a href=\"http:\/\/kulturbloggen.com\/wp-content\/uploads\/2015\/09\/mensmusikal.jpg\"><img loading=\"lazy\" decoding=\"async\" src=\"http:\/\/kulturbloggen.com\/wp-content\/uploads\/2015\/09\/mensmusikal-300x265.jpg\" alt=\"mensmusikal\" width=\"300\" height=\"265\" class=\"aligncenter size-medium wp-image-96839\" srcset=\"https:\/\/kulturbloggen.com\/wp-content\/uploads\/2015\/09\/mensmusikal-300x265.jpg 300w, https:\/\/kulturbloggen.com\/wp-content\/uploads\/2015\/09\/mensmusikal-1024x904.jpg 1024w, https:\/\/kulturbloggen.com\/wp-content\/uploads\/2015\/09\/mensmusikal.jpg 1920w\" sizes=\"auto, (max-width: 300px) 100vw, 300px\" \/><\/a><\/p>\n<p><strong>Mens the musical<\/strong><br \/>\nRegi Cardoso Rebecka<br \/>\nMusik Safoura Safavi<br \/>\nScenografi Jan Lundberg<br \/>\nKostym Nina Sandstr\u00f6m<br \/>\nLjus Mira Svanberg<br \/>\nMask Mimmi Lindell<br \/>\nKoreografi Jimmy Meurling<br \/>\nUrpremi\u00e4r 18 september 2015, Unga Dramaten\/M\u00e5larsalen<br \/>\nF\u00f6rest\u00e4llning som recenseras: 19 september 2015<\/p>\n<p>Att prata ing\u00e5ende om n\u00e5got s\u00e5 vanligt som menstruation \u00e4r inte n\u00e5got man g\u00f6r varje dag. Inte f\u00f6r att det \u00e4r konstig eller farligt, utan helt enkelt eftersom att det \u00e4r v\u00e4ldigt privat och s\u00e5 sj\u00e4lvklart; alla kvinnor har ju det i en viss \u00e5lder. Eller \u00e4r det s\u00e5 att mens fortfarande \u00e4r lite \u00e4ckligt, kletigt och fult!? Kan det vara d\u00e4rf\u00f6r som vi inte pratar om det!? <\/p>\n<p>Enligt musikalen s\u00e5 finns det massvis av hinder f\u00f6r att en kvinna helt och fullt ska kunna f\u00e5 lov att njuta av det faktum att hon har mens. Upps\u00e4ttningen ber\u00f6r kristendomens f\u00f6rtryck mot kvinnlig menstruation och p\u00e5 k\u00f6pet kl\u00e4mmer man in de gamla grekernas syn ocks\u00e5. Sj\u00e4lvklart ligger det en hel del i det som s\u00e4gs, men det finns massor av andra synvinklar p\u00e5 kvinnligheten och den bl\u00f6dning som sker varje m\u00e5nad. Framf\u00f6rallt belyser man enbart m\u00e4ns f\u00f6rakt mot blodet, vilket s\u00e4kert ska vara en provokation av n\u00e5got slag. Dock \u00e4r det inte sant att de enbart varit m\u00e4n som f\u00f6rundrat sig \u00f6ver \u201dlingonveckan\u201d utan det har \u00e4ven kvinnor i historien varit ganska bra p\u00e5 att f\u00f6rtrycka ocks\u00e5. Ett tag trodde jag att jag hade kommit till ett grupp8 m\u00f6te, d\u00e4r alla mannen skulle presenteras som enbart vidriga typer. Det var dock sk\u00f6nt att det inte var s\u00e5.<\/p>\n<p><a href=\"http:\/\/kulturbloggen.com\/wp-content\/uploads\/2015\/09\/mensmusikal2.jpg\"><img loading=\"lazy\" decoding=\"async\" src=\"http:\/\/kulturbloggen.com\/wp-content\/uploads\/2015\/09\/mensmusikal2-200x300.jpg\" alt=\"mensmusikal2\" width=\"200\" height=\"300\" class=\"alignright size-medium wp-image-96840\" srcset=\"https:\/\/kulturbloggen.com\/wp-content\/uploads\/2015\/09\/mensmusikal2-200x300.jpg 200w, https:\/\/kulturbloggen.com\/wp-content\/uploads\/2015\/09\/mensmusikal2-684x1024.jpg 684w, https:\/\/kulturbloggen.com\/wp-content\/uploads\/2015\/09\/mensmusikal2.jpg 1920w\" sizes=\"auto, (max-width: 200px) 100vw, 200px\" \/><\/a>Det fanns en hel del roliga, sarkastiska och ironiska syns\u00e4tt som levererades. N\u00e4r hajarna och vargen (i r\u00f6dluvan och vargen) g\u00f6r en hyllningen till blodet med j\u00e4rnlukt och s\u00f6tma, kan man inte l\u00e5ta bli att le och konstatera att djur sannerligen gillar lukten av blod. Dock tog de inte upp det faktum att m\u00e5nga kvinnor faktiskt tycker om sin egen lukt under menstruationen, och att deras eventuella partner ocks\u00e5 g\u00f6r det. Det kan jag tycka \u00e4r minst lika h\u00e4rligt att belysa!<\/p>\n<p>Det var lite mots\u00e4gelsefullt i musikalen. F\u00f6r \u00e5 ena siden skulle vi vara glada och tacksamma f\u00f6r de 456 \u00e4gg som ligger p\u00e5 lut i oss, men n\u00e4r kvinnorna skulle v\u00e4nta ut och se vem av dem som blivit gravid, var det ingen av dem som till en b\u00f6rjan ville f\u00e5 barn. N\u00e4r sedan den ena fick barnet och stod med det i sin famn, s\u00e5 ville hon helt pl\u00f6tsligt ha det och det ville d\u00e5 de andra ocks\u00e5. Min logik gick inte ihop d\u00e4r och f\u00f6rvandlingen fr\u00e5n starka kvinnor som vet vad de vill (oavsett ja eller nej till barn), till kvinnor som \u00e4r slavar under sin biologi, blev n\u00e5got f\u00f6r klyschaktigt och bef\u00e4ngt f\u00f6r min smak.<\/p>\n<p>Att dessa sk\u00e5despelare inte var dansare och s\u00e5ngare, kunde h\u00f6ras ganska tydligt. Framf\u00f6rallt f\u00f6r att n\u00e5gra av dem var n\u00e5got skolade, medan andra inte. Likadant var det med dansandet. Tyv\u00e4rr blir det lite jobbigt f\u00f6r intrycken och helhetsbed\u00f6mningen n\u00e4r skillnaderna blir f\u00f6r stora mellan det som funkar och det som inte fungerar. <\/p>\n<p>Kvinnorna i upps\u00e4ttningen hade genomg\u00e5ende ett v\u00e4ldigt komiskt kroppspr\u00e5k, som jag uppskattade. De v\u00e5gade dessutom att ibland ta f\u00f6r sig p\u00e5 ett ganska klassiskt manligt s\u00e4tt. Utan problem sa man ekivoka ord eller kliade sig i skrevet, p\u00e5 ett s\u00e4tt som allt f\u00f6r f\u00e5 kvinnor ger sig frihet till. Det k\u00e4ndes befriande.<\/p>\n<p>Jag hade g\u00e4rna sett att manuset hade haft en \u201dr\u00f6d\u201d tr\u00e5d. Med mens som tema hade v\u00e4l det varit str\u00e5lande.  Att kastats mellan h\u00e4r, nu, fiskar, grekerna och \u201ds\u00e5 g\u00f6r djur\u201d, blev v\u00e4ldigt r\u00f6rigt. Upps\u00e4ttningen fick ingen helhet och inte ett gemensamt st\u00e4llningstagande till n\u00e5got direkt ang\u00e5ende menstruation. Det hade jag g\u00e4rna velat ha, eftersom jag tycker det \u00e4r en bra ide att just prata om mens med b\u00e5de flickor och pojkar. Upps\u00e4ttningen blev inte en hel musikal utan ist\u00e4llet blev det oberoende sketcher huller om buller med l\u00e4tt populistiskt t\u00e4nk kring dessa.<br \/>\nIbland var det tyv\u00e4rr sv\u00e5rt att h\u00f6ra s\u00e5ngtexterna och det f\u00f6rsv\u00e5rade \u00e4nnu mer handlingen att p\u00e5 n\u00e5got vis b\u00e4ras fram\u00e5t av just texterna och musiken. <\/p>\n<p>Det som var riktigt roligt och som sk\u00e5despelerskorna var riktigt bra p\u00e5 var att prata dialekter och andra spr\u00e5k. B\u00e5de den fejkade norskan och danskan, var riktigt bra, men framf\u00f6rallt var sk\u00e5nskan och g\u00f6teborgskan riktigt klockrena trots att de inte var helt korrekta. Men roligt var det! Jag var inte ensam om att skratta \u00e5t det. Dessutom var det v\u00e4ldigt sp\u00e4nnande att h\u00f6ra enskilda historier om hur det k\u00e4ndes att f\u00e5 mens f\u00f6r f\u00f6rsta g\u00e5ngen. Det \u00e4r fascinerande hur generationer f\u00f6r\u00e4ndrats och hur hyllningen av att barnet blivit kvinna varierar.<\/p>\n<p><strong>Medverkande<\/strong><br \/>\nSofia Pekkari, Maia Hansson Bergqvist, Asta Kamma August, Mia Benson, Rakel Gajdusek Ben\u00e9r<\/p>\n","protected":false},"excerpt":{"rendered":"<p>Mens the musical Regi Cardoso Rebecka Musik Safoura Safavi Scenografi Jan Lundberg Kostym Nina Sandstr\u00f6m Ljus Mira Svanberg Mask Mimmi Lindell Koreografi Jimmy Meurling Urpremi\u00e4r 18 september 2015, Unga Dramaten\/M\u00e5larsalen F\u00f6rest\u00e4llning som recenseras: 19 september 2015 Att prata ing\u00e5ende om n\u00e5got s\u00e5 vanligt som menstruation \u00e4r inte n\u00e5got man g\u00f6r varje dag. Inte f\u00f6r att [&hellip;]<\/p>\n","protected":false},"author":32,"featured_media":0,"comment_status":"open","ping_status":"open","sticky":false,"template":"","format":"standard","meta":{"_genesis_hide_title":false,"_genesis_hide_breadcrumbs":false,"_genesis_hide_singular_image":false,"_genesis_hide_footer_widgets":false,"_genesis_custom_body_class":"","_genesis_custom_post_class":"","_genesis_layout":"","footnotes":""},"categories":[16,20,30,31],"tags":[],"class_list":{"0":"post-96835","1":"post","2":"type-post","3":"status-publish","4":"format-standard","6":"category-recension","7":"category-film","8":"category-teater","9":"category-teaterrecension","10":"entry"},"_links":{"self":[{"href":"https:\/\/kulturbloggen.com\/index.php?rest_route=\/wp\/v2\/posts\/96835","targetHints":{"allow":["GET"]}}],"collection":[{"href":"https:\/\/kulturbloggen.com\/index.php?rest_route=\/wp\/v2\/posts"}],"about":[{"href":"https:\/\/kulturbloggen.com\/index.php?rest_route=\/wp\/v2\/types\/post"}],"author":[{"embeddable":true,"href":"https:\/\/kulturbloggen.com\/index.php?rest_route=\/wp\/v2\/users\/32"}],"replies":[{"embeddable":true,"href":"https:\/\/kulturbloggen.com\/index.php?rest_route=%2Fwp%2Fv2%2Fcomments&post=96835"}],"version-history":[{"count":3,"href":"https:\/\/kulturbloggen.com\/index.php?rest_route=\/wp\/v2\/posts\/96835\/revisions"}],"predecessor-version":[{"id":96841,"href":"https:\/\/kulturbloggen.com\/index.php?rest_route=\/wp\/v2\/posts\/96835\/revisions\/96841"}],"wp:attachment":[{"href":"https:\/\/kulturbloggen.com\/index.php?rest_route=%2Fwp%2Fv2%2Fmedia&parent=96835"}],"wp:term":[{"taxonomy":"category","embeddable":true,"href":"https:\/\/kulturbloggen.com\/index.php?rest_route=%2Fwp%2Fv2%2Fcategories&post=96835"},{"taxonomy":"post_tag","embeddable":true,"href":"https:\/\/kulturbloggen.com\/index.php?rest_route=%2Fwp%2Fv2%2Ftags&post=96835"}],"curies":[{"name":"wp","href":"https:\/\/api.w.org\/{rel}","templated":true}]}}