{"id":9683,"date":"2009-05-20T10:29:05","date_gmt":"2009-05-20T08:29:05","guid":{"rendered":"http:\/\/kulturbloggen.com\/?p=9683"},"modified":"2009-05-20T10:29:05","modified_gmt":"2009-05-20T08:29:05","slug":"hovratten-byter-ut-den-nytillsatta-domaren-i-pirate-bay-malet","status":"publish","type":"post","link":"https:\/\/kulturbloggen.com\/?p=9683","title":{"rendered":"Hovr\u00e4tten byter ut den nytillsatta domaren i Pirate Bay-m\u00e5let"},"content":{"rendered":"<p><img loading=\"lazy\" decoding=\"async\" src=\"http:\/\/sodergren.com\/kulturbloggen\/wp-content\/uploads\/2009\/05\/hovratten290.jpg\" alt=\"hovratten290\" title=\"hovratten290\" width=\"290\" height=\"200\" class=\"alignright size-full wp-image-9685\" \/><br \/>\n\u00c4ntligen n\u00e5gra som tagit sitt f\u00f6rnuft till f\u00e5nga. Ska vi ha tilltro till r\u00e4ttsystemet var det h\u00e4r j\u00e4tteviktigt:<br \/>\n<a href=\"http:\/\/www.svd.se\/nyheter\/inrikes\/artikel_2925931.svd\">Svenska Dagbladet<\/a>:<br \/>\n<em>Hovr\u00e4tten byter ut den nytillsatta domaren i Pirate Bay-m\u00e5let. Fr\u00e5gan om tingsr\u00e4tten varit j\u00e4vig avg\u00f6rs nu av tre domare fr\u00e5n en annan avdelning.<\/p>\n<p>\u2013 Det kan upplysningsvis n\u00e4mnas att ingen av dessa \u00e4r eller har varit medlemmar i n\u00e5gon av de f\u00f6reningar som \u00e4r aktuella i m\u00e5let, skriver hovr\u00e4tten i ett pressmeddelande<\/em>.<br \/>\n<!--more--><br \/>\n<a href=\"http:\/\/www.domstol.se\/templates\/DV_Press____10938.aspx\">S\u00e5 h\u00e4r lyder Hovr\u00e4ttens pressmeddelande<\/a>:<\/p>\n<blockquote><p>Det s.k. Pirate Bay-m\u00e5let kom in till hovr\u00e4tten den 18 maj. M\u00e5let har lottats p\u00e5 hovr\u00e4ttens avdelning 2, som enligt hovr\u00e4ttens arbetsordning har s\u00e4rskild inriktning p\u00e5 bl.a. upphovsr\u00e4tt och andra s.k. immaterialr\u00e4ttsliga m\u00e5l.<\/p>\n<p>I m\u00e5let har ocks\u00e5 v\u00e4ckts fr\u00e5gan om j\u00e4v mot ordf\u00f6randen vid huvudf\u00f6rhandlingen i tingsr\u00e4tten. Inv\u00e4ndningen om j\u00e4v grundas p\u00e5 bl.a. p\u00e5st\u00e5ende om medlemskap och deltagande i vissa f\u00f6reningar med anknytning till upphovsr\u00e4ttsliga intressen.<\/p>\n<p>Hovr\u00e4ttens president har idag beslutat att den fr\u00e5gan ska avg\u00f6ras p\u00e5 avdelning 1 i hovr\u00e4tten. Sk\u00e4len f\u00f6r detta \u00e4r dels att j\u00e4vsfr\u00e5gan b\u00f6r pr\u00f6vas av andra domare \u00e4n dem som senare kan komma att d\u00f6ma i m\u00e5let, dels att det, med h\u00e4nsyn till inneh\u00e5llet i j\u00e4vs-inv\u00e4ndningen, bed\u00f6mts som l\u00e4mpligt att j\u00e4vsfr\u00e5gan avg\u00f6rs p\u00e5 en avdelning som inte har specialinriktning p\u00e5 upphovsr\u00e4tt.<\/p>\n<p>Efter beslut av avdelningens chef, hovr\u00e4ttslagmannen Anders Eka, kommer j\u00e4vsfr\u00e5gan att pr\u00f6vas av honom sj\u00e4lv samt hovr\u00e4ttsr\u00e5den Christina Jacobsson och Ulrika Beergrehn. Det kan upplysningsvis n\u00e4mnas att ingen av dessa \u00e4r eller har varit medlemmar i n\u00e5gon av de f\u00f6reningar som \u00e4r aktuella i m\u00e5let.<\/p>\n<p>J\u00e4vsfr\u00e5gan kommer att hanteras med f\u00f6rtur.<\/p><\/blockquote>\n<p>Relaterade artiklar: <a href=\"http:\/\/www.svd.se\/nyheter\/inrikes\/artikel_2922921.svd\">Svenska Dagbladet 1<\/a> och <a href=\"http:\/\/www.svd.se\/opinion\/brannpunkt\/artikel_2918405.svd\">Svenska Dagbladet 2<\/a><\/p>\n<p>Uppdatering: <a href=\"http:\/\/www.dn.se\/nyheter\/eka-bedomer-piratjav-1.870494\">Alltid roligt n\u00e4r vi p\u00e5 Kulturbloggen, trots v\u00e5ra sm\u00e5 resurser \u00e4r en timme f\u00f6re DN.se med en stor nyhet.<\/a><\/p>\n<p>Andra bloggar om: <a href=\"http:\/\/bloggar.se\/om\/juridik\" rel=\"tag\">juridik<\/a>, <a href=\"http:\/\/bloggar.se\/om\/pirate+bay\" rel=\"tag\">pirate bay<\/a>, <a href=\"http:\/\/bloggar.se\/om\/r%E4tteg%E5ng\" rel=\"tag\">r\u00e4tteg\u00e5ng<\/a>, <a href=\"http:\/\/bloggar.se\/om\/fildelning\" rel=\"tag\">fildelning<\/a>, <a href=\"http:\/\/bloggar.se\/om\/integritet\" rel=\"tag\">integritet<\/a>, <a href=\"http:\/\/bloggar.se\/om\/Pirate+Bay\" rel=\"tag\">Pirate Bay<\/a>, <a href=\"http:\/\/bloggar.se\/om\/j%E4v\" rel=\"tag\">j\u00e4v<\/a>, <a href=\"http:\/\/bloggar.se\/om\/hovr%E4tten\" rel=\"tag\">hovr\u00e4tten<\/a><\/p>\n<p><img loading=\"lazy\" decoding=\"async\" src=\"http:\/\/sodergren.com\/kulturbloggen\/wp-content\/uploads\/2009\/05\/hovratten600.jpg\" alt=\"hovratten600\" title=\"hovratten600\" width=\"600\" height=\"200\" class=\"alignright size-full wp-image-9687\" \/><\/p>\n","protected":false},"excerpt":{"rendered":"<p>\u00c4ntligen n\u00e5gra som tagit sitt f\u00f6rnuft till f\u00e5nga. Ska vi ha tilltro till r\u00e4ttsystemet var det h\u00e4r j\u00e4tteviktigt: Svenska Dagbladet: Hovr\u00e4tten byter ut den nytillsatta domaren i Pirate Bay-m\u00e5let. Fr\u00e5gan om tingsr\u00e4tten varit j\u00e4vig avg\u00f6rs nu av tre domare fr\u00e5n en annan avdelning. \u2013 Det kan upplysningsvis n\u00e4mnas att ingen av dessa \u00e4r eller har [&hellip;]<\/p>\n","protected":false},"author":13,"featured_media":0,"comment_status":"open","ping_status":"open","sticky":false,"template":"","format":"standard","meta":{"_genesis_hide_title":false,"_genesis_hide_breadcrumbs":false,"_genesis_hide_singular_image":false,"_genesis_hide_footer_widgets":false,"_genesis_custom_body_class":"","_genesis_custom_post_class":"","_genesis_layout":"","footnotes":""},"categories":[20],"tags":[1708,2502,2811,4372,4872],"class_list":{"0":"post-9683","1":"post","2":"type-post","3":"status-publish","4":"format-standard","6":"category-film","7":"tag-fildelning","8":"tag-integritet","9":"tag-juridik","10":"tag-pirate-bay","11":"tag-rattegang","12":"entry"},"_links":{"self":[{"href":"https:\/\/kulturbloggen.com\/index.php?rest_route=\/wp\/v2\/posts\/9683","targetHints":{"allow":["GET"]}}],"collection":[{"href":"https:\/\/kulturbloggen.com\/index.php?rest_route=\/wp\/v2\/posts"}],"about":[{"href":"https:\/\/kulturbloggen.com\/index.php?rest_route=\/wp\/v2\/types\/post"}],"author":[{"embeddable":true,"href":"https:\/\/kulturbloggen.com\/index.php?rest_route=\/wp\/v2\/users\/13"}],"replies":[{"embeddable":true,"href":"https:\/\/kulturbloggen.com\/index.php?rest_route=%2Fwp%2Fv2%2Fcomments&post=9683"}],"version-history":[{"count":0,"href":"https:\/\/kulturbloggen.com\/index.php?rest_route=\/wp\/v2\/posts\/9683\/revisions"}],"wp:attachment":[{"href":"https:\/\/kulturbloggen.com\/index.php?rest_route=%2Fwp%2Fv2%2Fmedia&parent=9683"}],"wp:term":[{"taxonomy":"category","embeddable":true,"href":"https:\/\/kulturbloggen.com\/index.php?rest_route=%2Fwp%2Fv2%2Fcategories&post=9683"},{"taxonomy":"post_tag","embeddable":true,"href":"https:\/\/kulturbloggen.com\/index.php?rest_route=%2Fwp%2Fv2%2Ftags&post=9683"}],"curies":[{"name":"wp","href":"https:\/\/api.w.org\/{rel}","templated":true}]}}