{"id":96555,"date":"2015-09-10T09:59:47","date_gmt":"2015-09-10T08:59:47","guid":{"rendered":"http:\/\/kulturbloggen.com\/?p=96555"},"modified":"2015-09-10T09:59:47","modified_gmt":"2015-09-10T08:59:47","slug":"konsert-till-stod-for-manniskor-pa-flykt-pa-debaser-med-tove-lo-urban-cone-elliphant-maja-francis-miriam-bryant-med-flera","status":"publish","type":"post","link":"https:\/\/kulturbloggen.com\/?p=96555","title":{"rendered":"Konsert till st\u00f6d f\u00f6r m\u00e4nniskor p\u00e5 flykt p\u00e5 Debaser med Tove Lo, Urban Cone, Elliphant, Maja Francis, Miriam Bryant med flera"},"content":{"rendered":"<p><a href=\"http:\/\/kulturbloggen.com\/wp-content\/uploads\/2015\/09\/humanity.jpg\"><img loading=\"lazy\" decoding=\"async\" src=\"http:\/\/kulturbloggen.com\/wp-content\/uploads\/2015\/09\/humanity-300x111.jpg\" alt=\"humanity\" width=\"300\" height=\"111\" class=\"aligncenter size-medium wp-image-96556\" srcset=\"https:\/\/kulturbloggen.com\/wp-content\/uploads\/2015\/09\/humanity-300x111.jpg 300w, https:\/\/kulturbloggen.com\/wp-content\/uploads\/2015\/09\/humanity.jpg 1000w\" sizes=\"auto, (max-width: 300px) 100vw, 300px\" \/><\/a><\/p>\n<p>Tove Lo, Urban Cone, Elliphant, Maja Francis, Miriam Bryant, Thomas Stenstr\u00f6m, Norlie &#038; KKV och Niello spelar Humanity p\u00e5 Debaser, Medis, i Stockholm den 16 september 2015. Konserten arrangeras till st\u00f6d f\u00f6r m\u00e4nniskor p\u00e5 flykt.<br \/>\nEtt pressmail ber\u00e4ttar:<br \/>\nHUMANITY &#8211; V\u00c4LG\u00d6RENHETSKONSERT<br \/>\nTOVE LO, URBAN CONE, MAJA FRANCIS, ELLIPHANT, THOMAS STENSTR\u00d6M, MIRIAM BRYANT, NORLIE &#038; KKV, NIELLO.<br \/>\n&#8221;Den r\u00e5dande flyktingkrisen i Europa har f\u00e5tt m\u00e5nga att reagera och nu g\u00f6r vi vad vi kan f\u00f6r att hj\u00e4lpa till. Tillsammans fyller vi Debaser Medis onsdagen den 16 september till f\u00f6rm\u00e5n f\u00f6r R\u00f6da Korset&#8221; h\u00e4lsar n\u00e5gra av v\u00e5ra finaste artister just nu! Debaser st\u00e4ller s\u00e5klart upp med lokalen. Billetto st\u00e5r f\u00f6r biljettf\u00f6rs\u00e4ljningen d\u00e4r en biljett kostar MINST 150 kronor.<\/p>\n","protected":false},"excerpt":{"rendered":"<p>Tove Lo, Urban Cone, Elliphant, Maja Francis, Miriam Bryant, Thomas Stenstr\u00f6m, Norlie &#038; KKV och Niello spelar Humanity p\u00e5 Debaser, Medis, i Stockholm den 16 september 2015. Konserten arrangeras till st\u00f6d f\u00f6r m\u00e4nniskor p\u00e5 flykt. Ett pressmail ber\u00e4ttar: HUMANITY &#8211; V\u00c4LG\u00d6RENHETSKONSERT TOVE LO, URBAN CONE, MAJA FRANCIS, ELLIPHANT, THOMAS STENSTR\u00d6M, MIRIAM BRYANT, NORLIE &#038; KKV, [&hellip;]<\/p>\n","protected":false},"author":13,"featured_media":0,"comment_status":"open","ping_status":"open","sticky":false,"template":"","format":"standard","meta":{"_genesis_hide_title":false,"_genesis_hide_breadcrumbs":false,"_genesis_hide_singular_image":false,"_genesis_hide_footer_widgets":false,"_genesis_custom_body_class":"","_genesis_custom_post_class":"","_genesis_layout":"","footnotes":""},"categories":[7],"tags":[1187,1786],"class_list":{"0":"post-96555","1":"post","2":"type-post","3":"status-publish","4":"format-standard","6":"category-musik","7":"tag-debaser","8":"tag-flyktingar","9":"entry"},"_links":{"self":[{"href":"https:\/\/kulturbloggen.com\/index.php?rest_route=\/wp\/v2\/posts\/96555","targetHints":{"allow":["GET"]}}],"collection":[{"href":"https:\/\/kulturbloggen.com\/index.php?rest_route=\/wp\/v2\/posts"}],"about":[{"href":"https:\/\/kulturbloggen.com\/index.php?rest_route=\/wp\/v2\/types\/post"}],"author":[{"embeddable":true,"href":"https:\/\/kulturbloggen.com\/index.php?rest_route=\/wp\/v2\/users\/13"}],"replies":[{"embeddable":true,"href":"https:\/\/kulturbloggen.com\/index.php?rest_route=%2Fwp%2Fv2%2Fcomments&post=96555"}],"version-history":[{"count":1,"href":"https:\/\/kulturbloggen.com\/index.php?rest_route=\/wp\/v2\/posts\/96555\/revisions"}],"predecessor-version":[{"id":96557,"href":"https:\/\/kulturbloggen.com\/index.php?rest_route=\/wp\/v2\/posts\/96555\/revisions\/96557"}],"wp:attachment":[{"href":"https:\/\/kulturbloggen.com\/index.php?rest_route=%2Fwp%2Fv2%2Fmedia&parent=96555"}],"wp:term":[{"taxonomy":"category","embeddable":true,"href":"https:\/\/kulturbloggen.com\/index.php?rest_route=%2Fwp%2Fv2%2Fcategories&post=96555"},{"taxonomy":"post_tag","embeddable":true,"href":"https:\/\/kulturbloggen.com\/index.php?rest_route=%2Fwp%2Fv2%2Ftags&post=96555"}],"curies":[{"name":"wp","href":"https:\/\/api.w.org\/{rel}","templated":true}]}}