{"id":96083,"date":"2015-08-19T12:34:29","date_gmt":"2015-08-19T11:34:29","guid":{"rendered":"http:\/\/kulturbloggen.com\/?p=96083"},"modified":"2015-08-19T12:35:00","modified_gmt":"2015-08-19T11:35:00","slug":"titta-sa-ock-pa-jorden-trailer","status":"publish","type":"post","link":"https:\/\/kulturbloggen.com\/?p=96083","title":{"rendered":"Titta: S\u00e5 ock p\u00e5 jorden &#8211; trailer"},"content":{"rendered":"<p><a href=\"http:\/\/kulturbloggen.com\/wp-content\/uploads\/2015\/08\/saockpajorden.jpg\"><img loading=\"lazy\" decoding=\"async\" src=\"http:\/\/kulturbloggen.com\/wp-content\/uploads\/2015\/08\/saockpajorden-300x201.jpg\" alt=\"saockpajorden\" width=\"300\" height=\"201\" class=\"aligncenter size-medium wp-image-96084\" srcset=\"https:\/\/kulturbloggen.com\/wp-content\/uploads\/2015\/08\/saockpajorden-300x201.jpg 300w, https:\/\/kulturbloggen.com\/wp-content\/uploads\/2015\/08\/saockpajorden.jpg 800w\" sizes=\"auto, (max-width: 300px) 100vw, 300px\" \/><\/a><\/p>\n<p>S\u00c5 OCK P\u00c5 JORDEN \u2013 en frist\u00e5ende uppf\u00f6ljare till publik- och kritikersucc\u00e9n S\u00e5 som i Himmelen av Kay Pollak \u2013 \u00e4r en ber\u00e4ttelse om k\u00e4rlekens, musikens och dansens kraft att f\u00f6r\u00e4ndra m\u00e4nniskor. <\/p>\n<p>Livet g\u00e5r vidare f\u00f6r m\u00e4nniskorna i den lilla norrl\u00e4ndska byn Ljus\u00e5ker efter att deras k\u00f6rledare, den v\u00e4rldsber\u00f6mde dirigenten Daniel Dar\u00e9us, l\u00e4mnat dem. Kvar finns hans livs k\u00e4rlek Lena (Frida Hallgren), som v\u00e4ntar hans barn. Lena \u00e4lskar egentligen sv\u00e4ngig folkrock och country, men under stor tvekan tackar hon \u00e4nd\u00e5 ja till att ta hand om musiken i byns folktomma kyrka. Det blir startskottet f\u00f6r en kedja av h\u00e4ndelser som v\u00e4cker upp m\u00e4nniskors lust och l\u00e4ngtan. Samtidigt \u00e4r hennes arbetsmetoder starkt provocerande f\u00f6r etablissemanget och v\u00e4nner av ordning.<\/p>\n<p>I rollerna Frida Hallgren, Jakob Oftebro, Niklas Falk, Lennart J\u00e4hkel, Thomas Hanzon m.fl.<br \/>\nRegi: Kay Pollak<br \/>\nSvensk biopremi\u00e4r 4 september.<\/p>\n<p><iframe loading=\"lazy\" width=\"560\" height=\"315\" src=\"https:\/\/www.youtube.com\/embed\/7M1phc8ys20\" frameborder=\"0\" allowfullscreen><\/iframe><\/p>\n","protected":false},"excerpt":{"rendered":"<p>S\u00c5 OCK P\u00c5 JORDEN \u2013 en frist\u00e5ende uppf\u00f6ljare till publik- och kritikersucc\u00e9n S\u00e5 som i Himmelen av Kay Pollak \u2013 \u00e4r en ber\u00e4ttelse om k\u00e4rlekens, musikens och dansens kraft att f\u00f6r\u00e4ndra m\u00e4nniskor. Livet g\u00e5r vidare f\u00f6r m\u00e4nniskorna i den lilla norrl\u00e4ndska byn Ljus\u00e5ker efter att deras k\u00f6rledare, den v\u00e4rldsber\u00f6mde dirigenten Daniel Dar\u00e9us, l\u00e4mnat dem. Kvar [&hellip;]<\/p>\n","protected":false},"author":13,"featured_media":0,"comment_status":"open","ping_status":"open","sticky":false,"template":"","format":"standard","meta":{"_genesis_hide_title":false,"_genesis_hide_breadcrumbs":false,"_genesis_hide_singular_image":false,"_genesis_hide_footer_widgets":false,"_genesis_custom_body_class":"","_genesis_custom_post_class":"","_genesis_layout":"","footnotes":""},"categories":[50],"tags":[7954,12298,12299,12286,8994,5939],"class_list":{"0":"post-96083","1":"post","2":"type-post","3":"status-publish","4":"format-standard","6":"category-filmfilm","7":"tag-frida-hallgren","8":"tag-kay-pollak","9":"tag-lennart-hahkel","10":"tag-film","11":"tag-thomas-hanzon","12":"tag-trailer","13":"entry"},"_links":{"self":[{"href":"https:\/\/kulturbloggen.com\/index.php?rest_route=\/wp\/v2\/posts\/96083","targetHints":{"allow":["GET"]}}],"collection":[{"href":"https:\/\/kulturbloggen.com\/index.php?rest_route=\/wp\/v2\/posts"}],"about":[{"href":"https:\/\/kulturbloggen.com\/index.php?rest_route=\/wp\/v2\/types\/post"}],"author":[{"embeddable":true,"href":"https:\/\/kulturbloggen.com\/index.php?rest_route=\/wp\/v2\/users\/13"}],"replies":[{"embeddable":true,"href":"https:\/\/kulturbloggen.com\/index.php?rest_route=%2Fwp%2Fv2%2Fcomments&post=96083"}],"version-history":[{"count":1,"href":"https:\/\/kulturbloggen.com\/index.php?rest_route=\/wp\/v2\/posts\/96083\/revisions"}],"predecessor-version":[{"id":96085,"href":"https:\/\/kulturbloggen.com\/index.php?rest_route=\/wp\/v2\/posts\/96083\/revisions\/96085"}],"wp:attachment":[{"href":"https:\/\/kulturbloggen.com\/index.php?rest_route=%2Fwp%2Fv2%2Fmedia&parent=96083"}],"wp:term":[{"taxonomy":"category","embeddable":true,"href":"https:\/\/kulturbloggen.com\/index.php?rest_route=%2Fwp%2Fv2%2Fcategories&post=96083"},{"taxonomy":"post_tag","embeddable":true,"href":"https:\/\/kulturbloggen.com\/index.php?rest_route=%2Fwp%2Fv2%2Ftags&post=96083"}],"curies":[{"name":"wp","href":"https:\/\/api.w.org\/{rel}","templated":true}]}}