{"id":96007,"date":"2015-08-16T15:24:13","date_gmt":"2015-08-16T14:24:13","guid":{"rendered":"http:\/\/kulturbloggen.com\/?p=96007"},"modified":"2015-08-16T15:24:13","modified_gmt":"2015-08-16T14:24:13","slug":"way-out-west-ought-ar-ett-namn-att-lagga-pa-minnet","status":"publish","type":"post","link":"https:\/\/kulturbloggen.com\/?p=96007","title":{"rendered":"Way Out West: Ought \u00e4r ett namn att l\u00e4gga p\u00e5 minnet"},"content":{"rendered":"<p><a href=\"http:\/\/kulturbloggen.com\/wp-content\/uploads\/2015\/08\/ought.jpg\"><img loading=\"lazy\" decoding=\"async\" class=\"aligncenter size-medium wp-image-96008\" src=\"http:\/\/kulturbloggen.com\/wp-content\/uploads\/2015\/08\/ought-300x200.jpg\" alt=\"ought\" width=\"300\" height=\"200\" srcset=\"https:\/\/kulturbloggen.com\/wp-content\/uploads\/2015\/08\/ought-300x200.jpg 300w, https:\/\/kulturbloggen.com\/wp-content\/uploads\/2015\/08\/ought-1024x682.jpg 1024w\" sizes=\"auto, (max-width: 300px) 100vw, 300px\" \/><\/a><\/p>\n<p><strong>Ought, Pusterviks lilla scen<\/strong><br \/>\n<em>15 augusti 2015<\/em><br \/>\nBetyg: 5<\/p>\n<p><em>Ought \u00e4r ett av festivalens stora utropstecken.<\/em><\/p>\n<p>Ute \u00f6ser regnet ner, men det \u00e4r svettigt inne p\u00e5 Pustervik n\u00e4r den kanadensiska kvartetten Ought intar den lilla scenen p\u00e5 \u00f6verv\u00e5ningen f\u00f6r sin f\u00f6rsta Sverigespelning n\u00e5gonsin. De f\u00e5r bara spela i en halvtimme, men under denna halvtimme lyckas de imponera stort. Det \u00e4r den sista, men ocks\u00e5 den b\u00e4sta spelningen jag hinner med att se under \u00e5rets Way Out West.<\/p>\n<p>Framf\u00f6r allt r\u00f6r det sig om postpunk-influerade, rytmiskt malande l\u00e5tar som byggs upp dynamiskt, d\u00e4r det \u00e4r den upptrappande energin som f\u00e5r refr\u00e4ngerna att verkligen lyfta. Att se Ought live just nu k\u00e4nns som att se Joy Division eller Talking Heads som unga. Det sprudlar av vitalitet och en textrad som framf\u00f6rs med s\u00e4rskilt tryck \u00e4r \u201cI&#8217;m no longer afraid to die cause that is all that I have left \/ And I&#8217;m no longer afraid to dance tonight cause that is all that I have left\u201d ur <em>Beautiful Blue Sky<\/em> fr\u00e5n deras kommande album, <em>Sun Coming Down<\/em>, som sl\u00e4pps i september.<\/p>\n<p>Frontmannen Tim Beeler Darcys scenr\u00f6relser, kanske i synnerhet hans sm\u00e5tt besatta ansiktsuttryck n\u00e4r han blundar, f\u00f6r tankarna till Ian Curtis. Energin smittar av sig i hela lokalen. S\u00e5 gott som alla som tr\u00e4ngs p\u00e5 \u00f6verv\u00e5ningen hoppar och sjunger med i l\u00e5tarna och n\u00e4r spelningen \u00e4r \u00f6ver kommer en fr\u00e4lst fr\u00e4mling fram till mig och ger mig en kram f\u00f6r att det var s\u00e5 bra. Potentialen finns d\u00e4r f\u00f6r att Ought ska bli ett stort band, se bara p\u00e5 The War on Drugs resa sedan de fyllde Lilla Hotellbaren i Stockholm f\u00f6r n\u00e5gra \u00e5r sedan. F\u00f6rhoppningsvis \u00e5terv\u00e4nder de\u00a0till Sverige f\u00f6r en egen spelning s\u00e5 snart som m\u00f6jligt, f\u00f6r jag beh\u00f6ver mer.<\/p>\n","protected":false},"excerpt":{"rendered":"<p>Ought, Pusterviks lilla scen 15 augusti 2015 Betyg: 5 Ought \u00e4r ett av festivalens stora utropstecken. Ute \u00f6ser regnet ner, men det \u00e4r svettigt inne p\u00e5 Pustervik n\u00e4r den kanadensiska kvartetten Ought intar den lilla scenen p\u00e5 \u00f6verv\u00e5ningen f\u00f6r sin f\u00f6rsta Sverigespelning n\u00e5gonsin. De f\u00e5r bara spela i en halvtimme, men under denna halvtimme lyckas [&hellip;]<\/p>\n","protected":false},"author":3,"featured_media":0,"comment_status":"open","ping_status":"open","sticky":false,"template":"","format":"standard","meta":{"_genesis_hide_title":false,"_genesis_hide_breadcrumbs":false,"_genesis_hide_singular_image":false,"_genesis_hide_footer_widgets":false,"_genesis_custom_body_class":"","_genesis_custom_post_class":"","_genesis_layout":"","footnotes":""},"categories":[7],"tags":[11667,4575,6353],"class_list":["post-96007","post","type-post","status-publish","format-standard","category-musik","tag-ought","tag-pustervik","tag-way-out-west","entry"],"_links":{"self":[{"href":"https:\/\/kulturbloggen.com\/index.php?rest_route=\/wp\/v2\/posts\/96007","targetHints":{"allow":["GET"]}}],"collection":[{"href":"https:\/\/kulturbloggen.com\/index.php?rest_route=\/wp\/v2\/posts"}],"about":[{"href":"https:\/\/kulturbloggen.com\/index.php?rest_route=\/wp\/v2\/types\/post"}],"author":[{"embeddable":true,"href":"https:\/\/kulturbloggen.com\/index.php?rest_route=\/wp\/v2\/users\/3"}],"replies":[{"embeddable":true,"href":"https:\/\/kulturbloggen.com\/index.php?rest_route=%2Fwp%2Fv2%2Fcomments&post=96007"}],"version-history":[{"count":1,"href":"https:\/\/kulturbloggen.com\/index.php?rest_route=\/wp\/v2\/posts\/96007\/revisions"}],"predecessor-version":[{"id":96009,"href":"https:\/\/kulturbloggen.com\/index.php?rest_route=\/wp\/v2\/posts\/96007\/revisions\/96009"}],"wp:attachment":[{"href":"https:\/\/kulturbloggen.com\/index.php?rest_route=%2Fwp%2Fv2%2Fmedia&parent=96007"}],"wp:term":[{"taxonomy":"category","embeddable":true,"href":"https:\/\/kulturbloggen.com\/index.php?rest_route=%2Fwp%2Fv2%2Fcategories&post=96007"},{"taxonomy":"post_tag","embeddable":true,"href":"https:\/\/kulturbloggen.com\/index.php?rest_route=%2Fwp%2Fv2%2Ftags&post=96007"}],"curies":[{"name":"wp","href":"https:\/\/api.w.org\/{rel}","templated":true}]}}