{"id":9598,"date":"2009-05-17T08:30:52","date_gmt":"2009-05-17T06:30:52","guid":{"rendered":"http:\/\/kulturbloggen.com\/?p=9598"},"modified":"2009-05-17T08:30:52","modified_gmt":"2009-05-17T06:30:52","slug":"en-riktig-rolig-eurovision-och-det-kanns-inte-som-om-vi-kom-pa-21-plats","status":"publish","type":"post","link":"https:\/\/kulturbloggen.com\/?p=9598","title":{"rendered":"En riktig rolig Eurovision och det k\u00e4nns inte som om vi kom p\u00e5 21: plats"},"content":{"rendered":"<p><img loading=\"lazy\" decoding=\"async\" src=\"http:\/\/sodergren.com\/kulturbloggen\/wp-content\/uploads\/2009\/05\/alexanderrybak290.jpg\" alt=\"alexanderrybak290\" title=\"alexanderrybak290\" width=\"290\" height=\"200\" class=\"alignright size-full wp-image-9599\" \/><br \/>\nDet svenska bidraget med operas\u00e5ngerskan Malena kom p\u00e5 21:a plats &#8211; men det k\u00e4nns inte alls som om det gick d\u00e5ligt f\u00f6r Sverige. Arash \u00e4r svensk, eller hur? Han sj\u00f6ng f\u00f6r Azerbajdzjan och blev trea. <a href=\"http:\/\/www.aftonbladet.se\/nojesbladet\/melodifestivalen2009\/article5164892.ab\">Och Norge<\/a> som vann och Island som tv\u00e5a: grannarna liksom.<br \/>\nDet var ju inte bara det att Norge vann, deras kille fick 387 po\u00e4ng. <a href=\"http:\/\/blogg.svd.se\/tvbloggen?ID=13658\">Slog rekordet <\/a>med n\u00e4stan 100 po\u00e4ng.<br \/>\n<!--more--><br \/>\nHela programmet var riktigt underh\u00e5llande och flera l\u00e5tar var bra. Norges l\u00e5t \u00e4r ju bra. Islands var mycket bra, <a href=\"http:\/\/blogg.svd.se\/tvbloggen?ID=13659\">SVD:s bloggare Harry tycker att den var b\u00e4st dessutom<\/a>. Och Azerbajdzans l\u00e5t med svenska Arash var ocks\u00e5 s\u00e5 bra att det knappt gick att st\u00e5 still, den hade s\u00e5 dansv\u00e4nlig rytm.<br \/>\nDe nya reglerna med d\u00e4r folkets r\u00f6ster och en juryns r\u00f6ster v\u00e4ger lika tungt verkar haft bra inflytande.<\/p>\n<p>Varf\u00f6r fick det s\u00e5 d\u00e5ligt f\u00f6r det svenska bidraget med Malena. Europa \u00e4r inte redo, st\u00e5r det i en rubrik i Aftonbladet. Men den f\u00f6rklaringen k\u00f6per jag inte. M\u00e5nga s\u00e4ger att Malena gjorde ett bra framtr\u00e4dande. Men jag tycker hon valde fel kl\u00e4nning.<br \/>\n\u201dErnman ser ut som om hon varit porrstj\u00e4rna\u201d  Brittisk tv-stj\u00e4rna s\u00e5gar Malena, <a href=\"http:\/\/www.aftonbladet.se\/nojesbladet\/melodifestivalen2009\/article5164539.ab\">st\u00e5r det i Aftonbladet.<\/a><br \/>\nJag f\u00f6ljde kommentarer i Twitter fr\u00e5n m\u00e4nniskor i hela Europa som f\u00f6ljde ESC. En d\u00e4r skrev om det svenska bidraget att hon s\u00e5g ut som Ulrika Johnson som sj\u00f6gurka. F\u00f6r min del tycker jag Malena valde fel kl\u00e4nning. Hon skulle satsat p\u00e5 en morderna &#8221;look&#8221;, en mer rockig stil i kl\u00e4dera.<\/p>\n<p>Men samtidigt k\u00e4nns det som om det inte g\u00f6r s\u00e5 mycket. Det var ett kul och underh\u00e5llande program och en riktig saga att den norske gutten vann och grannlandet kan fira 17:e maj i riktig yra.<\/p>\n<p>Jag minns n\u00e4r Norge vann en annan g\u00e5ng och d\u00e5 var jag i Norge. Det 1985, d\u00e5 \u201dLa det svinge\u201d med Bobbysocks vann i G\u00f6teborg. N\u00e4r vi reste hem n\u00e4sta morgon \u00f6ver Svinesundsbron m\u00f6tte vi en bilkortege d\u00e4r de tv\u00e5 vinnande s\u00e5ngerskorna stod i en cabrolet och vinkade och mottog folkets hyllningar, de stod norrm\u00e4n \u00f6verallt l\u00e4ngs bron och jublande. Jag kan t\u00e4nka mig att det blev folksamling p\u00e5 s\u00f6ndagsf\u00f6rmiddaen  n\u00e4r Alexander Rybak <a href=\"http:\/\/www.aftonbladet.se\/nojesbladet\/melodifestivalen2009\/article5164892.ab\">landar p\u00e5 flygplatsen i Oslo<\/a>.<\/p>\n<p><a href=\"http:\/\/joachim-holmqwist.blogspot.com\/2009\/05\/hoppsan.html\">Bloggaren Joachim Holmqwist kommenterar<\/a>:<\/p>\n<blockquote><p>Alexander Rybak, han blandningen mellan Brad Pitt och Colin Farrell, jag m\u00e5ste ha missat den gutten helt och alledes. Var han med i semin? Eller gick han till final direkt?<\/p>\n<p>K\u00e4ndes direkt, vid f\u00f6rsta lyssningen, att den h\u00e4r slingan blir livsfarlig (less is more &#8211; keep it simple &#8211; fight with a good attitude), och det visade sig ju i r\u00f6stningen ocks\u00e5. Har man h\u00f6rt l\u00e5ten tv\u00e5 g\u00e5nger s\u00e5 sitter refr\u00e4ngen som ett tatuerat \u00f6rh\u00e4nge &#8221;Im in love with a fairytale&#8221;.<\/p><\/blockquote>\n<p><a href=\"http:\/\/trollhare.wordpress.com\/2009\/05\/17\/politiskt-heterosexuella-sagor-fran-moskva\/\" target=\"_blank\">Trollhare \u00e4r d\u00e4remot arg<\/a>, trots att han egentligen gillar vinnarl\u00e5ten. Han \u00e4r arg p\u00e5 grund av hur ryska myndigheter och poliser stryper de homosexuellas r\u00e4ttigheter:<\/p>\n<blockquote><p>Idag \u00e4r det sjuttonde maj. Norges nationaldag och <a href=\"http:\/\/www.rfsl.se\/?p=2462\">IDAHO; International Day Against Homophobia<\/a>. Jag hade kunnat t\u00e4nka mig b\u00e4ttre s\u00e4tt att b\u00f6rja den h\u00e4r dagen p\u00e5. Rybaks <strong><em>\u201c<\/em><em>Fairytale\u201d<\/em><\/strong> \u00e4r en gullig l\u00e5t, javisst, men det som borde st\u00e5tt i fokus ikv\u00e4ll var det d\u00e4r som ingen egentligen pratade om. Ist\u00e4llet f\u00f6rlorar vi oss i s\u00f6ta sagor om olycklig heterosexuell k\u00e4rlek. Den politiskt heterosexuella b\u00f6gen \u00e4r f\u00f6dd.<\/p><\/blockquote>\n<p><a href=\"http:\/\/kulturbloggen.com\/?p=9558\">H\u00e4r skrev vi ner v\u00e5ra kommentarer bidrag f\u00f6r bidrag.<\/a><\/p>\n<p>Ja, jag h\u00e5ller med Trollhare, det \u00e4r viss smolk i b\u00e4garen, en fadd bismak med tanke p\u00e5 att demonstrationerna stoppades brutalt och demonstranter greps av den ryska polisen, att det inte r\u00e5der yttrandefrihet i Ryssland. Men samtidigt \u00e4r det fascinerande att s\u00e5 m\u00e5nga l\u00e4nder kan g\u00f6ra n\u00e5got stort tillsammans, \u00e4ven om det bara handlar om underh\u00e5llning. De enda andra sammanhang som s\u00e5 m\u00e5nga nationer kan samlas kring annars brukar vara sport.<\/p>\n<p>Den norske gutten:<br \/>\n<object width=\"560\" height=\"340\"><param name=\"movie\" value=\"http:\/\/www.youtube.com\/v\/-8JRtGMBUz0&#038;hl=sv&#038;fs=1\"><\/param><param name=\"allowFullScreen\" value=\"true\"><\/param><param name=\"allowscriptaccess\" value=\"always\"><\/param><embed src=\"http:\/\/www.youtube.com\/v\/-8JRtGMBUz0&#038;hl=sv&#038;fs=1\" type=\"application\/x-shockwave-flash\" allowscriptaccess=\"always\" allowfullscreen=\"true\" width=\"560\" height=\"340\"><\/embed><\/object><\/p>\n<p>Islands bidrag:<br \/>\n<object width=\"560\" height=\"340\"><param name=\"movie\" value=\"http:\/\/www.youtube.com\/v\/LdrzZzXX0XQ&#038;hl=sv&#038;fs=1\"><\/param><param name=\"allowFullScreen\" value=\"true\"><\/param><param name=\"allowscriptaccess\" value=\"always\"><\/param><embed src=\"http:\/\/www.youtube.com\/v\/LdrzZzXX0XQ&#038;hl=sv&#038;fs=1\" type=\"application\/x-shockwave-flash\" allowscriptaccess=\"always\" allowfullscreen=\"true\" width=\"560\" height=\"340\"><\/embed><\/object><\/p>\n<p> Azerbaijan &#8211; AySel &#038; Arash &#8211; Always<\/p>\n<p><object width=\"425\" height=\"344\"><param name=\"movie\" value=\"http:\/\/www.youtube.com\/v\/FG2olkes_qc&#038;hl=sv&#038;fs=1\"><\/param><param name=\"allowFullScreen\" value=\"true\"><\/param><param name=\"allowscriptaccess\" value=\"always\"><\/param><embed src=\"http:\/\/www.youtube.com\/v\/FG2olkes_qc&#038;hl=sv&#038;fs=1\" type=\"application\/x-shockwave-flash\" allowscriptaccess=\"always\" allowfullscreen=\"true\" width=\"425\" height=\"344\"><\/embed><\/object><\/p>\n<p>Fler bloggare om Eurovision:<br \/>\n<a href=\"http:\/\/peranders.blogg.se\/2009\/may\/armenien-bast-i-eurovision-song-contest.html\">Per-Anders blogg<\/a>, <a href=\"http:\/\/blogg.aftonbladet.se\/30559\/perma\/1212408\/\">Ghostopinion<\/a><\/p>\n<p>Relaterat: <a href=\"http:\/\/www.dn.se\/kultur-noje\/utklassningen-norges-tredje-esc-triumf-1.867831\">Dagens Nyheter<\/a>, <a href=\"http:\/\/www.aftonbladet.se\/nojesbladet\/melodifestivalen2009\/article5164892.ab\">Aftonbladet<\/a>, <a href=\"http:\/\/www.aftonbladet.se\/nojesbladet\/melodifestivalen2009\/article5165132.ab\">Aftonbladet 2<\/a>, <a href=\"http:\/\/www.dn.se\/kultur-noje\/jag-kommer-att-festa-i-kvall-1.867848\">Dagens Nyheter 2<\/a>, <a href=\"http:\/\/www.expressen.se\/noje\/melodifestivalen\/1.1572033\/alexander-rybak-vann-jordskredsseger\">Expressen 1<\/a>, <a href=\"http:\/\/www.expressen.se\/noje\/melodifestivalen\/1.1572092\/klart-alexander-rybak-till-allsangen\">Expressen 2<\/a>, <a href=\"http:\/\/www.svd.se\/kulturnoje\/nyheter\/melodifestivalen\/artikel_2908021.svd\">Svenska Dagbladet<\/a>, <a href=\"http:\/\/sydsvenskan.se\/kultur-och-nojen\/article432144\/Superseger-pa-Syttende-mai.html\">Sydsvenskan<\/a> och <a href=\"http:\/\/hd.se\/noje\/melodifestivalen\/2009\/05\/16\/nu-gaeller-det-foer-malena\/\">Helsingborgs Dagblad. <\/a><\/p>\n<p><img loading=\"lazy\" decoding=\"async\" src=\"http:\/\/sodergren.com\/kulturbloggen\/wp-content\/uploads\/2009\/05\/alexanderrybak600.jpg\" alt=\"alexanderrybak600\" title=\"alexanderrybak600\" width=\"600\" height=\"200\" class=\"alignright size-full wp-image-9600\" \/><\/p>\n<p>Andra bloggar om: <a href=\"http:\/\/bloggar.se\/om\/Eurovision+Song+Contest\" rel=\"tag\">Eurovision Song Contest<\/a>, <a href=\"http:\/\/bloggar.se\/om\/ESC\" rel=\"tag\">ESC<\/a>, <a href=\"http:\/\/bloggar.se\/om\/Norge\" rel=\"tag\">Norge<\/a>, <a href=\"http:\/\/bloggar.se\/om\/Island\" rel=\"tag\">Island<\/a>, <a href=\"http:\/\/bloggar.se\/om\/musik\" rel=\"tag\">musik<\/a>, <a href=\"http:\/\/bloggar.se\/om\/underh%E5llning\" rel=\"tag\">underh\u00e5llning<\/a>, <a href=\"http:\/\/bloggar.se\/om\/n%F6je\" rel=\"tag\">n\u00f6je<\/a>, <a href=\"http:\/\/bloggar.se\/om\/Ryssland\" rel=\"tag\">Ryssland<\/a>, <a href=\"http:\/\/bloggar.se\/om\/Alexander+Rybak\" rel=\"tag\">Alexander Rybak<\/a>, <a href=\"http:\/\/bloggar.se\/om\/Arash\" rel=\"tag\">Arash<\/a>, <a href=\"http:\/\/bloggar.se\/om\/Azerbadjzan\" rel=\"tag\">Azerbadjzan<\/a><\/p>\n","protected":false},"excerpt":{"rendered":"<p>Det svenska bidraget med operas\u00e5ngerskan Malena kom p\u00e5 21:a plats &#8211; men det k\u00e4nns inte alls som om det gick d\u00e5ligt f\u00f6r Sverige. Arash \u00e4r svensk, eller hur? Han sj\u00f6ng f\u00f6r Azerbajdzjan och blev trea. Och Norge som vann och Island som tv\u00e5a: grannarna liksom. Det var ju inte bara det att Norge vann, deras [&hellip;]<\/p>\n","protected":false},"author":2,"featured_media":0,"comment_status":"open","ping_status":"open","sticky":false,"template":"","format":"standard","meta":{"_genesis_hide_title":false,"_genesis_hide_breadcrumbs":false,"_genesis_hide_singular_image":false,"_genesis_hide_footer_widgets":false,"_genesis_custom_body_class":"","_genesis_custom_post_class":"","_genesis_layout":"","footnotes":""},"categories":[20],"tags":[1567,1596,2570,12282,4095,4032,6080],"class_list":{"0":"post-9598","1":"post","2":"type-post","3":"status-publish","4":"format-standard","6":"category-film","7":"tag-esc","8":"tag-eurovision-song-contest","9":"tag-island","10":"tag-musik","11":"tag-noje","12":"tag-norge","13":"tag-underhallning","14":"entry"},"_links":{"self":[{"href":"https:\/\/kulturbloggen.com\/index.php?rest_route=\/wp\/v2\/posts\/9598","targetHints":{"allow":["GET"]}}],"collection":[{"href":"https:\/\/kulturbloggen.com\/index.php?rest_route=\/wp\/v2\/posts"}],"about":[{"href":"https:\/\/kulturbloggen.com\/index.php?rest_route=\/wp\/v2\/types\/post"}],"author":[{"embeddable":true,"href":"https:\/\/kulturbloggen.com\/index.php?rest_route=\/wp\/v2\/users\/2"}],"replies":[{"embeddable":true,"href":"https:\/\/kulturbloggen.com\/index.php?rest_route=%2Fwp%2Fv2%2Fcomments&post=9598"}],"version-history":[{"count":0,"href":"https:\/\/kulturbloggen.com\/index.php?rest_route=\/wp\/v2\/posts\/9598\/revisions"}],"wp:attachment":[{"href":"https:\/\/kulturbloggen.com\/index.php?rest_route=%2Fwp%2Fv2%2Fmedia&parent=9598"}],"wp:term":[{"taxonomy":"category","embeddable":true,"href":"https:\/\/kulturbloggen.com\/index.php?rest_route=%2Fwp%2Fv2%2Fcategories&post=9598"},{"taxonomy":"post_tag","embeddable":true,"href":"https:\/\/kulturbloggen.com\/index.php?rest_route=%2Fwp%2Fv2%2Ftags&post=9598"}],"curies":[{"name":"wp","href":"https:\/\/api.w.org\/{rel}","templated":true}]}}