{"id":95825,"date":"2015-08-12T10:32:54","date_gmt":"2015-08-12T09:32:54","guid":{"rendered":"http:\/\/kulturbloggen.com\/?p=95825"},"modified":"2015-08-12T10:32:54","modified_gmt":"2015-08-12T09:32:54","slug":"titta-sinister-2-last-one-trailer","status":"publish","type":"post","link":"https:\/\/kulturbloggen.com\/?p=95825","title":{"rendered":"Titta: SINISTER 2 &#8211; Last One, trailer"},"content":{"rendered":"<p><a href=\"http:\/\/kulturbloggen.com\/wp-content\/uploads\/2015\/08\/sinister2.jpg\"><img loading=\"lazy\" decoding=\"async\" src=\"http:\/\/kulturbloggen.com\/wp-content\/uploads\/2015\/08\/sinister2-300x169.jpg\" alt=\"sinister2\" width=\"300\" height=\"169\" class=\"aligncenter size-medium wp-image-95826\" srcset=\"https:\/\/kulturbloggen.com\/wp-content\/uploads\/2015\/08\/sinister2-300x169.jpg 300w, https:\/\/kulturbloggen.com\/wp-content\/uploads\/2015\/08\/sinister2-1024x576.jpg 1024w, https:\/\/kulturbloggen.com\/wp-content\/uploads\/2015\/08\/sinister2.jpg 1920w\" sizes=\"auto, (max-width: 300px) 100vw, 300px\" \/><\/a><\/p>\n<p>Courtney, en \u00f6verbeskyddande mamma, och hennes nio\u00e5riga tvillingpojkar flyttar in ett hus utanf\u00f6r stan. H\u00e4r skall hennes s\u00f6ner f\u00e5 en trygg och harmonisk uppv\u00e4xt. Vad hon inte vet \u00e4r att huset \u00e4r d\u00f6dsm\u00e4rkt p\u00e5 fler \u00e4n ett s\u00e4tt.<\/p>\n<p>Uppf\u00f6ljaren till skr\u00e4ckfilmssucc\u00e9n Sinister fr\u00e5n 2012 har svensk biopremi\u00e4r 21 augusti 2o15. Med Shannyn Sossamon som Courtney och James Ransone som den engagerade vicesheriffen.<\/p>\n<p>Regi: Ciaran Foy<br \/>\nI rollerna: James Ransone, Shannyn Sossamon, Robert Sloan, Dartanian Sloan<\/p>\n<p><iframe loading=\"lazy\" width=\"560\" height=\"315\" src=\"https:\/\/www.youtube.com\/embed\/NQRUcUAB3ac\" frameborder=\"0\" allowfullscreen><\/iframe><\/p>\n","protected":false},"excerpt":{"rendered":"<p>Courtney, en \u00f6verbeskyddande mamma, och hennes nio\u00e5riga tvillingpojkar flyttar in ett hus utanf\u00f6r stan. H\u00e4r skall hennes s\u00f6ner f\u00e5 en trygg och harmonisk uppv\u00e4xt. Vad hon inte vet \u00e4r att huset \u00e4r d\u00f6dsm\u00e4rkt p\u00e5 fler \u00e4n ett s\u00e4tt. Uppf\u00f6ljaren till skr\u00e4ckfilmssucc\u00e9n Sinister fr\u00e5n 2012 har svensk biopremi\u00e4r 21 augusti 2o15. Med Shannyn Sossamon som Courtney [&hellip;]<\/p>\n","protected":false},"author":13,"featured_media":0,"comment_status":"open","ping_status":"open","sticky":false,"template":"","format":"standard","meta":{"_genesis_hide_title":false,"_genesis_hide_breadcrumbs":false,"_genesis_hide_singular_image":false,"_genesis_hide_footer_widgets":false,"_genesis_custom_body_class":"","_genesis_custom_post_class":"","_genesis_layout":"","footnotes":""},"categories":[50],"tags":[12286,5939],"class_list":{"0":"post-95825","1":"post","2":"type-post","3":"status-publish","4":"format-standard","6":"category-filmfilm","7":"tag-film","8":"tag-trailer","9":"entry"},"_links":{"self":[{"href":"https:\/\/kulturbloggen.com\/index.php?rest_route=\/wp\/v2\/posts\/95825","targetHints":{"allow":["GET"]}}],"collection":[{"href":"https:\/\/kulturbloggen.com\/index.php?rest_route=\/wp\/v2\/posts"}],"about":[{"href":"https:\/\/kulturbloggen.com\/index.php?rest_route=\/wp\/v2\/types\/post"}],"author":[{"embeddable":true,"href":"https:\/\/kulturbloggen.com\/index.php?rest_route=\/wp\/v2\/users\/13"}],"replies":[{"embeddable":true,"href":"https:\/\/kulturbloggen.com\/index.php?rest_route=%2Fwp%2Fv2%2Fcomments&post=95825"}],"version-history":[{"count":1,"href":"https:\/\/kulturbloggen.com\/index.php?rest_route=\/wp\/v2\/posts\/95825\/revisions"}],"predecessor-version":[{"id":95827,"href":"https:\/\/kulturbloggen.com\/index.php?rest_route=\/wp\/v2\/posts\/95825\/revisions\/95827"}],"wp:attachment":[{"href":"https:\/\/kulturbloggen.com\/index.php?rest_route=%2Fwp%2Fv2%2Fmedia&parent=95825"}],"wp:term":[{"taxonomy":"category","embeddable":true,"href":"https:\/\/kulturbloggen.com\/index.php?rest_route=%2Fwp%2Fv2%2Fcategories&post=95825"},{"taxonomy":"post_tag","embeddable":true,"href":"https:\/\/kulturbloggen.com\/index.php?rest_route=%2Fwp%2Fv2%2Ftags&post=95825"}],"curies":[{"name":"wp","href":"https:\/\/api.w.org\/{rel}","templated":true}]}}