{"id":95809,"date":"2015-08-12T07:07:24","date_gmt":"2015-08-12T06:07:24","guid":{"rendered":"http:\/\/kulturbloggen.com\/?p=95809"},"modified":"2015-08-12T07:07:49","modified_gmt":"2015-08-12T06:07:49","slug":"bildgalleri-sirena-och-medina-pa-we-are-sthlm","status":"publish","type":"post","link":"https:\/\/kulturbloggen.com\/?p=95809","title":{"rendered":"Bildgalleri: Sirena och Medina p\u00e5 We Are STHLM"},"content":{"rendered":"<p><a href=\"http:\/\/kulturbloggen.com\/wp-content\/uploads\/2015\/08\/sirena2.jpg\"><img loading=\"lazy\" decoding=\"async\" class=\"aligncenter size-medium wp-image-95810\" src=\"http:\/\/kulturbloggen.com\/wp-content\/uploads\/2015\/08\/sirena2-300x195.jpg\" alt=\"sirena2\" width=\"300\" height=\"195\" srcset=\"https:\/\/kulturbloggen.com\/wp-content\/uploads\/2015\/08\/sirena2-300x195.jpg 300w, https:\/\/kulturbloggen.com\/wp-content\/uploads\/2015\/08\/sirena2.jpg 960w\" sizes=\"auto, (max-width: 300px) 100vw, 300px\" \/><\/a><\/p>\n<p>Nu har Stockholms kulturfestival som \u00e4r inf\u00f6r\u00a0sitt tionde \u00e5r valt att satsa p\u00e5 temat Storbritannien, och dess ungdomsdel i Kungstr\u00e4dg\u00e5rden &#8212; We Are StTHLM &#8212;\u00a0kickat ig\u00e5ng. V\u00e5r fotograf Emma Andersson var p\u00e5 plats och fotade Sirena och Medina under \u00f6pnningsdagen. <a href=\"http:\/\/kulturbloggen.com\/?p=88173\">H\u00e4r kan du l\u00e4sa v\u00e5r intervju med Sirena<\/a>.<\/p>\n<p><a href=\"http:\/\/kulturbloggen.com\/wp-content\/uploads\/2015\/08\/sirena.jpg\"><img loading=\"lazy\" decoding=\"async\" class=\"aligncenter size-medium wp-image-95811\" src=\"http:\/\/kulturbloggen.com\/wp-content\/uploads\/2015\/08\/sirena-300x200.jpg\" alt=\"sirena\" width=\"300\" height=\"200\" srcset=\"https:\/\/kulturbloggen.com\/wp-content\/uploads\/2015\/08\/sirena-300x200.jpg 300w, https:\/\/kulturbloggen.com\/wp-content\/uploads\/2015\/08\/sirena.jpg 960w\" sizes=\"auto, (max-width: 300px) 100vw, 300px\" \/><\/a><\/p>\n<p><a href=\"http:\/\/kulturbloggen.com\/wp-content\/uploads\/2015\/08\/medina.jpg\"><img loading=\"lazy\" decoding=\"async\" class=\"aligncenter size-medium wp-image-95812\" src=\"http:\/\/kulturbloggen.com\/wp-content\/uploads\/2015\/08\/medina-300x200.jpg\" alt=\"medina\" width=\"300\" height=\"200\" srcset=\"https:\/\/kulturbloggen.com\/wp-content\/uploads\/2015\/08\/medina-300x200.jpg 300w, https:\/\/kulturbloggen.com\/wp-content\/uploads\/2015\/08\/medina.jpg 960w\" sizes=\"auto, (max-width: 300px) 100vw, 300px\" \/><\/a><\/p>\n<p><a href=\"http:\/\/kulturbloggen.com\/wp-content\/uploads\/2015\/08\/medina2.jpg\"><img loading=\"lazy\" decoding=\"async\" class=\"aligncenter size-medium wp-image-95813\" src=\"http:\/\/kulturbloggen.com\/wp-content\/uploads\/2015\/08\/medina2-300x187.jpg\" alt=\"medina2\" width=\"300\" height=\"187\" srcset=\"https:\/\/kulturbloggen.com\/wp-content\/uploads\/2015\/08\/medina2-300x187.jpg 300w, https:\/\/kulturbloggen.com\/wp-content\/uploads\/2015\/08\/medina2.jpg 960w\" sizes=\"auto, (max-width: 300px) 100vw, 300px\" \/><\/a><\/p>\n<p><a href=\"http:\/\/kulturbloggen.com\/wp-content\/uploads\/2015\/08\/medina-3.jpg\"><img loading=\"lazy\" decoding=\"async\" class=\"aligncenter size-medium wp-image-95814\" src=\"http:\/\/kulturbloggen.com\/wp-content\/uploads\/2015\/08\/medina-3-300x200.jpg\" alt=\"medina 3\" width=\"300\" height=\"200\" srcset=\"https:\/\/kulturbloggen.com\/wp-content\/uploads\/2015\/08\/medina-3-300x200.jpg 300w, https:\/\/kulturbloggen.com\/wp-content\/uploads\/2015\/08\/medina-3.jpg 960w\" sizes=\"auto, (max-width: 300px) 100vw, 300px\" \/><\/a><\/p>\n","protected":false},"excerpt":{"rendered":"<p>Nu har Stockholms kulturfestival som \u00e4r inf\u00f6r\u00a0sitt tionde \u00e5r valt att satsa p\u00e5 temat Storbritannien, och dess ungdomsdel i Kungstr\u00e4dg\u00e5rden &#8212; We Are StTHLM &#8212;\u00a0kickat ig\u00e5ng. V\u00e5r fotograf Emma Andersson var p\u00e5 plats och fotade Sirena och Medina under \u00f6pnningsdagen. H\u00e4r kan du l\u00e4sa v\u00e5r intervju med Sirena.<\/p>\n","protected":false},"author":13,"featured_media":0,"comment_status":"open","ping_status":"open","sticky":false,"template":"","format":"standard","meta":{"_genesis_hide_title":false,"_genesis_hide_breadcrumbs":false,"_genesis_hide_singular_image":false,"_genesis_hide_footer_widgets":false,"_genesis_custom_body_class":"","_genesis_custom_post_class":"","_genesis_layout":"","footnotes":""},"categories":[7],"tags":[3584,11475,10218],"class_list":{"0":"post-95809","1":"post","2":"type-post","3":"status-publish","4":"format-standard","6":"category-musik","7":"tag-medina","8":"tag-sirena","9":"tag-we-are-sthlm","10":"entry"},"_links":{"self":[{"href":"https:\/\/kulturbloggen.com\/index.php?rest_route=\/wp\/v2\/posts\/95809","targetHints":{"allow":["GET"]}}],"collection":[{"href":"https:\/\/kulturbloggen.com\/index.php?rest_route=\/wp\/v2\/posts"}],"about":[{"href":"https:\/\/kulturbloggen.com\/index.php?rest_route=\/wp\/v2\/types\/post"}],"author":[{"embeddable":true,"href":"https:\/\/kulturbloggen.com\/index.php?rest_route=\/wp\/v2\/users\/13"}],"replies":[{"embeddable":true,"href":"https:\/\/kulturbloggen.com\/index.php?rest_route=%2Fwp%2Fv2%2Fcomments&post=95809"}],"version-history":[{"count":2,"href":"https:\/\/kulturbloggen.com\/index.php?rest_route=\/wp\/v2\/posts\/95809\/revisions"}],"predecessor-version":[{"id":95816,"href":"https:\/\/kulturbloggen.com\/index.php?rest_route=\/wp\/v2\/posts\/95809\/revisions\/95816"}],"wp:attachment":[{"href":"https:\/\/kulturbloggen.com\/index.php?rest_route=%2Fwp%2Fv2%2Fmedia&parent=95809"}],"wp:term":[{"taxonomy":"category","embeddable":true,"href":"https:\/\/kulturbloggen.com\/index.php?rest_route=%2Fwp%2Fv2%2Fcategories&post=95809"},{"taxonomy":"post_tag","embeddable":true,"href":"https:\/\/kulturbloggen.com\/index.php?rest_route=%2Fwp%2Fv2%2Ftags&post=95809"}],"curies":[{"name":"wp","href":"https:\/\/api.w.org\/{rel}","templated":true}]}}