{"id":95692,"date":"2015-08-06T17:48:16","date_gmt":"2015-08-06T16:48:16","guid":{"rendered":"http:\/\/kulturbloggen.com\/?p=95692"},"modified":"2015-08-06T17:48:16","modified_gmt":"2015-08-06T16:48:16","slug":"titta-girl-band-paul","status":"publish","type":"post","link":"https:\/\/kulturbloggen.com\/?p=95692","title":{"rendered":"Titta: Girl Band &#8211; Paul"},"content":{"rendered":"<p><a href=\"http:\/\/kulturbloggen.com\/wp-content\/uploads\/2015\/08\/girlband.jpg\"><img loading=\"lazy\" decoding=\"async\" class=\"aligncenter size-medium wp-image-95693\" src=\"http:\/\/kulturbloggen.com\/wp-content\/uploads\/2015\/08\/girlband-300x190.jpg\" alt=\"girlband\" width=\"300\" height=\"190\" srcset=\"https:\/\/kulturbloggen.com\/wp-content\/uploads\/2015\/08\/girlband-300x190.jpg 300w, https:\/\/kulturbloggen.com\/wp-content\/uploads\/2015\/08\/girlband.jpg 644w\" sizes=\"auto, (max-width: 300px) 100vw, 300px\" \/><\/a><\/p>\n<p>Det irl\u00e4ndska noise-bandet Girl Band har delat med sig av en musikvideo till <em>Paul<\/em>, den f\u00f6rsta singeln fr\u00e5n deras kommande debutalbum,\u00a0<em>Holding Hands With Jamie,<\/em> som sl\u00e4pps den 25 september. I videon portr\u00e4tteras\u00a0Paul som en sk\u00e5despelare i ett barnprogram som pl\u00e5gas av den d\u00e5liga ventilationen i sin dr\u00e4kt. &#8221;Det \u00e4r tragiskt,&#8221; s\u00e4ger regiss\u00f6ren, Bob Gallagher, i en intervju med <a href=\"http:\/\/www.npr.org\/event\/music\/429770729\/first-watch-girl-band-paul\">NPR<\/a>. &#8221;Jag tror alla har erfarenhet av att beh\u00f6va ta p\u00e5 sig ett yttre uttryck och k\u00e4nna sig inst\u00e4ngd, s\u00e5 Pauls dr\u00e4kt \u00e4r en visuell f\u00f6rl\u00e4ngning av det.&#8221;<\/p>\n<p><strong>Du kan se musikvideon till\u00a0<em>Paul<\/em> h\u00e4r nedan:<\/strong><\/p>\n<p><iframe loading=\"lazy\" src=\"https:\/\/www.youtube.com\/embed\/D4SmyqO5DUU\" width=\"560\" height=\"315\" frameborder=\"0\" allowfullscreen=\"allowfullscreen\"><\/iframe><\/p>\n","protected":false},"excerpt":{"rendered":"<p>Det irl\u00e4ndska noise-bandet Girl Band har delat med sig av en musikvideo till Paul, den f\u00f6rsta singeln fr\u00e5n deras kommande debutalbum,\u00a0Holding Hands With Jamie, som sl\u00e4pps den 25 september. I videon portr\u00e4tteras\u00a0Paul som en sk\u00e5despelare i ett barnprogram som pl\u00e5gas av den d\u00e5liga ventilationen i sin dr\u00e4kt. &#8221;Det \u00e4r tragiskt,&#8221; s\u00e4ger regiss\u00f6ren, Bob Gallagher, i [&hellip;]<\/p>\n","protected":false},"author":3,"featured_media":0,"comment_status":"open","ping_status":"open","sticky":false,"template":"","format":"standard","meta":{"_genesis_hide_title":false,"_genesis_hide_breadcrumbs":false,"_genesis_hide_singular_image":false,"_genesis_hide_footer_widgets":false,"_genesis_custom_body_class":"","_genesis_custom_post_class":"","_genesis_layout":"","footnotes":""},"categories":[7],"tags":[11029,12249],"class_list":{"0":"post-95692","1":"post","2":"type-post","3":"status-publish","4":"format-standard","6":"category-musik","7":"tag-girl-band","8":"tag-paul","9":"entry"},"_links":{"self":[{"href":"https:\/\/kulturbloggen.com\/index.php?rest_route=\/wp\/v2\/posts\/95692","targetHints":{"allow":["GET"]}}],"collection":[{"href":"https:\/\/kulturbloggen.com\/index.php?rest_route=\/wp\/v2\/posts"}],"about":[{"href":"https:\/\/kulturbloggen.com\/index.php?rest_route=\/wp\/v2\/types\/post"}],"author":[{"embeddable":true,"href":"https:\/\/kulturbloggen.com\/index.php?rest_route=\/wp\/v2\/users\/3"}],"replies":[{"embeddable":true,"href":"https:\/\/kulturbloggen.com\/index.php?rest_route=%2Fwp%2Fv2%2Fcomments&post=95692"}],"version-history":[{"count":1,"href":"https:\/\/kulturbloggen.com\/index.php?rest_route=\/wp\/v2\/posts\/95692\/revisions"}],"predecessor-version":[{"id":95694,"href":"https:\/\/kulturbloggen.com\/index.php?rest_route=\/wp\/v2\/posts\/95692\/revisions\/95694"}],"wp:attachment":[{"href":"https:\/\/kulturbloggen.com\/index.php?rest_route=%2Fwp%2Fv2%2Fmedia&parent=95692"}],"wp:term":[{"taxonomy":"category","embeddable":true,"href":"https:\/\/kulturbloggen.com\/index.php?rest_route=%2Fwp%2Fv2%2Fcategories&post=95692"},{"taxonomy":"post_tag","embeddable":true,"href":"https:\/\/kulturbloggen.com\/index.php?rest_route=%2Fwp%2Fv2%2Ftags&post=95692"}],"curies":[{"name":"wp","href":"https:\/\/api.w.org\/{rel}","templated":true}]}}