{"id":95340,"date":"2015-07-28T09:00:42","date_gmt":"2015-07-28T08:00:42","guid":{"rendered":"http:\/\/kulturbloggen.com\/?p=95340"},"modified":"2015-07-28T09:00:42","modified_gmt":"2015-07-28T08:00:42","slug":"zara-larsson-och-tensta-gospel-choir-med-sabina-ddumba-till-we-are-sthlm-och-stockholms-kulturfestival","status":"publish","type":"post","link":"https:\/\/kulturbloggen.com\/?p=95340","title":{"rendered":"Zara Larsson och Tensta Gospel Choir med Sabina Ddumba till We Are Sthlm och Stockholms Kulturfestival"},"content":{"rendered":"<p><a href=\"http:\/\/kulturbloggen.com\/wp-content\/uploads\/2015\/07\/zaralarssonstockholm.jpg\"><img loading=\"lazy\" decoding=\"async\" src=\"http:\/\/kulturbloggen.com\/wp-content\/uploads\/2015\/07\/zaralarssonstockholm-300x200.jpg\" alt=\"zaralarssonstockholm\" width=\"300\" height=\"200\" class=\"aligncenter size-medium wp-image-95341\" srcset=\"https:\/\/kulturbloggen.com\/wp-content\/uploads\/2015\/07\/zaralarssonstockholm-300x200.jpg 300w, https:\/\/kulturbloggen.com\/wp-content\/uploads\/2015\/07\/zaralarssonstockholm.jpg 505w\" sizes=\"auto, (max-width: 300px) 100vw, 300px\" \/><\/a><\/p>\n<p>Zara Larsson g\u00f6r en spelning p\u00e5 We Are Sthlm. Hon g\u00f6r en exklusiv spelning med AronChupa under invigningskv\u00e4llen och prisgala med Rockbj\u00f6rnen Live i Kungstr\u00e4dg\u00e5rden. Deepa Nair Rasiya (IN) och Tensta Gospel Choir med g\u00e4sterna Kristin Amparo och Sabina Ddumba kompletterar Kulturfestivalens program p\u00e5 den nya scenen Skeppsbron. Under Stockholms Kulturfestival och We Are Sthlm 2015 kommer  Stockholms gator och torg att fyllas av kultur. Allt med fri entr\u00e9.<\/p>\n<p>Ett pressmeddelande ber\u00e4ttar:<br \/>\n\u00c5rets line-up i Stockholms Kulturfestival med redan klara artister som Peter Hook and the Light (UK), The Unthanks (UK) och Mahmoud Ahmed (ET) p\u00e5 Gustav Adolfs torg f\u00f6rst\u00e4rks nu av ett komplett konsertprogram \u00e4ven p\u00e5 Skeppsbron. Bland de nya bokningarna hittar vi indisk-brittiska singer-songwritern Deepa Nair Rasiya (IN) och ett av Sveriges nya stj\u00e4rnskott, Sabina Ddumba som tillsammans med Kristin Amparo g\u00e4star Tensta Gospel Choir under \u00f6ppningskv\u00e4llen 11\/8.<br \/>\n<strong><a href=\"http:\/\/kulturfestivalen.stockholm.se\/program\/index2.php?LID=232\">Se hela programmet f\u00f6r Skeppsbron.<\/a><\/strong><\/p>\n<p>Succ\u00e9n och v\u00e4rldsstj\u00e4rnan Zara Larsson intar Europas st\u00f6rsta ungdomsfestival We Are Sthlm f\u00f6r en av hennes f\u00e5 Sverigespelningar i sommar. Hyllade AronChupa g\u00f6r exklusiv konsert under \u00f6ppningskv\u00e4llen och Sveriges st\u00f6rsta musikpris, <strong>Rockbj\u00f6rnen Live flyttar in i hj\u00e4rtat av Stockholm, Kungstr\u00e4dg\u00e5rden, f\u00f6r att kora landets b\u00e4sta liveartister.<br \/>\n<a href=\"http:\/\/kulturfestivalen.stockholm.se\/program\/index2.php?LID=259\">Se hela We Are Sthlm-programmet.<\/a><\/strong><\/p>\n<p>Kulturfestivalens st\u00f6rsta scen p\u00e5 Gustav Adolfs torg ramas in och blir helkv\u00e4llar med klubb och DJ:s f\u00f6re, mellan och efter konserterna. I en sp\u00e4nnande blandning av DJ-karakt\u00e4rer och musikstilar hittar vi DJ Choco Canel, DJ Dalion &#038; Sugercane och DJ Anna Lindstr\u00f6m &#038; Sebastian Matz.<br \/>\n<strong><a href=\"http:\/\/kulturfestivalen.stockholm.se\/program\/index2.php?LID=235\">Se hela Gustav Adolfs torg-programmet.<\/a><\/strong><\/p>\n<p>Stockholms Kulturfestival har fri entr\u00e9, p\u00e5g\u00e5r 11\u201316 augusti och erbjuder med sina \u00f6ver 600 programpunkter n\u00e5got f\u00f6r alla \u00e5ldrar. \u00c5rets festivaltema \u00e4r Storbritannien!<\/p>\n<p><strong>Stockholms Kulturfestival<br \/>\nVar: Stockholm city<br \/>\nN\u00e4r: 11\u201316 augusti<br \/>\nHur: Fri entr\u00e9!<\/strong><\/p>\n<p>Mer information: <a href=\"http:\/\/www.kulturfestivalen.stockholm.se\">www.kulturfestivalen.stockholm.se<\/a><\/p>\n","protected":false},"excerpt":{"rendered":"<p>Zara Larsson g\u00f6r en spelning p\u00e5 We Are Sthlm. Hon g\u00f6r en exklusiv spelning med AronChupa under invigningskv\u00e4llen och prisgala med Rockbj\u00f6rnen Live i Kungstr\u00e4dg\u00e5rden. Deepa Nair Rasiya (IN) och Tensta Gospel Choir med g\u00e4sterna Kristin Amparo och Sabina Ddumba kompletterar Kulturfestivalens program p\u00e5 den nya scenen Skeppsbron. Under Stockholms Kulturfestival och We Are Sthlm [&hellip;]<\/p>\n","protected":false},"author":13,"featured_media":0,"comment_status":"open","ping_status":"open","sticky":false,"template":"","format":"standard","meta":{"_genesis_hide_title":false,"_genesis_hide_breadcrumbs":false,"_genesis_hide_singular_image":false,"_genesis_hide_footer_widgets":false,"_genesis_custom_body_class":"","_genesis_custom_post_class":"","_genesis_layout":"","footnotes":""},"categories":[7],"tags":[5416,12224,10218,11336],"class_list":{"0":"post-95340","1":"post","2":"type-post","3":"status-publish","4":"format-standard","6":"category-musik","7":"tag-stockholms-kulturfestival","8":"tag-tensta-gospel-choir","9":"tag-we-are-sthlm","10":"tag-zara-larsson","11":"entry"},"_links":{"self":[{"href":"https:\/\/kulturbloggen.com\/index.php?rest_route=\/wp\/v2\/posts\/95340","targetHints":{"allow":["GET"]}}],"collection":[{"href":"https:\/\/kulturbloggen.com\/index.php?rest_route=\/wp\/v2\/posts"}],"about":[{"href":"https:\/\/kulturbloggen.com\/index.php?rest_route=\/wp\/v2\/types\/post"}],"author":[{"embeddable":true,"href":"https:\/\/kulturbloggen.com\/index.php?rest_route=\/wp\/v2\/users\/13"}],"replies":[{"embeddable":true,"href":"https:\/\/kulturbloggen.com\/index.php?rest_route=%2Fwp%2Fv2%2Fcomments&post=95340"}],"version-history":[{"count":1,"href":"https:\/\/kulturbloggen.com\/index.php?rest_route=\/wp\/v2\/posts\/95340\/revisions"}],"predecessor-version":[{"id":95342,"href":"https:\/\/kulturbloggen.com\/index.php?rest_route=\/wp\/v2\/posts\/95340\/revisions\/95342"}],"wp:attachment":[{"href":"https:\/\/kulturbloggen.com\/index.php?rest_route=%2Fwp%2Fv2%2Fmedia&parent=95340"}],"wp:term":[{"taxonomy":"category","embeddable":true,"href":"https:\/\/kulturbloggen.com\/index.php?rest_route=%2Fwp%2Fv2%2Fcategories&post=95340"},{"taxonomy":"post_tag","embeddable":true,"href":"https:\/\/kulturbloggen.com\/index.php?rest_route=%2Fwp%2Fv2%2Ftags&post=95340"}],"curies":[{"name":"wp","href":"https:\/\/api.w.org\/{rel}","templated":true}]}}