{"id":95318,"date":"2015-07-24T13:53:03","date_gmt":"2015-07-24T12:53:03","guid":{"rendered":"http:\/\/kulturbloggen.com\/?p=95318"},"modified":"2015-07-24T13:53:03","modified_gmt":"2015-07-24T12:53:03","slug":"lyssna-robyn-la-bagatelle-magique-set-me-free","status":"publish","type":"post","link":"https:\/\/kulturbloggen.com\/?p=95318","title":{"rendered":"Lyssna: Robyn &#038; La Bagatelle Magique &#8211; Set Me Free"},"content":{"rendered":"<p><a href=\"http:\/\/kulturbloggen.com\/wp-content\/uploads\/2015\/07\/robyn.jpg\"><img loading=\"lazy\" decoding=\"async\" class=\"aligncenter size-medium wp-image-95319\" src=\"http:\/\/kulturbloggen.com\/wp-content\/uploads\/2015\/07\/robyn-300x300.jpg\" alt=\"robyn\" width=\"300\" height=\"300\" srcset=\"https:\/\/kulturbloggen.com\/wp-content\/uploads\/2015\/07\/robyn-300x300.jpg 300w, https:\/\/kulturbloggen.com\/wp-content\/uploads\/2015\/07\/robyn-150x150.jpg 150w, https:\/\/kulturbloggen.com\/wp-content\/uploads\/2015\/07\/robyn.jpg 560w\" sizes=\"auto, (max-width: 300px) 100vw, 300px\" \/><\/a><\/p>\n<p>Nyligen avsl\u00f6jade Robyn att hennes nya projekt, La Bagatelle Magique, tillsammans med Markus J\u00e4gerstedt och avlidna proucenten Christian Falk skulle sl\u00e4ppa ett minialbum. <em>Love Is Free<\/em> sl\u00e4pps den 7 augusti och nu har hon delat med sig av ett andra smakprov d\u00e4rifr\u00e5n.<\/p>\n<p><strong>Lyssna p\u00e5 <em>Set Me Free<\/em> h\u00e4r nedan:<\/strong><\/p>\n<p><iframe loading=\"lazy\" src=\"https:\/\/www.youtube.com\/embed\/ttkWIoOr3Mg\" width=\"560\" height=\"315\" frameborder=\"0\" allowfullscreen=\"allowfullscreen\"><\/iframe><\/p>\n","protected":false},"excerpt":{"rendered":"<p>Nyligen avsl\u00f6jade Robyn att hennes nya projekt, La Bagatelle Magique, tillsammans med Markus J\u00e4gerstedt och avlidna proucenten Christian Falk skulle sl\u00e4ppa ett minialbum. Love Is Free sl\u00e4pps den 7 augusti och nu har hon delat med sig av ett andra smakprov d\u00e4rifr\u00e5n. Lyssna p\u00e5 Set Me Free h\u00e4r nedan:<\/p>\n","protected":false},"author":3,"featured_media":0,"comment_status":"open","ping_status":"open","sticky":false,"template":"","format":"standard","meta":{"_genesis_hide_title":false,"_genesis_hide_breadcrumbs":false,"_genesis_hide_singular_image":false,"_genesis_hide_footer_widgets":false,"_genesis_custom_body_class":"","_genesis_custom_post_class":"","_genesis_layout":"","footnotes":""},"categories":[7],"tags":[11294,1129,4791,12221,12222],"class_list":{"0":"post-95318","1":"post","2":"type-post","3":"status-publish","4":"format-standard","6":"category-musik","7":"tag-christian-falk","8":"tag-dans-dakar","9":"tag-robyn","10":"tag-robyn-la-bagatelle-magique","11":"tag-set-me-free","12":"entry"},"_links":{"self":[{"href":"https:\/\/kulturbloggen.com\/index.php?rest_route=\/wp\/v2\/posts\/95318","targetHints":{"allow":["GET"]}}],"collection":[{"href":"https:\/\/kulturbloggen.com\/index.php?rest_route=\/wp\/v2\/posts"}],"about":[{"href":"https:\/\/kulturbloggen.com\/index.php?rest_route=\/wp\/v2\/types\/post"}],"author":[{"embeddable":true,"href":"https:\/\/kulturbloggen.com\/index.php?rest_route=\/wp\/v2\/users\/3"}],"replies":[{"embeddable":true,"href":"https:\/\/kulturbloggen.com\/index.php?rest_route=%2Fwp%2Fv2%2Fcomments&post=95318"}],"version-history":[{"count":1,"href":"https:\/\/kulturbloggen.com\/index.php?rest_route=\/wp\/v2\/posts\/95318\/revisions"}],"predecessor-version":[{"id":95320,"href":"https:\/\/kulturbloggen.com\/index.php?rest_route=\/wp\/v2\/posts\/95318\/revisions\/95320"}],"wp:attachment":[{"href":"https:\/\/kulturbloggen.com\/index.php?rest_route=%2Fwp%2Fv2%2Fmedia&parent=95318"}],"wp:term":[{"taxonomy":"category","embeddable":true,"href":"https:\/\/kulturbloggen.com\/index.php?rest_route=%2Fwp%2Fv2%2Fcategories&post=95318"},{"taxonomy":"post_tag","embeddable":true,"href":"https:\/\/kulturbloggen.com\/index.php?rest_route=%2Fwp%2Fv2%2Ftags&post=95318"}],"curies":[{"name":"wp","href":"https:\/\/api.w.org\/{rel}","templated":true}]}}