{"id":95134,"date":"2015-07-17T00:01:39","date_gmt":"2015-07-16T23:01:39","guid":{"rendered":"http:\/\/kulturbloggen.com\/?p=95134"},"modified":"2015-08-01T19:57:01","modified_gmt":"2015-08-01T18:57:01","slug":"cosi-fan-tutte-pa-confidencen-kanner-mig-sa-upprymd-vackert-spelat-och-sjunget-rolig-regi-och-snygga-klader","status":"publish","type":"post","link":"https:\/\/kulturbloggen.com\/?p=95134","title":{"rendered":"Cosi fan tutte p\u00e5 Confidencen &#8211; k\u00e4nner mig s\u00e5 upprymd, vackert spelat och sjunget, rolig regi och snygga kl\u00e4der"},"content":{"rendered":"<p><a href=\"http:\/\/kulturbloggen.com\/wp-content\/uploads\/2015\/07\/cosifantutte_confidencen.jpg\"><img loading=\"lazy\" decoding=\"async\" src=\"http:\/\/kulturbloggen.com\/wp-content\/uploads\/2015\/07\/cosifantutte_confidencen.jpg\" alt=\"Fotograf: Bo Ljungblom\" width=\"450\" height=\"300\" class=\"aligncenter size-full wp-image-95160\" srcset=\"https:\/\/kulturbloggen.com\/wp-content\/uploads\/2015\/07\/cosifantutte_confidencen.jpg 450w, https:\/\/kulturbloggen.com\/wp-content\/uploads\/2015\/07\/cosifantutte_confidencen-300x200.jpg 300w\" sizes=\"auto, (max-width: 450px) 100vw, 450px\" \/><\/a><\/p>\n<p><strong>Cosi fan tutte<\/strong><br \/>\nAv Wolfgang Amadeus Mozart<br \/>\nRegi Natanael \u00d8igaard Nelson<br \/>\nMusikalisk ledning och dirigent Arnold \u00d6stman<br \/>\nPremi\u00e4r p\u00e5 Conficencen i Stockholm 16 juli 2015<\/p>\n<p>En av mina v\u00e4nner p\u00e5 Facebook har dagen efter premi\u00e4ren p\u00e5 Confidencens upps\u00e4ttning av Mozartoperan Cosi fan tutte skrivit:<br \/>\n<em>Jag har sett premi\u00e4ren p\u00e5 Cosi fan tutte p\u00e5 Confidencen och k\u00e4nner mig s\u00e5 upprymd, vackert spelat och sjunget, rolig regi och snygga kl\u00e4der, levande stearinljus som skapade en mjuk st\u00e4mning p\u00e5 scenen.<\/em><\/p>\n<p>Det \u00e4r en mycket bra sammanfattning av min upplevelse ocks\u00e5. I regi av  Natanael \u00d8igaard Nelson har denna roliga och varma opera blivit en f\u00f6rtrollande h\u00e4rlig operaupplevelse i Confidencens tidsenliga slottsteater.<\/p>\n<p><a href=\"http:\/\/kulturbloggen.com\/wp-content\/uploads\/2015\/07\/cosivantutte2.jpg\"><img loading=\"lazy\" decoding=\"async\" src=\"http:\/\/kulturbloggen.com\/wp-content\/uploads\/2015\/07\/cosivantutte2.jpg\" alt=\"Fotograf: Bo Ljungblom\" width=\"300\" height=\"300\" class=\"alignright size-full wp-image-95162\" srcset=\"https:\/\/kulturbloggen.com\/wp-content\/uploads\/2015\/07\/cosivantutte2.jpg 300w, https:\/\/kulturbloggen.com\/wp-content\/uploads\/2015\/07\/cosivantutte2-150x150.jpg 150w\" sizes=\"auto, (max-width: 300px) 100vw, 300px\" \/><\/a>Visst, p\u00e5 s\u00e4tt och vis \u00e4r handlingen lite f\u00e5nig. Operan utspelar sig i Neapel i slutet av 1700-talet. Den handlar om tv\u00e5 unga m\u00e4n som sl\u00e5r vad om att deras flickv\u00e4nner aldrig skulle kunna bedra dem. De best\u00e4mmer sig f\u00f6r att g\u00f6ra allt som st\u00e5r i deras makt f\u00f6r att bevisa saken men lyckas ist\u00e4llet bevisa motsatsen. De dras in i en h\u00e4rva av illa maskerade f\u00f6rf\u00f6relser och hastigt p\u00e5komna l\u00f6gner. Innan solen har g\u00e5tt ner denna h\u00e4ndelserika dag har kroppar m\u00f6tts och f\u00f6rtroenden och l\u00f6ften bytt \u00e4gare. De tv\u00e5 unga m\u00e4nnen kl\u00e4r ut sig och f\u00f6rs\u00f6ker f\u00f6rf\u00f6ra sina flickv\u00e4nner. Det \u00e4r v\u00e4l ganska sj\u00e4lvklart att s\u00e5dant fulspel straffar sig, att leka med andras k\u00e4nslor kan s\u00e4tta starka krafter i brand. Operan handlar om f\u00f6r\u00e4lskelse och lycka, som svek och bedr\u00e4geri &#8211; allt framf\u00f6rt till Mozarts fina musik.<\/p>\n<p>Orkestern under ledning av Arnold \u00d6stman \u00e4r skicklig, liksom s\u00e5ngarna. Musiken framf\u00f6rs p\u00e5 tidstypiska instrument. Efter n\u00e5gra darrande minuter d\u00e5 premi\u00e4rnerverna dammades av finns det inget annat att s\u00e4ga \u00e4n att s\u00e5ng och musik var av h\u00f6gsta klass. En av f\u00f6rest\u00e4llningens styrkor \u00e4r hur det tidstypiska genomf\u00f6rs in i minsta detalj. Bara det att f\u00f6rest\u00e4llningen framf\u00f6rs i det magiska skenet av levande ljus, vilket ger ett behagligt ljus och en \u00e4kta doft av stearin. Dr\u00e4kter, peruker och smink, allt \u00e4r som klippt direkt fr\u00e5n salongerna under 1700-talet.<\/p>\n<p>Spr\u00e5kfr\u00e5gan har regiss\u00f6ren l\u00f6st p\u00e5 smart s\u00e4tt. En stor del av s\u00e5ngerna framf\u00f6rs p\u00e5 originalspr\u00e5ket, vilket ju musiken \u00e4r b\u00e4st l\u00e4mpad f\u00f6r medan vissa avsnitt som \u00e4r viktiga f\u00f6r att f\u00f6rst\u00e5 handlingen framf\u00f6rs p\u00e5 svenska.<\/p>\n<p>Cosi fan tutte \u00e4r en av v\u00e4rldens mest spelade operor. Den hade urpremi\u00e4r p\u00e5 Burgtheater i Wien den 26 januari 1790 och den svenska premi\u00e4ren \u00e4gde rum p\u00e5 Stockholmsoperan den 14 maj 1830 i \u00f6vers\u00e4ttning av Nils Erik Wilhelm af Wetterstedt och den iscensattes \u00e5ter med premi\u00e4r den 17 februari 1940 med den italienska originaltexten, den 30 september 1964 med svensk text och den 18 december 1965. Den sattes upp p\u00e5 G\u00f6teborgsoperan med premi\u00e4r den 14 oktober 1995 och p\u00e5 Folkoperan med premi\u00e4r den 21 september 2002. Sommaren 2014 spelade Sk\u00e5nska operan en version f\u00f6rlagd i modern tid, som en TV-show, p\u00e5 sin \u00e5rliga sommarturne \u00b4i sk\u00e5nska slottsmilj\u00f6er. Upps\u00e4ttningen p\u00e5 Confidencen st\u00e5r sig bra i den kavalkaden. Hela atmosf\u00e4ren i slottsteatern i Conficencen passar s\u00e5 perfekt ihop med handlingen. Cosi fan tutte \u00e4r en operaf\u00f6rest\u00e4llning som g\u00f6r mig glad och den \u00e4r i allra h\u00f6gsta grad v\u00e4rd de st\u00e5ende ovationer den fick p\u00e5 premi\u00e4rkv\u00e4llen.<\/p>\n<p><strong>Medverkande:<\/strong><br \/>\nFiordiligi &#8211; Albina Isufi<br \/>\nDorabella &#8211; Erica Back<br \/>\nGuglielmo &#8211; Arash Azarbad<br \/>\nFerrando &#8211; Leif Aruhn Sol\u00e9n<br \/>\nDespina &#8211; Randi R\u00f8ssaak<br \/>\nDon Alfonso &#8211; Lars Martinsson<br \/>\nAlexandra Chalupa, Istvan Kisch, Karin Sandstr\u00f6m-Lapukins<\/p>\n","protected":false},"excerpt":{"rendered":"<p>Cosi fan tutte Av Wolfgang Amadeus Mozart Regi Natanael \u00d8igaard Nelson Musikalisk ledning och dirigent Arnold \u00d6stman Premi\u00e4r p\u00e5 Conficencen i Stockholm 16 juli 2015 En av mina v\u00e4nner p\u00e5 Facebook har dagen efter premi\u00e4ren p\u00e5 Confidencens upps\u00e4ttning av Mozartoperan Cosi fan tutte skrivit: Jag har sett premi\u00e4ren p\u00e5 Cosi fan tutte p\u00e5 Confidencen och [&hellip;]<\/p>\n","protected":false},"author":2,"featured_media":0,"comment_status":"open","ping_status":"open","sticky":false,"template":"","format":"standard","meta":{"_genesis_hide_title":false,"_genesis_hide_breadcrumbs":false,"_genesis_hide_singular_image":false,"_genesis_hide_footer_widgets":false,"_genesis_custom_body_class":"","_genesis_custom_post_class":"","_genesis_layout":"","footnotes":""},"categories":[16,20],"tags":[12144,1061,3793,4147],"class_list":{"0":"post-95134","1":"post","2":"type-post","3":"status-publish","4":"format-standard","6":"category-recension","7":"category-film","8":"tag-confidencen","9":"tag-cosi-fan-tutte","10":"tag-mozart","11":"tag-opera","12":"entry"},"_links":{"self":[{"href":"https:\/\/kulturbloggen.com\/index.php?rest_route=\/wp\/v2\/posts\/95134","targetHints":{"allow":["GET"]}}],"collection":[{"href":"https:\/\/kulturbloggen.com\/index.php?rest_route=\/wp\/v2\/posts"}],"about":[{"href":"https:\/\/kulturbloggen.com\/index.php?rest_route=\/wp\/v2\/types\/post"}],"author":[{"embeddable":true,"href":"https:\/\/kulturbloggen.com\/index.php?rest_route=\/wp\/v2\/users\/2"}],"replies":[{"embeddable":true,"href":"https:\/\/kulturbloggen.com\/index.php?rest_route=%2Fwp%2Fv2%2Fcomments&post=95134"}],"version-history":[{"count":13,"href":"https:\/\/kulturbloggen.com\/index.php?rest_route=\/wp\/v2\/posts\/95134\/revisions"}],"predecessor-version":[{"id":95163,"href":"https:\/\/kulturbloggen.com\/index.php?rest_route=\/wp\/v2\/posts\/95134\/revisions\/95163"}],"wp:attachment":[{"href":"https:\/\/kulturbloggen.com\/index.php?rest_route=%2Fwp%2Fv2%2Fmedia&parent=95134"}],"wp:term":[{"taxonomy":"category","embeddable":true,"href":"https:\/\/kulturbloggen.com\/index.php?rest_route=%2Fwp%2Fv2%2Fcategories&post=95134"},{"taxonomy":"post_tag","embeddable":true,"href":"https:\/\/kulturbloggen.com\/index.php?rest_route=%2Fwp%2Fv2%2Ftags&post=95134"}],"curies":[{"name":"wp","href":"https:\/\/api.w.org\/{rel}","templated":true}]}}