{"id":94807,"date":"2015-07-03T11:38:14","date_gmt":"2015-07-03T10:38:14","guid":{"rendered":"http:\/\/kulturbloggen.com\/?p=94807"},"modified":"2015-07-03T11:38:14","modified_gmt":"2015-07-03T10:38:14","slug":"cosi-fan-tutte-pa-confidencen-i-sommar","status":"publish","type":"post","link":"https:\/\/kulturbloggen.com\/?p=94807","title":{"rendered":"Cos\u00ec fan tutte p\u00e5 Confidencen i sommar"},"content":{"rendered":"<p><img loading=\"lazy\" decoding=\"async\" src=\"http:\/\/kulturbloggen.com\/wp-content\/uploads\/2015\/07\/Cosi_fan_tutte.jpg\" alt=\"Cosi_fan_tutte\" width=\"350\" height=\"430\" class=\"aligncenter size-full wp-image-94808\" srcset=\"https:\/\/kulturbloggen.com\/wp-content\/uploads\/2015\/07\/Cosi_fan_tutte.jpg 350w, https:\/\/kulturbloggen.com\/wp-content\/uploads\/2015\/07\/Cosi_fan_tutte-244x300.jpg 244w\" sizes=\"auto, (max-width: 350px) 100vw, 350px\" \/><\/p>\n<p>En lektion i k\u00e4rlekens flyktiga v\u00e4sen &#8211; Cos\u00ec fan tutte har premi\u00e4r p\u00e5 Ulriksdals Slottsteater Confidencen torsdagen den 16 juli och ges till och med den 23 augusti med 23 f\u00f6rest\u00e4llningar.<\/p>\n<p>Ett pressmeddelande ber\u00e4ttar:<br \/>\nI sommar s\u00e4tts Cos\u00ec fan tutte, eller \u201dSkola f\u00f6r \u00e4lskande\u201d upp p\u00e5 Confidencen. En av de f\u00e5 teatrar i v\u00e4rlden som kan f\u00f6rena tidstrogna instrument, kostym och mask med ett barockmaskineri och levande scenljus, vilket ger m\u00f6jlighet att p\u00e5 scenisk v\u00e4g utforska komposit\u00f6rens och librettistens dramatiska avsikter.<\/p>\n<p>Operan \u00e4r Mozarts tredje och sista samarbete med librettisten Lorenzo da Ponte och utm\u00e4rker sig genom sin emotionellt m\u00e5ngfacetterade dramatik, kl\u00e4dd i en rokokoskrud \u00e0 la Fragonard och Marivaux.<br \/>\nDen \u00e5ldrade kvinnokarlen och tillika upplysningsfilosofen Don Alfonso vill med kammarjungfrun Despinas hj\u00e4lp iscens\u00e4tta ett k\u00e4rleksdrama d\u00e4r fyra unga \u00e4lskande trohet s\u00e4tts p\u00e5 prov. Men leken \u00f6verg\u00e5r i allvar och situationen g\u00e5r \u00f6verstyr d\u00e5 de unga paren f\u00e5r erfara att alla m\u00e4nniskor st\u00e5r f\u00f6rsvarsl\u00f6sa inf\u00f6r k\u00e4rlekens makt.<\/p>\n<p>Musikalisk ledning &#038; dirigent: Arnold \u00d6stman<br \/>\nRegi: Natanael \u00d8igaard Nelson <\/p>\n<p>Medverkande: Fiordiligi &#8211; Albina Isufi Dorabella &#8211; Erica Back Guglielmo &#8211; Arash Azarbad Ferrando &#8211; Leif Aruhn Sol\u00e9n Despina &#8211; Randi R\u00f8ssaak Don Alfonso &#8211; Lars Martinsson<\/p>\n","protected":false},"excerpt":{"rendered":"<p>En lektion i k\u00e4rlekens flyktiga v\u00e4sen &#8211; Cos\u00ec fan tutte har premi\u00e4r p\u00e5 Ulriksdals Slottsteater Confidencen torsdagen den 16 juli och ges till och med den 23 augusti med 23 f\u00f6rest\u00e4llningar. Ett pressmeddelande ber\u00e4ttar: I sommar s\u00e4tts Cos\u00ec fan tutte, eller \u201dSkola f\u00f6r \u00e4lskande\u201d upp p\u00e5 Confidencen. En av de f\u00e5 teatrar i v\u00e4rlden som [&hellip;]<\/p>\n","protected":false},"author":13,"featured_media":0,"comment_status":"open","ping_status":"open","sticky":false,"template":"","format":"standard","meta":{"_genesis_hide_title":false,"_genesis_hide_breadcrumbs":false,"_genesis_hide_singular_image":false,"_genesis_hide_footer_widgets":false,"_genesis_custom_body_class":"","_genesis_custom_post_class":"","_genesis_layout":"","footnotes":""},"categories":[20],"tags":[12144,1061,4147],"class_list":{"0":"post-94807","1":"post","2":"type-post","3":"status-publish","4":"format-standard","6":"category-film","7":"tag-confidencen","8":"tag-cosi-fan-tutte","9":"tag-opera","10":"entry"},"_links":{"self":[{"href":"https:\/\/kulturbloggen.com\/index.php?rest_route=\/wp\/v2\/posts\/94807","targetHints":{"allow":["GET"]}}],"collection":[{"href":"https:\/\/kulturbloggen.com\/index.php?rest_route=\/wp\/v2\/posts"}],"about":[{"href":"https:\/\/kulturbloggen.com\/index.php?rest_route=\/wp\/v2\/types\/post"}],"author":[{"embeddable":true,"href":"https:\/\/kulturbloggen.com\/index.php?rest_route=\/wp\/v2\/users\/13"}],"replies":[{"embeddable":true,"href":"https:\/\/kulturbloggen.com\/index.php?rest_route=%2Fwp%2Fv2%2Fcomments&post=94807"}],"version-history":[{"count":1,"href":"https:\/\/kulturbloggen.com\/index.php?rest_route=\/wp\/v2\/posts\/94807\/revisions"}],"predecessor-version":[{"id":94809,"href":"https:\/\/kulturbloggen.com\/index.php?rest_route=\/wp\/v2\/posts\/94807\/revisions\/94809"}],"wp:attachment":[{"href":"https:\/\/kulturbloggen.com\/index.php?rest_route=%2Fwp%2Fv2%2Fmedia&parent=94807"}],"wp:term":[{"taxonomy":"category","embeddable":true,"href":"https:\/\/kulturbloggen.com\/index.php?rest_route=%2Fwp%2Fv2%2Fcategories&post=94807"},{"taxonomy":"post_tag","embeddable":true,"href":"https:\/\/kulturbloggen.com\/index.php?rest_route=%2Fwp%2Fv2%2Ftags&post=94807"}],"curies":[{"name":"wp","href":"https:\/\/api.w.org\/{rel}","templated":true}]}}