{"id":94784,"date":"2015-07-02T13:22:52","date_gmt":"2015-07-02T12:22:52","guid":{"rendered":"http:\/\/kulturbloggen.com\/?p=94784"},"modified":"2015-07-02T14:08:33","modified_gmt":"2015-07-02T13:08:33","slug":"lyssna-blood-orange-do-you-see-my-skin-through-the-flames","status":"publish","type":"post","link":"https:\/\/kulturbloggen.com\/?p=94784","title":{"rendered":"Lyssna: Blood Orange &#8211; Do You See My Skin Through the Flames?"},"content":{"rendered":"<p><a href=\"http:\/\/kulturbloggen.com\/wp-content\/uploads\/2015\/07\/blood-orange.jpg\"><img loading=\"lazy\" decoding=\"async\" class=\"aligncenter wp-image-94785 size-medium\" src=\"http:\/\/kulturbloggen.com\/wp-content\/uploads\/2015\/07\/blood-orange-300x196.jpg\" alt=\"blood orange\" width=\"300\" height=\"196\" srcset=\"https:\/\/kulturbloggen.com\/wp-content\/uploads\/2015\/07\/blood-orange-300x196.jpg 300w, https:\/\/kulturbloggen.com\/wp-content\/uploads\/2015\/07\/blood-orange.jpg 960w\" sizes=\"auto, (max-width: 300px) 100vw, 300px\" \/><\/a><\/p>\n<p>Blood Orange, eller Dev Hynes som han egentligen heter, har delat med sig av en ny l\u00e5t. <em>Do You See My Skin Through the Flames?<\/em> \u00e4r ett successivt upptrappande, jazzinfluerat och personligt spoken word om svartas r\u00e4ttigheter. I den lite mer \u00e4n tio minuter l\u00e5nga l\u00e5ten hinner Hynes bland annat ta upp ursprunget till sitt efternamn:<\/p>\n<blockquote><p><em>&#8221;Not only is my last name a name originated from the slave trade, but it literally means &#8217;a servant&#8217;. It&#8217;s a weird thing to have to carry around \u2013 I&#8217;m proud of my name, I&#8217;m proud of my dad, I&#8217;m proud of my family \u2013 but it&#8217;s very strange to have to carry that every day. We all carry that, every black person carries that.&#8221;<\/em><\/p><\/blockquote>\n<p><strong>Det beh\u00f6vs knappas p\u00e5pekas hur gripande\u00a0det \u00e4r, lyssna bara sj\u00e4lv:<\/strong><\/p>\n<p><iframe loading=\"lazy\" src=\"https:\/\/w.soundcloud.com\/player\/?url=https%3A\/\/api.soundcloud.com\/tracks\/212830839&amp;color=1e7fd1\" width=\"100%\" height=\"166\" frameborder=\"no\" scrolling=\"no\"><\/iframe><\/p>\n","protected":false},"excerpt":{"rendered":"<p>Blood Orange, eller Dev Hynes som han egentligen heter, har delat med sig av en ny l\u00e5t. Do You See My Skin Through the Flames? \u00e4r ett successivt upptrappande, jazzinfluerat och personligt spoken word om svartas r\u00e4ttigheter. I den lite mer \u00e4n tio minuter l\u00e5nga l\u00e5ten hinner Hynes bland annat ta upp ursprunget till sitt [&hellip;]<\/p>\n","protected":false},"author":3,"featured_media":0,"comment_status":"open","ping_status":"open","sticky":false,"template":"","format":"standard","meta":{"_genesis_hide_title":false,"_genesis_hide_breadcrumbs":false,"_genesis_hide_singular_image":false,"_genesis_hide_footer_widgets":false,"_genesis_custom_body_class":"","_genesis_custom_post_class":"","_genesis_layout":"","footnotes":""},"categories":[7],"tags":[10308,12140],"class_list":{"0":"post-94784","1":"post","2":"type-post","3":"status-publish","4":"format-standard","6":"category-musik","7":"tag-blood-orange","8":"tag-do-you-see-my-skin-through-the-flames","9":"entry"},"_links":{"self":[{"href":"https:\/\/kulturbloggen.com\/index.php?rest_route=\/wp\/v2\/posts\/94784","targetHints":{"allow":["GET"]}}],"collection":[{"href":"https:\/\/kulturbloggen.com\/index.php?rest_route=\/wp\/v2\/posts"}],"about":[{"href":"https:\/\/kulturbloggen.com\/index.php?rest_route=\/wp\/v2\/types\/post"}],"author":[{"embeddable":true,"href":"https:\/\/kulturbloggen.com\/index.php?rest_route=\/wp\/v2\/users\/3"}],"replies":[{"embeddable":true,"href":"https:\/\/kulturbloggen.com\/index.php?rest_route=%2Fwp%2Fv2%2Fcomments&post=94784"}],"version-history":[{"count":5,"href":"https:\/\/kulturbloggen.com\/index.php?rest_route=\/wp\/v2\/posts\/94784\/revisions"}],"predecessor-version":[{"id":94790,"href":"https:\/\/kulturbloggen.com\/index.php?rest_route=\/wp\/v2\/posts\/94784\/revisions\/94790"}],"wp:attachment":[{"href":"https:\/\/kulturbloggen.com\/index.php?rest_route=%2Fwp%2Fv2%2Fmedia&parent=94784"}],"wp:term":[{"taxonomy":"category","embeddable":true,"href":"https:\/\/kulturbloggen.com\/index.php?rest_route=%2Fwp%2Fv2%2Fcategories&post=94784"},{"taxonomy":"post_tag","embeddable":true,"href":"https:\/\/kulturbloggen.com\/index.php?rest_route=%2Fwp%2Fv2%2Ftags&post=94784"}],"curies":[{"name":"wp","href":"https:\/\/api.w.org\/{rel}","templated":true}]}}