{"id":94776,"date":"2015-07-02T12:15:18","date_gmt":"2015-07-02T11:15:18","guid":{"rendered":"http:\/\/kulturbloggen.com\/?p=94776"},"modified":"2015-07-02T12:26:02","modified_gmt":"2015-07-02T11:26:02","slug":"laakso-till-popaganda-det-ryktas-om-ny-musik","status":"publish","type":"post","link":"https:\/\/kulturbloggen.com\/?p=94776","title":{"rendered":"Laakso till Popaganda &#8211; det ryktas \u00e4ven om ny musik"},"content":{"rendered":"<p><a href=\"http:\/\/kulturbloggen.com\/wp-content\/uploads\/2015\/07\/laakso.png\"><img loading=\"lazy\" decoding=\"async\" class=\"aligncenter wp-image-94777 size-medium\" src=\"http:\/\/kulturbloggen.com\/wp-content\/uploads\/2015\/07\/laakso-300x300.png\" alt=\"laakso\" width=\"300\" height=\"300\" srcset=\"https:\/\/kulturbloggen.com\/wp-content\/uploads\/2015\/07\/laakso-300x300.png 300w, https:\/\/kulturbloggen.com\/wp-content\/uploads\/2015\/07\/laakso-150x150.png 150w, https:\/\/kulturbloggen.com\/wp-content\/uploads\/2015\/07\/laakso.png 640w\" sizes=\"auto, (max-width: 300px) 100vw, 300px\" \/><\/a><\/p>\n<p>Laakso st\u00e4ller sig \u00e5ter p\u00e5 en festivalscen f\u00f6r f\u00f6rsta g\u00e5ngen p\u00e5 sex \u00e5r. \u00c4ven Tove Styrke, med hyllade comebackalbumet <em>Kiddo<\/em> i ryggen, \u00e4r klar f\u00f6r Popagandafestivalen som \u00e4ger rum p\u00e5 Eriksdalsbadet mellan den 28 och 29 augusti.<\/p>\n<p>&#8221;Vi har l\u00e4ngtat efter den h\u00e4r dagen sedan v\u00e5r f\u00f6rsta festival p\u00e5 Eriksdalsbadet. I slutet av augusti f\u00e5r vi \u00e4ntligen se Laakso p\u00e5 Popagandas scen igen, f\u00f6r en exklusiv festivalspelning 2015. Det kommer att bjudas p\u00e5 gamla favoritl\u00e5tar, men det ryktas \u00e4ven om helt nytt material,&#8221; skriver Popaganda p\u00e5 sin Facebook-sida.<\/p>\n<p>Sedan tidigare \u00e4r James Blake, Jungle, M\u00d8, Shout Out Louds, Seinabo Sey, Lorentz, Amason, Elliphant, Sabina Ddumba, Joel Alme och Maja Francis klara f\u00f6r festivalen och fler artister tillkommer.<\/p>\n<p><strong>LAAKSO<\/strong><\/p>\n<p>Ibland dyker det upp band som griper tag i en p\u00e5 ett n\u00e4stan beroendeframkallande s\u00e4tt. Man jagar efter spelningar eftersom det inspelade materialet inte r\u00e4cker. Vi har f\u00f6ljt Laakso sedan de sl\u00e4ppte sitt egenproducerade album \u201cMe\u00e4nkieli\u201d 2002. Bandet som bildats n\u00e5got \u00e5r tidigare i Uppsala l\u00e4t inte som n\u00e5gonting annat. Det var slamrigt och stundtals skrikigt, men samtidigt var det den mest genomt\u00e4nkta popmusiken vi hade h\u00f6rt p\u00e5 l\u00e4nge. N\u00e4r n\u00e5gon annan \u00e4n vi sj\u00e4lva hade bokat Laakso, var vi alltid d\u00e4r som bes\u00f6kare. Det var en sj\u00e4lvklarhet.<\/p>\n<p>Att uppleva Laakso live var ren magi. Under de f\u00f6rsta \u00e5ren satt n\u00e4stan hela bandet ner p\u00e5 stolar n\u00e4r de spelade, men man var alltid lite r\u00e4dd att Markus Kruneg\u00e5rd skulle ramla, eftersom han brukade spela med en otrolig frenesi p\u00e5 sin barstol.<\/p>\n<p>Laaksos officiella debutalbum \u201cI Miss You, I\u2019m Pregnant\u201d kom 2003 och sedan dess har de sl\u00e4ppt ytterligare ett par album och ett flertal EP:s. De flesta som f\u00f6ljt svensk musik de senaste 12 \u00e5ren, kan nog nynna med i indiehits som \u201cLong Beach\u201d, \u201cV\u00e4sterbron\u201d, \u201cNorrk\u00f6ping\u201d, \u201cHigh Drama\u201d och \u201cItaly vs Helsinki\u201d.<\/p>\n<p>Senast Laakso bes\u00f6kte Popaganda var 2008, som ocks\u00e5 var v\u00e5rt f\u00f6rsta \u00e5r p\u00e5 Eriksdalsbadet. Banden som upptr\u00e4dde det \u00e5ret ligger oss lite extra varmt om hj\u00e4rtat och Laakso \u00e4r ett av de band vi g\u00e4rna bokar s\u00e5 fort det finns en m\u00f6jlighet. Dock kan antalet spelningar de senaste \u00e5ren r\u00e4knas p\u00e5 ett finger, som f\u00f6rband till Markus Kruneg\u00e5rd sj\u00e4lv p\u00e5 Cirkus, h\u00f6sten 2012.<\/p>\n<p>I slutet av sommaren v\u00e4lkomnar vi dock \u00e4ntligen Laakso tillbaka till Popaganda igen. \u00c4nnu en g\u00e5ng kommer vi att kunna se ett av landets b\u00e4sta liveband p\u00e5 Eriksdalsbadet. Vi kommer garanterat att f\u00e5 h\u00f6ra ett flertal av v\u00e5ra favoritl\u00e5tar, men vi har p\u00e5 k\u00e4nn att det \u00e4ven kommer att bjudas p\u00e5 helt nytt material(!).<\/p>\n<p><strong>TOVE STYRKE<\/strong><\/p>\n<p>Det skulle n\u00e4stan vara ett kardinalfel av oss att inte boka Tove Styrke 2015. Med ett genombrott via Idol 2009 och det sj\u00e4lvbetitlade debutalbumet 2010, blev hon snabbt en etablerad artist. Redan d\u00e5 valde hon att samarbeta med Popaganda-bekanta l\u00e5tskrivare, som Adam Olenius fr\u00e5n Shout Out Louds, Lykke Li och Noonie Bao. En av v\u00e5ra egna favoriter \u00e4r Familjen-remixen av \u201cMillion Pieces\u201d, som \u00e4r en riktig floorfiller p\u00e5 v\u00e5ra klubbar.<\/p>\n<p>Framg\u00e5ngen gick dock v\u00e4ldigt fort och efter ett par \u00e5rs oavbrutet arbete, best\u00e4mde sig Tove f\u00f6r att ta en paus fr\u00e5n musiken. Hon flyttade hem till Ume\u00e5 igen f\u00f6r att andas.<\/p>\n<p>I h\u00f6stas d\u00f6k hon \u00e4ntligen upp med EP:n \u201cBorderline\u201d, en brokig skara l\u00e5tar som var ett tydligt kliv \u00e5t sidan fr\u00e5n debutens raka electro-pop. Framf\u00f6r allt m\u00e4rktes det att l\u00e5tarna var mer genomt\u00e4nkta och att det inte fanns en klar formel f\u00f6r hur det skulle l\u00e5ta, d\u00e5 flera olika musikstilar fick samsas p\u00e5 de sex sp\u00e5ren. Det helt f\u00e4rska albumet \u201cKiddo\u201d har redan blivit tokhyllat b\u00e5de nationellt och internationellt.<\/p>\n<p>I de intervjuer som gjorts efter comebacken, sprudlar Tove Styrke av energi och gl\u00e4djen att f\u00e5 g\u00f6ra musik igen g\u00e5r inte att ta miste p\u00e5. Endast 22 \u00e5r gammal har hon hunnit bli popstj\u00e4rna, dragit sig tillbaka och nu gjort en storstilad comeback. Tove Styrke \u00e4r popstj\u00e4rnan som vill vara popstj\u00e4rna, men p\u00e5 sina egna villkor.<\/p>\n<p><iframe loading=\"lazy\" src=\"https:\/\/www.youtube.com\/embed\/BgtrzQEG3S8\" width=\"420\" height=\"315\" frameborder=\"0\" allowfullscreen=\"allowfullscreen\"><\/iframe><\/p>\n","protected":false},"excerpt":{"rendered":"<p>Laakso st\u00e4ller sig \u00e5ter p\u00e5 en festivalscen f\u00f6r f\u00f6rsta g\u00e5ngen p\u00e5 sex \u00e5r. \u00c4ven Tove Styrke, med hyllade comebackalbumet Kiddo i ryggen, \u00e4r klar f\u00f6r Popagandafestivalen som \u00e4ger rum p\u00e5 Eriksdalsbadet mellan den 28 och 29 augusti. &#8221;Vi har l\u00e4ngtat efter den h\u00e4r dagen sedan v\u00e5r f\u00f6rsta festival p\u00e5 Eriksdalsbadet. I slutet av augusti f\u00e5r [&hellip;]<\/p>\n","protected":false},"author":13,"featured_media":0,"comment_status":"open","ping_status":"open","sticky":false,"template":"","format":"standard","meta":{"_genesis_hide_title":false,"_genesis_hide_breadcrumbs":false,"_genesis_hide_singular_image":false,"_genesis_hide_footer_widgets":false,"_genesis_custom_body_class":"","_genesis_custom_post_class":"","_genesis_layout":"","footnotes":""},"categories":[7],"tags":[3202,4430,5928],"class_list":["post-94776","post","type-post","status-publish","format-standard","category-musik","tag-laakso","tag-popaganda","tag-tove-styrke","entry"],"_links":{"self":[{"href":"https:\/\/kulturbloggen.com\/index.php?rest_route=\/wp\/v2\/posts\/94776","targetHints":{"allow":["GET"]}}],"collection":[{"href":"https:\/\/kulturbloggen.com\/index.php?rest_route=\/wp\/v2\/posts"}],"about":[{"href":"https:\/\/kulturbloggen.com\/index.php?rest_route=\/wp\/v2\/types\/post"}],"author":[{"embeddable":true,"href":"https:\/\/kulturbloggen.com\/index.php?rest_route=\/wp\/v2\/users\/13"}],"replies":[{"embeddable":true,"href":"https:\/\/kulturbloggen.com\/index.php?rest_route=%2Fwp%2Fv2%2Fcomments&post=94776"}],"version-history":[{"count":3,"href":"https:\/\/kulturbloggen.com\/index.php?rest_route=\/wp\/v2\/posts\/94776\/revisions"}],"predecessor-version":[{"id":94783,"href":"https:\/\/kulturbloggen.com\/index.php?rest_route=\/wp\/v2\/posts\/94776\/revisions\/94783"}],"wp:attachment":[{"href":"https:\/\/kulturbloggen.com\/index.php?rest_route=%2Fwp%2Fv2%2Fmedia&parent=94776"}],"wp:term":[{"taxonomy":"category","embeddable":true,"href":"https:\/\/kulturbloggen.com\/index.php?rest_route=%2Fwp%2Fv2%2Fcategories&post=94776"},{"taxonomy":"post_tag","embeddable":true,"href":"https:\/\/kulturbloggen.com\/index.php?rest_route=%2Fwp%2Fv2%2Ftags&post=94776"}],"curies":[{"name":"wp","href":"https:\/\/api.w.org\/{rel}","templated":true}]}}