{"id":94435,"date":"2015-06-18T20:37:44","date_gmt":"2015-06-18T19:37:44","guid":{"rendered":"http:\/\/kulturbloggen.com\/?p=94435"},"modified":"2015-06-18T20:37:58","modified_gmt":"2015-06-18T19:37:58","slug":"lyssna-robyn-la-bagatelle-magique-love-is-free-feat-maluca","status":"publish","type":"post","link":"https:\/\/kulturbloggen.com\/?p=94435","title":{"rendered":"Lyssna: Robyn &#038; La Bagatelle Magique \u2013 Love Is Free (feat. Maluca)"},"content":{"rendered":"<p><a href=\"http:\/\/kulturbloggen.com\/wp-content\/uploads\/2015\/06\/robyn.jpg\"><img loading=\"lazy\" decoding=\"async\" class=\"aligncenter size-medium wp-image-94436\" src=\"http:\/\/kulturbloggen.com\/wp-content\/uploads\/2015\/06\/robyn-300x300.jpg\" alt=\"robyn\" width=\"300\" height=\"300\" srcset=\"https:\/\/kulturbloggen.com\/wp-content\/uploads\/2015\/06\/robyn-300x300.jpg 300w, https:\/\/kulturbloggen.com\/wp-content\/uploads\/2015\/06\/robyn-150x150.jpg 150w, https:\/\/kulturbloggen.com\/wp-content\/uploads\/2015\/06\/robyn.jpg 560w\" sizes=\"auto, (max-width: 300px) 100vw, 300px\" \/><\/a><\/p>\n<p>Vi var m\u00e5nga som var sp\u00e4nda p\u00e5 att h\u00f6ra vad det handlade om n\u00e4r det annonserades att Robyns nya projekt med La Bagatelle Magique (Markus J\u00e4gerstedt och Christian Falk som avled f\u00f6rra \u00e5ret) g\u00f6r en exklusiv spelning p\u00e5 Dans Dakar i sommar. Nu har f\u00f6rsta l\u00e5ten fr\u00e5n ett kommande minialbum haft premi\u00e4r p\u00e5 brittisk radio. I en intervju med BBC Radio-profilen Annie Mac ber\u00e4ttar Robyn att de h\u00e5ller p\u00e5 att mixa l\u00e5tarna nu och att minialbumet f\u00f6rmodligen sl\u00e4pps senare i sommar.<\/p>\n<p><strong>Lyssna p\u00e5 <em>Love is Free (feat. Maluca)<\/em> h\u00e4r nedan:<\/strong><\/p>\n<p><iframe loading=\"lazy\" src=\"http:\/\/www.bbc.co.uk\/programmes\/p02tz36h\/player\" width=\"400\" height=\"500\" frameborder=\"0\"><\/iframe><\/p>\n","protected":false},"excerpt":{"rendered":"<p>Vi var m\u00e5nga som var sp\u00e4nda p\u00e5 att h\u00f6ra vad det handlade om n\u00e4r det annonserades att Robyns nya projekt med La Bagatelle Magique (Markus J\u00e4gerstedt och Christian Falk som avled f\u00f6rra \u00e5ret) g\u00f6r en exklusiv spelning p\u00e5 Dans Dakar i sommar. Nu har f\u00f6rsta l\u00e5ten fr\u00e5n ett kommande minialbum haft premi\u00e4r p\u00e5 brittisk radio. [&hellip;]<\/p>\n","protected":false},"author":3,"featured_media":0,"comment_status":"open","ping_status":"open","sticky":false,"template":"","format":"standard","meta":{"_genesis_hide_title":false,"_genesis_hide_breadcrumbs":false,"_genesis_hide_singular_image":false,"_genesis_hide_footer_widgets":false,"_genesis_custom_body_class":"","_genesis_custom_post_class":"","_genesis_layout":"","footnotes":""},"categories":[7],"tags":[12097,12096,4791],"class_list":{"0":"post-94435","1":"post","2":"type-post","3":"status-publish","4":"format-standard","6":"category-musik","7":"tag-la-bagatelle-magique","8":"tag-love-is-free","9":"tag-robyn","10":"entry"},"_links":{"self":[{"href":"https:\/\/kulturbloggen.com\/index.php?rest_route=\/wp\/v2\/posts\/94435","targetHints":{"allow":["GET"]}}],"collection":[{"href":"https:\/\/kulturbloggen.com\/index.php?rest_route=\/wp\/v2\/posts"}],"about":[{"href":"https:\/\/kulturbloggen.com\/index.php?rest_route=\/wp\/v2\/types\/post"}],"author":[{"embeddable":true,"href":"https:\/\/kulturbloggen.com\/index.php?rest_route=\/wp\/v2\/users\/3"}],"replies":[{"embeddable":true,"href":"https:\/\/kulturbloggen.com\/index.php?rest_route=%2Fwp%2Fv2%2Fcomments&post=94435"}],"version-history":[{"count":1,"href":"https:\/\/kulturbloggen.com\/index.php?rest_route=\/wp\/v2\/posts\/94435\/revisions"}],"predecessor-version":[{"id":94437,"href":"https:\/\/kulturbloggen.com\/index.php?rest_route=\/wp\/v2\/posts\/94435\/revisions\/94437"}],"wp:attachment":[{"href":"https:\/\/kulturbloggen.com\/index.php?rest_route=%2Fwp%2Fv2%2Fmedia&parent=94435"}],"wp:term":[{"taxonomy":"category","embeddable":true,"href":"https:\/\/kulturbloggen.com\/index.php?rest_route=%2Fwp%2Fv2%2Fcategories&post=94435"},{"taxonomy":"post_tag","embeddable":true,"href":"https:\/\/kulturbloggen.com\/index.php?rest_route=%2Fwp%2Fv2%2Ftags&post=94435"}],"curies":[{"name":"wp","href":"https:\/\/api.w.org\/{rel}","templated":true}]}}