{"id":94215,"date":"2015-06-10T13:09:09","date_gmt":"2015-06-10T12:09:09","guid":{"rendered":"http:\/\/kulturbloggen.com\/?p=94215"},"modified":"2015-06-10T13:09:09","modified_gmt":"2015-06-10T12:09:09","slug":"allsang-pa-skansen-2015-med-fa-overraskningar-i-artistlistan","status":"publish","type":"post","link":"https:\/\/kulturbloggen.com\/?p=94215","title":{"rendered":"Alls\u00e5ng p\u00e5 Skansen 2015 med f\u00e5 \u00f6verraskningar i artistlistan"},"content":{"rendered":"<p><a href=\"http:\/\/kulturbloggen.com\/wp-content\/uploads\/2015\/06\/allsangpaskansen2015.jpg\"><img loading=\"lazy\" decoding=\"async\" src=\"http:\/\/kulturbloggen.com\/wp-content\/uploads\/2015\/06\/allsangpaskansen2015-200x300.jpg\" alt=\"allsangpaskansen2015\" width=\"200\" height=\"300\" class=\"aligncenter size-medium wp-image-94216\" srcset=\"https:\/\/kulturbloggen.com\/wp-content\/uploads\/2015\/06\/allsangpaskansen2015-200x300.jpg 200w, https:\/\/kulturbloggen.com\/wp-content\/uploads\/2015\/06\/allsangpaskansen2015.jpg 533w\" sizes=\"auto, (max-width: 200px) 100vw, 200px\" \/><\/a><\/p>\n<p>Alls\u00e5ng p\u00e5 Skansen har nu sl\u00e4ppt sin lista \u00f6ver sommarens medverkande artister och nja, det k\u00e4nns inte s\u00e4rskilt \u00f6verraskande och piggt. Trygga, stabila bokningar och inte s\u00e5 mycket som \u00e4r ov\u00e4ntat n\u00e4r Petra Marklund nu g\u00e5r in p\u00e5 sin andra s\u00e4song som programledare f\u00f6r allas v\u00e5rt stora alls\u00e5ngsprogram.<\/p>\n<p>Premi\u00e4ren den 23 juni g\u00e4stas av Carola, Hasse Andersson och Panetoz och finalprogrammet den 11 augusti blir nog ganska pampigt med Sveriges Radios Symfoniorkester, Lena Philipsson, Tommy K\u00f6rberg, Rigmor Gustafsson &#038; Viktoria Tolstoy och Robert Noack &#038; Maria Ylip\u00e4\u00e4.<\/p>\n<p>H\u00e4r \u00e4r artistlistan:<\/p>\n<p><strong>Program 1 \u2013 23\/6<\/strong><br \/>\nCarola<br \/>\nHasse Andersson<br \/>\nPanetoz<\/p>\n<p><strong>Program 2 \u2013 30\/6<\/strong><br \/>\nNorlie &#038; KKV<br \/>\nM\u00e5ns Zelmerl\u00f6w<br \/>\nSabina Ddumba<br \/>\nTomas Ledin<\/p>\n<p><strong>Program 3 \u2013 7\/7<\/strong><br \/>\nBo Kaspers Orkester<br \/>\nDanny Saucedo<br \/>\nIsa<br \/>\nJill Johnson &#038; Doug Seegers<br \/>\nMagnus Carlsson<\/p>\n<p><strong>Program 4 \u2013 14\/7<\/strong><br \/>\nDarin<br \/>\nJakob Karlberg<br \/>\nTitti Sj\u00f6blom<br \/>\nZara Larsson<br \/>\nBrolle &#038; Nanne Gr\u00f6nvall<\/p>\n<p><strong>Program 5 \u2013 21\/7<\/strong><br \/>\nDinah Nah<br \/>\nIda LaFontaine<br \/>\nKjell L\u00f6nn\u00e5 &#038; Sundsvalls Kammark\u00f6r<br \/>\nLasse Stefanz &#038; Mikael Wiehe<br \/>\nUlrik Munther<\/p>\n<p><strong>Program 6 \u2013 28\/7<\/strong><br \/>\nAlcazar<br \/>\nGunilla Backman<br \/>\nJessica Andersson &#038; Charlotte Perrelli<br \/>\nSvante Thuresson &#038; Pernilla Andersson<br \/>\nViktor Olsson<\/p>\n<p>Alls\u00e5ngsscenen \u00e4r din: Alcazar<\/p>\n<p><strong>Program 7 \u2013 4\/8<\/strong><br \/>\nCajsaStina \u00c5kerstr\u00f6m<br \/>\nChristina Nilsson<br \/>\nBruno Mitsogiannis, Peter Johansson, David Lindgren, Robert Rydberg<br \/>\nPetter<br \/>\nSay Lou Lou<\/p>\n<p><strong>Program 8 \u2013 11\/8<\/strong><br \/>\nSveriges Radios Symfoniorkester<br \/>\nLena Philipsson<br \/>\nTommy K\u00f6rberg<br \/>\nRigmor Gustafsson &#038; Viktoria Tolstoy<br \/>\nRobert Noack &#038; Maria Ylip\u00e4\u00e4 <\/p>\n","protected":false},"excerpt":{"rendered":"<p>Alls\u00e5ng p\u00e5 Skansen har nu sl\u00e4ppt sin lista \u00f6ver sommarens medverkande artister och nja, det k\u00e4nns inte s\u00e4rskilt \u00f6verraskande och piggt. Trygga, stabila bokningar och inte s\u00e5 mycket som \u00e4r ov\u00e4ntat n\u00e4r Petra Marklund nu g\u00e5r in p\u00e5 sin andra s\u00e4song som programledare f\u00f6r allas v\u00e5rt stora alls\u00e5ngsprogram. Premi\u00e4ren den 23 juni g\u00e4stas av Carola, [&hellip;]<\/p>\n","protected":false},"author":13,"featured_media":0,"comment_status":"open","ping_status":"open","sticky":false,"template":"","format":"standard","meta":{"_genesis_hide_title":false,"_genesis_hide_breadcrumbs":false,"_genesis_hide_singular_image":false,"_genesis_hide_footer_widgets":false,"_genesis_custom_body_class":"","_genesis_custom_post_class":"","_genesis_layout":"","footnotes":""},"categories":[20],"tags":[12067],"class_list":{"0":"post-94215","1":"post","2":"type-post","3":"status-publish","4":"format-standard","6":"category-film","7":"tag-allsang-pa-skansen","8":"entry"},"_links":{"self":[{"href":"https:\/\/kulturbloggen.com\/index.php?rest_route=\/wp\/v2\/posts\/94215","targetHints":{"allow":["GET"]}}],"collection":[{"href":"https:\/\/kulturbloggen.com\/index.php?rest_route=\/wp\/v2\/posts"}],"about":[{"href":"https:\/\/kulturbloggen.com\/index.php?rest_route=\/wp\/v2\/types\/post"}],"author":[{"embeddable":true,"href":"https:\/\/kulturbloggen.com\/index.php?rest_route=\/wp\/v2\/users\/13"}],"replies":[{"embeddable":true,"href":"https:\/\/kulturbloggen.com\/index.php?rest_route=%2Fwp%2Fv2%2Fcomments&post=94215"}],"version-history":[{"count":1,"href":"https:\/\/kulturbloggen.com\/index.php?rest_route=\/wp\/v2\/posts\/94215\/revisions"}],"predecessor-version":[{"id":94217,"href":"https:\/\/kulturbloggen.com\/index.php?rest_route=\/wp\/v2\/posts\/94215\/revisions\/94217"}],"wp:attachment":[{"href":"https:\/\/kulturbloggen.com\/index.php?rest_route=%2Fwp%2Fv2%2Fmedia&parent=94215"}],"wp:term":[{"taxonomy":"category","embeddable":true,"href":"https:\/\/kulturbloggen.com\/index.php?rest_route=%2Fwp%2Fv2%2Fcategories&post=94215"},{"taxonomy":"post_tag","embeddable":true,"href":"https:\/\/kulturbloggen.com\/index.php?rest_route=%2Fwp%2Fv2%2Ftags&post=94215"}],"curies":[{"name":"wp","href":"https:\/\/api.w.org\/{rel}","templated":true}]}}