{"id":94121,"date":"2015-06-07T16:41:41","date_gmt":"2015-06-07T15:41:41","guid":{"rendered":"http:\/\/kulturbloggen.com\/?p=94121"},"modified":"2015-06-07T16:41:41","modified_gmt":"2015-06-07T15:41:41","slug":"judas-priest-ar-ett-sakert-kort","status":"publish","type":"post","link":"https:\/\/kulturbloggen.com\/?p=94121","title":{"rendered":"Judas Priest \u00e4r ett s\u00e4kert kort"},"content":{"rendered":"<p><a href=\"http:\/\/kulturbloggen.com\/wp-content\/uploads\/2015\/06\/judas3.jpg\"><img loading=\"lazy\" decoding=\"async\" class=\"aligncenter size-full wp-image-94135\" src=\"http:\/\/kulturbloggen.com\/wp-content\/uploads\/2015\/06\/judas3.jpg\" alt=\"Metal God\" width=\"600\" height=\"461\" srcset=\"https:\/\/kulturbloggen.com\/wp-content\/uploads\/2015\/06\/judas3.jpg 600w, https:\/\/kulturbloggen.com\/wp-content\/uploads\/2015\/06\/judas3-300x231.jpg 300w\" sizes=\"auto, (max-width: 600px) 100vw, 600px\" \/><\/a><\/p>\n<p>Jag gillar verkligen Judas Priest och har sett dem live en handfull g\u00e5nger sedan mitten av \u00e5ttiotalet. Jag har aldrig l\u00e4mnat en spelning med bandet och varit besviken. F\u00f6r fem \u00e5r sedan s\u00e5g jag dem h\u00e4r p\u00e5 Sweden Rock och jag tyckte de var ruskigt bra. Mina f\u00f6rv\u00e4ntningar d\u00e5 var ganska l\u00e5gt st\u00e4llda eftersom det trots allt var \u00f6ver tjugo \u00e5r sedan jag d\u00e5 s\u00e5g dem senast. M\u00e5nga hj\u00e4ltar falnar och faller p\u00e5 den tiden. Men de bl\u00e5ste skallen av mig med eufori och gl\u00e4dje. N\u00e4r det d\u00e5 utannonserades att de skulle avsluta festivalen \u00e4ven detta \u00e5r s\u00e5 blev jag b\u00e5de glad och r\u00e4dd. En vacker dag har ju alla hj\u00e4ltar passerat sin topp och kanske fanns risken att s\u00e5 skulle skett med pr\u00e4sterna i \u00e5r. Men artistbokningen p\u00e5 Sweden Rock hade koll p\u00e5 l\u00e4get.<\/p>\n<p><a href=\"http:\/\/kulturbloggen.com\/wp-content\/uploads\/2015\/06\/judas2.jpg\"><img loading=\"lazy\" decoding=\"async\" class=\"alignright size-medium wp-image-94134\" src=\"http:\/\/kulturbloggen.com\/wp-content\/uploads\/2015\/06\/judas2-300x267.jpg\" alt=\"Gitarr God\" width=\"300\" height=\"267\" srcset=\"https:\/\/kulturbloggen.com\/wp-content\/uploads\/2015\/06\/judas2-300x267.jpg 300w, https:\/\/kulturbloggen.com\/wp-content\/uploads\/2015\/06\/judas2.jpg 450w\" sizes=\"auto, (max-width: 300px) 100vw, 300px\" \/><\/a>Energin som tillf\u00f6rts bandet med den nye gitarristen Richie Faulkner, verkade ha gett en rej\u00e4l boost till allt fr\u00e5n s\u00e5ngen till spelgl\u00e4djen. Jag tyckte hans spelstil p\u00e5 m\u00e5nga s\u00e4tt p\u00e5minde om Randy Rhodes men andra omkring mig, som s\u00e4kert vet b\u00e4ttre, tyckte han p\u00e5minde om Zakk Wylde. Inte de s\u00e4msta f\u00f6rebilderna. Sk\u00f6nt nog slapp vi allt f\u00f6r vidlyftiga gitarrsolon \u00e4ven p\u00e5 denna spelningen. Det kan annars ta ned hum\u00f6ret rej\u00e4lt.<\/p>\n<p>Hitparaden med l\u00e5tar fr\u00e5n bandets l\u00e5nga karri\u00e4r \u00e4r inte att leka med. Det staplas slagd\u00e4ngor p\u00e5 varandra och publiken \u00e4r med p\u00e5 noterna. Alls\u00e5ng i var och varannan l\u00e5t och stora jubel s\u00e5v\u00e4l efter l\u00e5tarna som mitt i dem. Mitt i publikhavet \u00e4r f\u00f6rbr\u00f6dringen total och s\u00e5 gott som alla omkring mig ler med hela ansiktet. Det h\u00e4r \u00e4r festivalrock n\u00e4r den \u00e4r som allra b\u00e4st.<\/p>\n<p>En fundering under konserten handlar om hur m\u00e5nga lastbilar de har som fraktar Halfords scenkl\u00e4der och annan rekvisita. Han g\u00e5r ut mellan i stort sett varje l\u00e5t och kommer in i n\u00e5gon ny kl\u00e4dnad. Det \u00e4r fler kl\u00e4dbyten \u00e4n p\u00e5 en genomsnittlig Eurovisionfinal. Den 63-\u00e5rige s\u00e5ngaren har r\u00f6sten i beh\u00e5ll. Ja han sjunger faktiskt b\u00e4ttre \u00e4n f\u00f6r fyra \u00e5r sedan. Det teatraliska framtr\u00e4dandet blir aldrig l\u00f6jligt utan varje scenf\u00f6r\u00e4ndring har sin plats i texter och musik. Det st\u00e5r &#8221;Metal God&#8221; p\u00e5 den f\u00f6rsta ryggpatchen han har p\u00e5 sig, och f\u00e5 har f\u00f6rtj\u00e4nat det epitetet b\u00e4ttre \u00e4n Rob Halford.<\/p>\n<p>Artist: Judas Priest<br \/>\nPlats: Sweden Rock Festival<br \/>\nBetyg: 5<\/p>\n","protected":false},"excerpt":{"rendered":"<p>Jag gillar verkligen Judas Priest och har sett dem live en handfull g\u00e5nger sedan mitten av \u00e5ttiotalet. Jag har aldrig l\u00e4mnat en spelning med bandet och varit besviken. F\u00f6r fem \u00e5r sedan s\u00e5g jag dem h\u00e4r p\u00e5 Sweden Rock och jag tyckte de var ruskigt bra. Mina f\u00f6rv\u00e4ntningar d\u00e5 var ganska l\u00e5gt st\u00e4llda eftersom det [&hellip;]<\/p>\n","protected":false},"author":13,"featured_media":0,"comment_status":"open","ping_status":"open","sticky":false,"template":"","format":"standard","meta":{"_genesis_hide_title":false,"_genesis_hide_breadcrumbs":false,"_genesis_hide_singular_image":false,"_genesis_hide_footer_widgets":false,"_genesis_custom_body_class":"","_genesis_custom_post_class":"","_genesis_layout":"","footnotes":""},"categories":[7,16],"tags":[],"class_list":{"0":"post-94121","1":"post","2":"type-post","3":"status-publish","4":"format-standard","6":"category-musik","7":"category-recension","8":"entry"},"_links":{"self":[{"href":"https:\/\/kulturbloggen.com\/index.php?rest_route=\/wp\/v2\/posts\/94121","targetHints":{"allow":["GET"]}}],"collection":[{"href":"https:\/\/kulturbloggen.com\/index.php?rest_route=\/wp\/v2\/posts"}],"about":[{"href":"https:\/\/kulturbloggen.com\/index.php?rest_route=\/wp\/v2\/types\/post"}],"author":[{"embeddable":true,"href":"https:\/\/kulturbloggen.com\/index.php?rest_route=\/wp\/v2\/users\/13"}],"replies":[{"embeddable":true,"href":"https:\/\/kulturbloggen.com\/index.php?rest_route=%2Fwp%2Fv2%2Fcomments&post=94121"}],"version-history":[{"count":1,"href":"https:\/\/kulturbloggen.com\/index.php?rest_route=\/wp\/v2\/posts\/94121\/revisions"}],"predecessor-version":[{"id":94136,"href":"https:\/\/kulturbloggen.com\/index.php?rest_route=\/wp\/v2\/posts\/94121\/revisions\/94136"}],"wp:attachment":[{"href":"https:\/\/kulturbloggen.com\/index.php?rest_route=%2Fwp%2Fv2%2Fmedia&parent=94121"}],"wp:term":[{"taxonomy":"category","embeddable":true,"href":"https:\/\/kulturbloggen.com\/index.php?rest_route=%2Fwp%2Fv2%2Fcategories&post=94121"},{"taxonomy":"post_tag","embeddable":true,"href":"https:\/\/kulturbloggen.com\/index.php?rest_route=%2Fwp%2Fv2%2Ftags&post=94121"}],"curies":[{"name":"wp","href":"https:\/\/api.w.org\/{rel}","templated":true}]}}