{"id":93967,"date":"2015-06-02T09:05:50","date_gmt":"2015-06-02T08:05:50","guid":{"rendered":"http:\/\/kulturbloggen.com\/?p=93967"},"modified":"2015-06-02T09:05:50","modified_gmt":"2015-06-02T08:05:50","slug":"dansmuseet-infor-fri-entre-under-sommaren-2015","status":"publish","type":"post","link":"https:\/\/kulturbloggen.com\/?p=93967","title":{"rendered":"Dansmuseet inf\u00f6r fri entr\u00e9 under sommaren 2015"},"content":{"rendered":"<p><a href=\"http:\/\/kulturbloggen.com\/wp-content\/uploads\/2015\/06\/dansmuseet.jpg\"><img loading=\"lazy\" decoding=\"async\" src=\"http:\/\/kulturbloggen.com\/wp-content\/uploads\/2015\/06\/dansmuseet-300x300.jpg\" alt=\"dansmuseet\" width=\"300\" height=\"300\" class=\"aligncenter size-medium wp-image-93968\" srcset=\"https:\/\/kulturbloggen.com\/wp-content\/uploads\/2015\/06\/dansmuseet-300x300.jpg 300w, https:\/\/kulturbloggen.com\/wp-content\/uploads\/2015\/06\/dansmuseet-150x150.jpg 150w, https:\/\/kulturbloggen.com\/wp-content\/uploads\/2015\/06\/dansmuseet.jpg 567w\" sizes=\"auto, (max-width: 300px) 100vw, 300px\" \/><\/a><\/p>\n<p>Dansmuseet inf\u00f6r fri entr\u00e9 under sommaren 2015. Ett pressmeddelande ber\u00e4ttar:<br \/>\nF\u00f6r att \u00f6ka tillg\u00e4ngligheten och locka fler bes\u00f6kare till utst\u00e4llningarna inf\u00f6r Dansmuseet fri entr\u00e9 till samtliga utst\u00e4llningar under juni, juli och augusti m\u00e5nad.<\/p>\n<p>Imorgon, den 3 juni, \u00e4r det 62 \u00e5r sedan Dansmuseet \u00f6ppnade i de sm\u00e5 kupolv\u00e4lvda rummen i Kungliga Operans k\u00e4llare, det forna Operakaf\u00e9et. Sedan dess har museet hunnit med m\u00e5nga adresser och finns idag p\u00e5 Drottninggatan 17 i Stockholm. Museet har n\u00e5tt ut till olika kategorier av bes\u00f6kare, inte bara genom utst\u00e4llningar kring dans, teater, konst och foto, utan \u00e4ven genom dansf\u00f6rest\u00e4llningar, lunchkonserter, kroki, prova-p\u00e5-dans f\u00f6r vuxna och programverksamhet f\u00f6r barn och unga. Ambitionen har alltid varit att intressera nya bes\u00f6kare f\u00f6r danskonsten. F\u00f6r att g\u00f6ra museet \u00e4nnu mer tillg\u00e4ngligt f\u00f6r publiken tar Dansmuseet steget att inf\u00f6ra fri entr\u00e9 till sina tv\u00e5 utst\u00e4llningar under sommaren 2015. Detta g\u00e4ller fr.o.m. tisdag 2 juni t.o.m. 30 augusti.<\/p>\n<p>\u2013 Att fri entr\u00e9 p\u00e5verkar publikens ben\u00e4genhet att bes\u00f6ka museet, har vi konstaterat vid de s\u00e4rskilda tillf\u00e4llen d\u00e5 vi har haft fri entr\u00e9, som vid Kulturnatten, Dansens Dag och Kulturfestivalen. D\u00e5 str\u00f6mmade publiken till, s\u00e4ger Erik N\u00e4slund, museichef.<\/p>\n<p>\u2013 Det gav ocks\u00e5 resultat under \u00e5ren p\u00e5 Gustav Adolfs Torg n\u00e4r vi hade fri entr\u00e9 till den permanenta utst\u00e4llningen i m\u00e5nga \u00e5r. Vi g\u00f6r detta nu som ett experiment \u00f6ver sommaren med f\u00f6rhoppning om att den fria entr\u00e9n ska s\u00e4nka tr\u00f6skeln in till museet och samtidigt bli en kulturell samlingsplats d\u00e4r alla k\u00e4nner sig v\u00e4lkomna.<\/p>\n<p><strong>Sommarens utst\u00e4llningar:<\/strong><br \/>\nRolf de Mar\u00e9s Dansmuseum \u2013 Permanent utst\u00e4llning som visar m\u00e5nga f\u00f6rem\u00e5l med anknytning till dans och teater fr\u00e5n hela v\u00e4rlden som Dansmuseets grundare, Rolf de Mar\u00e9 (1888-1964), samlade p\u00e5 sina v\u00e4rldsresor.<\/p>\n<p>Sleeping Beauties \u2013 dr\u00f6mmar och kostymer, om Ryska Baletten i Paris 1909\u20131929 (t.o.m. 16 augusti 2015).<\/p>\n","protected":false},"excerpt":{"rendered":"<p>Dansmuseet inf\u00f6r fri entr\u00e9 under sommaren 2015. Ett pressmeddelande ber\u00e4ttar: F\u00f6r att \u00f6ka tillg\u00e4ngligheten och locka fler bes\u00f6kare till utst\u00e4llningarna inf\u00f6r Dansmuseet fri entr\u00e9 till samtliga utst\u00e4llningar under juni, juli och augusti m\u00e5nad. Imorgon, den 3 juni, \u00e4r det 62 \u00e5r sedan Dansmuseet \u00f6ppnade i de sm\u00e5 kupolv\u00e4lvda rummen i Kungliga Operans k\u00e4llare, det forna [&hellip;]<\/p>\n","protected":false},"author":13,"featured_media":0,"comment_status":"open","ping_status":"open","sticky":false,"template":"","format":"standard","meta":{"_genesis_hide_title":false,"_genesis_hide_breadcrumbs":false,"_genesis_hide_singular_image":false,"_genesis_hide_footer_widgets":false,"_genesis_custom_body_class":"","_genesis_custom_post_class":"","_genesis_layout":"","footnotes":""},"categories":[62,20],"tags":[1128,11036,12045],"class_list":{"0":"post-93967","1":"post","2":"type-post","3":"status-publish","4":"format-standard","6":"category-medie-och-kulturpolitik","7":"category-film","8":"tag-dans","9":"tag-dansmuseet","10":"tag-fri-entre","11":"entry"},"_links":{"self":[{"href":"https:\/\/kulturbloggen.com\/index.php?rest_route=\/wp\/v2\/posts\/93967","targetHints":{"allow":["GET"]}}],"collection":[{"href":"https:\/\/kulturbloggen.com\/index.php?rest_route=\/wp\/v2\/posts"}],"about":[{"href":"https:\/\/kulturbloggen.com\/index.php?rest_route=\/wp\/v2\/types\/post"}],"author":[{"embeddable":true,"href":"https:\/\/kulturbloggen.com\/index.php?rest_route=\/wp\/v2\/users\/13"}],"replies":[{"embeddable":true,"href":"https:\/\/kulturbloggen.com\/index.php?rest_route=%2Fwp%2Fv2%2Fcomments&post=93967"}],"version-history":[{"count":1,"href":"https:\/\/kulturbloggen.com\/index.php?rest_route=\/wp\/v2\/posts\/93967\/revisions"}],"predecessor-version":[{"id":93969,"href":"https:\/\/kulturbloggen.com\/index.php?rest_route=\/wp\/v2\/posts\/93967\/revisions\/93969"}],"wp:attachment":[{"href":"https:\/\/kulturbloggen.com\/index.php?rest_route=%2Fwp%2Fv2%2Fmedia&parent=93967"}],"wp:term":[{"taxonomy":"category","embeddable":true,"href":"https:\/\/kulturbloggen.com\/index.php?rest_route=%2Fwp%2Fv2%2Fcategories&post=93967"},{"taxonomy":"post_tag","embeddable":true,"href":"https:\/\/kulturbloggen.com\/index.php?rest_route=%2Fwp%2Fv2%2Ftags&post=93967"}],"curies":[{"name":"wp","href":"https:\/\/api.w.org\/{rel}","templated":true}]}}