{"id":93949,"date":"2015-06-01T09:55:10","date_gmt":"2015-06-01T08:55:10","guid":{"rendered":"http:\/\/kulturbloggen.com\/?p=93949"},"modified":"2015-06-01T09:55:10","modified_gmt":"2015-06-01T08:55:10","slug":"motorhead-till-goteborg-och-stockholm-i-december-2015","status":"publish","type":"post","link":"https:\/\/kulturbloggen.com\/?p=93949","title":{"rendered":"Mot\u00f6rhead till G\u00f6teborg och Stockholm i december 2015"},"content":{"rendered":"<p><a href=\"http:\/\/kulturbloggen.com\/wp-content\/uploads\/2015\/06\/motorheadsommaren-2015.jpg\"><img loading=\"lazy\" decoding=\"async\" src=\"http:\/\/kulturbloggen.com\/wp-content\/uploads\/2015\/06\/motorheadsommaren-2015-300x225.jpg\" alt=\"motorheadsommaren 2015\" width=\"300\" height=\"225\" class=\"aligncenter size-medium wp-image-93950\" srcset=\"https:\/\/kulturbloggen.com\/wp-content\/uploads\/2015\/06\/motorheadsommaren-2015-300x225.jpg 300w, https:\/\/kulturbloggen.com\/wp-content\/uploads\/2015\/06\/motorheadsommaren-2015.jpg 600w\" sizes=\"auto, (max-width: 300px) 100vw, 300px\" \/><\/a><\/p>\n<p>N\u00e4r sommaren nu kommit och startat med v\u00e4rsta \u00f6sregn \u00e4r det lite trist att t\u00e4nka p\u00e5 att det kommer en h\u00f6st och en vinter snart ocks\u00e5. Men f\u00f6r h\u00e5rdrockare kan det ju vara en tr\u00f6st att det blir en och annan storkonsert i vinter som att Mot\u00f6rhead kommer till G\u00f6teborg och Stockholm i december 2015.<\/p>\n<p>Ur ett pressmeddelande:<br \/>\nSedan tidigare \u00e4r det klart att metallegenderna i Mot\u00f6rhead bes\u00f6ker Danmark, Norge och Finland i slutet av \u00e5ret. Nu kommer besked att bandet ocks\u00e5 kommer till Sverige d\u00e5 Lemmy &#038; Co intar Scandinavium i G\u00f6teborg den 1 december och Hovet i Stockholm den 4 december. Som support ser vi dessutom b\u00e5de Saxon och Girlschool.<\/p>\n<p>Mot\u00f6rheads plats i rockens historia \u00e4r cementerad sedan l\u00e4nge. Redan p\u00e5 det proggiga sjuttiotalet gjorde Lemmy &#038; Co upp med samtiden och levererade h\u00f6goktanig h\u00e5rdrock som fick hj\u00e4rtat att b\u00e5de speeda och hoppa \u00f6ver slag f\u00f6r att hinna med i tempot. Detta st\u00e5r sig \u00e4n idag. <\/p>\n<p>Med snart 22 album och ett o\u00e4ndligt antal turn\u00e9er runt jorden bakom sig forts\u00e4tter Mot\u00f6rheads fanskara fortfarande att v\u00e4xa. Inga andra band bjuder p\u00e5 en rockshow s\u00e5 snabb, intensiv, svettig och explosiv som Mot\u00f6rhead.<\/p>\n<p>2013 sl\u00e4ppte de det enorma albumet \u201dAftershock\u201d och i slutet av augusti i \u00e5r sl\u00e4pps deras 22:a, \u00e4nnu obetitlade, studioalbum. Det \u00e4r med det i rock\u00e4rmen de tar sig till v\u00e5ra breddgrader igen. <\/p>\n<p>Att Mot\u00f6rhead \u00e4r Sverigev\u00e4nner \u00e4r lika solklart som deras framtoning \u00e4r beckm\u00f6rk. N\u00e4r december slukar oss med b\u00e5de m\u00f6rker och kyla s\u00e5 k\u00e4nns det betryggande att veta att vi f\u00e5r tv\u00e5 svettiga kv\u00e4llar i Scandinavium och Hovet med Mot\u00f6rhead + Saxon och Girlschool.<\/p>\n<p><strong>Datum<\/strong><br \/>\n1.12 &#8211; Scandinavium, G\u00f6teborg<br \/>\n4.12 &#8211; Hovet, Stockholm<\/p>\n","protected":false},"excerpt":{"rendered":"<p>N\u00e4r sommaren nu kommit och startat med v\u00e4rsta \u00f6sregn \u00e4r det lite trist att t\u00e4nka p\u00e5 att det kommer en h\u00f6st och en vinter snart ocks\u00e5. Men f\u00f6r h\u00e5rdrockare kan det ju vara en tr\u00f6st att det blir en och annan storkonsert i vinter som att Mot\u00f6rhead kommer till G\u00f6teborg och Stockholm i december 2015. [&hellip;]<\/p>\n","protected":false},"author":13,"featured_media":0,"comment_status":"open","ping_status":"open","sticky":false,"template":"","format":"standard","meta":{"_genesis_hide_title":false,"_genesis_hide_breadcrumbs":false,"_genesis_hide_singular_image":false,"_genesis_hide_footer_widgets":false,"_genesis_custom_body_class":"","_genesis_custom_post_class":"","_genesis_layout":"","footnotes":""},"categories":[7],"tags":[2362,3902],"class_list":{"0":"post-93949","1":"post","2":"type-post","3":"status-publish","4":"format-standard","6":"category-musik","7":"tag-hardrock","8":"tag-motorhead","9":"entry"},"_links":{"self":[{"href":"https:\/\/kulturbloggen.com\/index.php?rest_route=\/wp\/v2\/posts\/93949","targetHints":{"allow":["GET"]}}],"collection":[{"href":"https:\/\/kulturbloggen.com\/index.php?rest_route=\/wp\/v2\/posts"}],"about":[{"href":"https:\/\/kulturbloggen.com\/index.php?rest_route=\/wp\/v2\/types\/post"}],"author":[{"embeddable":true,"href":"https:\/\/kulturbloggen.com\/index.php?rest_route=\/wp\/v2\/users\/13"}],"replies":[{"embeddable":true,"href":"https:\/\/kulturbloggen.com\/index.php?rest_route=%2Fwp%2Fv2%2Fcomments&post=93949"}],"version-history":[{"count":1,"href":"https:\/\/kulturbloggen.com\/index.php?rest_route=\/wp\/v2\/posts\/93949\/revisions"}],"predecessor-version":[{"id":93951,"href":"https:\/\/kulturbloggen.com\/index.php?rest_route=\/wp\/v2\/posts\/93949\/revisions\/93951"}],"wp:attachment":[{"href":"https:\/\/kulturbloggen.com\/index.php?rest_route=%2Fwp%2Fv2%2Fmedia&parent=93949"}],"wp:term":[{"taxonomy":"category","embeddable":true,"href":"https:\/\/kulturbloggen.com\/index.php?rest_route=%2Fwp%2Fv2%2Fcategories&post=93949"},{"taxonomy":"post_tag","embeddable":true,"href":"https:\/\/kulturbloggen.com\/index.php?rest_route=%2Fwp%2Fv2%2Ftags&post=93949"}],"curies":[{"name":"wp","href":"https:\/\/api.w.org\/{rel}","templated":true}]}}