{"id":93866,"date":"2015-05-28T06:41:53","date_gmt":"2015-05-28T05:41:53","guid":{"rendered":"http:\/\/kulturbloggen.com\/?p=93866"},"modified":"2015-05-28T06:42:35","modified_gmt":"2015-05-28T05:42:35","slug":"momo-eller-kampen-om-tiden-hostens-stora-familjeforestallning-pa-stockholm-stadsteaters","status":"publish","type":"post","link":"https:\/\/kulturbloggen.com\/?p=93866","title":{"rendered":"Momo eller kampen om tiden &#8211; h\u00f6stens stora familjef\u00f6rest\u00e4llning p\u00e5 Stockholm stadsteater"},"content":{"rendered":"<p><a href=\"http:\/\/kulturbloggen.com\/wp-content\/uploads\/2015\/05\/momo_lansering_press_low.jpg\"><img loading=\"lazy\" decoding=\"async\" src=\"http:\/\/kulturbloggen.com\/wp-content\/uploads\/2015\/05\/momo_lansering_press_low-300x300.jpg\" alt=\"momo_lansering_press_low\" width=\"300\" height=\"300\" class=\"aligncenter size-medium wp-image-93867\" srcset=\"https:\/\/kulturbloggen.com\/wp-content\/uploads\/2015\/05\/momo_lansering_press_low-300x300.jpg 300w, https:\/\/kulturbloggen.com\/wp-content\/uploads\/2015\/05\/momo_lansering_press_low-150x150.jpg 150w, https:\/\/kulturbloggen.com\/wp-content\/uploads\/2015\/05\/momo_lansering_press_low.jpg 744w\" sizes=\"auto, (max-width: 300px) 100vw, 300px\" \/><\/a><\/p>\n<p>Allan Svensson som stod bakom Det susar i s\u00e4ven &#8211; en av Stockholm stadsteaters st\u00f6rsta succ\u00e9er genom tiderna \u2013 g\u00f6r en efterl\u00e4ngtad comeback som regiss\u00f6r. Nu s\u00e4tter han upp h\u00f6stens familjesatsning p\u00e5 Kulturhuset Stadsteatern &#8211; Momo eller kampen om tiden som har premi\u00e4r den 22 augusti p\u00e5 Stora scenen med Polly Kisch i huvudrollen. <\/p>\n<p>Ett pressmeddelande ber\u00e4ttar:<br \/>\nDen fantastiska ber\u00e4ttelsen om Momo har f\u00f6rtrollat m\u00e5nga, barn som vuxna, genom \u00e5ren. Den \u00e4r skriven av tyske f\u00f6rfattaren Michael Ende som ocks\u00e5 gjort Den o\u00e4ndliga historien och Ofelia och skuggorna. Momo besitter en fantastisk f\u00f6rm\u00e5ga. N\u00e4r hon lyssnar f\u00f6rsvinner folks problem. Amfiteatern d\u00e4r hon bor blir en samlingsplats f\u00f6r musik, gl\u00e4dje och samtal &#8211; \u00e4nda tills n\u00e5gra mystiska, gr\u00e5 och cigarr\u00f6kande figurer b\u00f6rjar stj\u00e4la varje timma, minut och sekund som m\u00e4nniskorna arbetar ihop. Till slut \u00e4r den enda som kan r\u00e4dda dem Momo, som tillsammans med sk\u00f6ldpaddan Kassiopeja och den mystiske M\u00e4ster Tid tar upp kampen mot de onda krafterna.<\/p>\n<p>Momo eller kampen om tiden i regi av Allan Svensson \u00e4r h\u00f6stens stora familjef\u00f6rest\u00e4llning p\u00e5 Kulturhuset Stadsteatern. Rollen som Momo spelas av Polly Kisch, hennes bundsf\u00f6rvanter Kassiopeja och M\u00e4ster Tid av \u00c5ke Lundqvist och Sten Ljunggren. I \u00f6vriga roller syns Per Sandberg, G\u00f6ran Forsmark, Mats Qvistr\u00f6m, Jan Mybrand, Ralph Carlsson, Kirsti Stub\u00f8, Morten L\u00f8vstr\u00f8m Olsen, Lars G\u00f6ran Persson, Lars Edstr\u00f6m, Kristofer Kamiyasu, Patrik Hont och Anders Johannisson.<br \/>\nPremi\u00e4r: 22 augusti 2015<br \/>\nScen: Stora scenen, Kulturhuset Stadsteatern<br \/>\n\u00c5lder: Fr\u00e5n 7 \u00e5r i vuxens s\u00e4llskap<\/p>\n<p>Regi: Allan Svensson<br \/>\nDramatisering: Anneli M\u00e4kel\u00e4<br \/>\nScenografi: S\u00f6ren Brunes<br \/>\nKostym: Maria Gyllenhoff<br \/>\nLjus: William Wenner<br \/>\nKomposit\u00f6r: Adam Fietz<br \/>\nS\u00e5ngtexter: Tomas Andersson Wij<br \/>\nMask: Ulrika Ritter<\/p>\n","protected":false},"excerpt":{"rendered":"<p>Allan Svensson som stod bakom Det susar i s\u00e4ven &#8211; en av Stockholm stadsteaters st\u00f6rsta succ\u00e9er genom tiderna \u2013 g\u00f6r en efterl\u00e4ngtad comeback som regiss\u00f6r. Nu s\u00e4tter han upp h\u00f6stens familjesatsning p\u00e5 Kulturhuset Stadsteatern &#8211; Momo eller kampen om tiden som har premi\u00e4r den 22 augusti p\u00e5 Stora scenen med Polly Kisch i huvudrollen. Ett [&hellip;]<\/p>\n","protected":false},"author":13,"featured_media":0,"comment_status":"open","ping_status":"open","sticky":false,"template":"","format":"standard","meta":{"_genesis_hide_title":false,"_genesis_hide_breadcrumbs":false,"_genesis_hide_singular_image":false,"_genesis_hide_footer_widgets":false,"_genesis_custom_body_class":"","_genesis_custom_post_class":"","_genesis_layout":"","footnotes":""},"categories":[20,30],"tags":[1653,12036,4955,5420,12288],"class_list":{"0":"post-93866","1":"post","2":"type-post","3":"status-publish","4":"format-standard","6":"category-film","7":"category-teater","8":"tag-familjeforestallning","9":"tag-momo-eller-kampen-om-tiden","10":"tag-scenkonst","11":"tag-stockholms-stadsteater","12":"tag-teater","13":"entry"},"_links":{"self":[{"href":"https:\/\/kulturbloggen.com\/index.php?rest_route=\/wp\/v2\/posts\/93866","targetHints":{"allow":["GET"]}}],"collection":[{"href":"https:\/\/kulturbloggen.com\/index.php?rest_route=\/wp\/v2\/posts"}],"about":[{"href":"https:\/\/kulturbloggen.com\/index.php?rest_route=\/wp\/v2\/types\/post"}],"author":[{"embeddable":true,"href":"https:\/\/kulturbloggen.com\/index.php?rest_route=\/wp\/v2\/users\/13"}],"replies":[{"embeddable":true,"href":"https:\/\/kulturbloggen.com\/index.php?rest_route=%2Fwp%2Fv2%2Fcomments&post=93866"}],"version-history":[{"count":2,"href":"https:\/\/kulturbloggen.com\/index.php?rest_route=\/wp\/v2\/posts\/93866\/revisions"}],"predecessor-version":[{"id":93869,"href":"https:\/\/kulturbloggen.com\/index.php?rest_route=\/wp\/v2\/posts\/93866\/revisions\/93869"}],"wp:attachment":[{"href":"https:\/\/kulturbloggen.com\/index.php?rest_route=%2Fwp%2Fv2%2Fmedia&parent=93866"}],"wp:term":[{"taxonomy":"category","embeddable":true,"href":"https:\/\/kulturbloggen.com\/index.php?rest_route=%2Fwp%2Fv2%2Fcategories&post=93866"},{"taxonomy":"post_tag","embeddable":true,"href":"https:\/\/kulturbloggen.com\/index.php?rest_route=%2Fwp%2Fv2%2Ftags&post=93866"}],"curies":[{"name":"wp","href":"https:\/\/api.w.org\/{rel}","templated":true}]}}