{"id":93818,"date":"2015-05-26T11:41:14","date_gmt":"2015-05-26T10:41:14","guid":{"rendered":"http:\/\/kulturbloggen.com\/?p=93818"},"modified":"2015-05-26T12:02:04","modified_gmt":"2015-05-26T11:02:04","slug":"robyn-kommer-till-dans-dakar-med-nytt-projekt","status":"publish","type":"post","link":"https:\/\/kulturbloggen.com\/?p=93818","title":{"rendered":"Robyn kommer till Dans Dakar med nytt projekt"},"content":{"rendered":"<p><a href=\"http:\/\/kulturbloggen.com\/wp-content\/uploads\/2015\/05\/robyn.jpg\"><img loading=\"lazy\" decoding=\"async\" class=\"aligncenter size-medium wp-image-93819\" src=\"http:\/\/kulturbloggen.com\/wp-content\/uploads\/2015\/05\/robyn-300x221.jpg\" alt=\"robyn\" width=\"300\" height=\"221\" srcset=\"https:\/\/kulturbloggen.com\/wp-content\/uploads\/2015\/05\/robyn-300x221.jpg 300w, https:\/\/kulturbloggen.com\/wp-content\/uploads\/2015\/05\/robyn-1024x755.jpg 1024w, https:\/\/kulturbloggen.com\/wp-content\/uploads\/2015\/05\/robyn.jpg 1125w\" sizes=\"auto, (max-width: 300px) 100vw, 300px\" \/><\/a><\/p>\n<p>Lagom till sitt fem\u00e5rskalas flyttar Dans Dakar in p\u00e5 Skeppsholmen i Stockholm. Med artister som Giorgio Moroder och Diplo p\u00e5 programmet ser det redan r\u00e4tt lovande ut, men nu vrider de upp f\u00f6rv\u00e4ntningarna \u00e4nnu mer. Robyn, som firar att det var tjugo \u00e5r sedan hon sl\u00e4ppte sitt f\u00f6rsta album, kommer dit med ett nytt projekt. S\u00e5 h\u00e4r skriver Dans Dakar i ett pressmeddelande:<\/p>\n<p><em>&#8221;Europaexklusivt i form av ett nytt och &#8211; \u00e4n s\u00e5 l\u00e4nge &#8211; hemligt projekt som g\u00e5r under namnet Robyn &amp; La Bagatelle Magique! I \u00e5r \u00e4r det exakt 20 \u00e5r sedan Robyn sl\u00e4ppte sitt f\u00f6rsta album och har sedan dess sl\u00e4ppt och medverkat p\u00e5 n\u00e5gra av svensk musikhistorias tyngsta och viktigaste dansgolvsl\u00e5tar som Dream On, With Every Heartbeat och Dancing On My Own.&#8221;<\/em><\/p>\n<p>&#8211; Dans Dakar \u00e4r f\u00f6rsta spelningen vi g\u00f6r och det ska bli skitkul. Robyn &amp; La Bagatelle Magique \u00e4r ett band som best\u00e5r av mig, Markus J\u00e4gerstedt och Christian Falk, s\u00e4ger Robyn.<\/p>\n","protected":false},"excerpt":{"rendered":"<p>Lagom till sitt fem\u00e5rskalas flyttar Dans Dakar in p\u00e5 Skeppsholmen i Stockholm. Med artister som Giorgio Moroder och Diplo p\u00e5 programmet ser det redan r\u00e4tt lovande ut, men nu vrider de upp f\u00f6rv\u00e4ntningarna \u00e4nnu mer. Robyn, som firar att det var tjugo \u00e5r sedan hon sl\u00e4ppte sitt f\u00f6rsta album, kommer dit med ett nytt projekt. [&hellip;]<\/p>\n","protected":false},"author":2,"featured_media":0,"comment_status":"open","ping_status":"open","sticky":false,"template":"","format":"standard","meta":{"_genesis_hide_title":false,"_genesis_hide_breadcrumbs":false,"_genesis_hide_singular_image":false,"_genesis_hide_footer_widgets":false,"_genesis_custom_body_class":"","_genesis_custom_post_class":"","_genesis_layout":"","footnotes":""},"categories":[7],"tags":[1129,4791],"class_list":{"0":"post-93818","1":"post","2":"type-post","3":"status-publish","4":"format-standard","6":"category-musik","7":"tag-dans-dakar","8":"tag-robyn","9":"entry"},"_links":{"self":[{"href":"https:\/\/kulturbloggen.com\/index.php?rest_route=\/wp\/v2\/posts\/93818","targetHints":{"allow":["GET"]}}],"collection":[{"href":"https:\/\/kulturbloggen.com\/index.php?rest_route=\/wp\/v2\/posts"}],"about":[{"href":"https:\/\/kulturbloggen.com\/index.php?rest_route=\/wp\/v2\/types\/post"}],"author":[{"embeddable":true,"href":"https:\/\/kulturbloggen.com\/index.php?rest_route=\/wp\/v2\/users\/2"}],"replies":[{"embeddable":true,"href":"https:\/\/kulturbloggen.com\/index.php?rest_route=%2Fwp%2Fv2%2Fcomments&post=93818"}],"version-history":[{"count":2,"href":"https:\/\/kulturbloggen.com\/index.php?rest_route=\/wp\/v2\/posts\/93818\/revisions"}],"predecessor-version":[{"id":93825,"href":"https:\/\/kulturbloggen.com\/index.php?rest_route=\/wp\/v2\/posts\/93818\/revisions\/93825"}],"wp:attachment":[{"href":"https:\/\/kulturbloggen.com\/index.php?rest_route=%2Fwp%2Fv2%2Fmedia&parent=93818"}],"wp:term":[{"taxonomy":"category","embeddable":true,"href":"https:\/\/kulturbloggen.com\/index.php?rest_route=%2Fwp%2Fv2%2Fcategories&post=93818"},{"taxonomy":"post_tag","embeddable":true,"href":"https:\/\/kulturbloggen.com\/index.php?rest_route=%2Fwp%2Fv2%2Ftags&post=93818"}],"curies":[{"name":"wp","href":"https:\/\/api.w.org\/{rel}","templated":true}]}}