{"id":93621,"date":"2015-05-19T05:57:05","date_gmt":"2015-05-19T04:57:05","guid":{"rendered":"http:\/\/kulturbloggen.com\/?p=93621"},"modified":"2015-05-19T09:38:41","modified_gmt":"2015-05-19T08:38:41","slug":"mote-med-niklas-lind-vikarierade-som-trummis-med-sumpens-som-sjuaring","status":"publish","type":"post","link":"https:\/\/kulturbloggen.com\/?p=93621","title":{"rendered":"M\u00f6te med Niklas Lind &#8211; Vikarierade som trummis med Sumpens som sju\u00e5ring"},"content":{"rendered":"<p><img loading=\"lazy\" decoding=\"async\" src=\"http:\/\/kulturbloggen.com\/wp-content\/uploads\/2015\/05\/niklaslind.jpg\" alt=\"niklaslind\" width=\"450\" height=\"339\" class=\"aligncenter size-full wp-image-93622\" srcset=\"https:\/\/kulturbloggen.com\/wp-content\/uploads\/2015\/05\/niklaslind.jpg 450w, https:\/\/kulturbloggen.com\/wp-content\/uploads\/2015\/05\/niklaslind-300x226.jpg 300w\" sizes=\"auto, (max-width: 450px) 100vw, 450px\" \/><\/p>\n<p>Varf\u00f6r inte g\u00f6ra en intvju med Niklas Lind, sa n\u00e5gon. Mina fr\u00e5getecketecken i \u00f6gonen lyste och  jag t\u00e4nkte \u201cvem.\u00e4r Niklas Lind\u201d. N\u00e5v\u00e4l Niklas spelade med sin grupp p\u00e5 Clarion, s\u00e5 jag \u00e5kte dit f\u00f6r att lyssna.<\/p>\n<p>Konserten var en lyckotr\u00e4ff. En kille i slips och kavaj kliver upp p\u00e5 scenen. L\u00e4ngst fram sitter alla som vet vem han \u00e4r, det h\u00f6rs \u2013 tydligt.<br \/>\nIntrycket av spelningen blev \u00f6verraskande. Han var bra. Han spelade trumkomp till egna skrivna texter och hade en k\u00e4nsla av 60-tal, lite som en blandning av Uno Svenningsson, Stan Getz och Olle Adolphsson. Lagom texter med k\u00e4rlek utan allt f\u00f6r kletigt. Jag gillade det jag h\u00f6rde.<\/p>\n<p>N\u00e5gra dagar senare m\u00f6ts vi p\u00e5 samma hotell. Nu vet jag mer. Han spelade p\u00e5 Grammisgalan. Han har haft en l\u00e5t p\u00e5 svensktoppen. Hans pappa \u00e4r trummisen Krister Olsson, som h\u00e5llit takten \u00e5t bland andra Sumpens Swingsters i m\u00e5nga \u00e5r.<\/p>\n<p>Man kan utan \u00f6verdrift s\u00e4ga att Niklas \u00e5t trumpinnar som barn, hans f\u00f6rsta band-debut gjorde han som sju\u00e5ring \u2013 som just trummis. Tre syskon finns varav en bror, som \u00e4r den enda som jobbar med musik. Bordern \u00e5terfinns i Berlin d\u00e4r han spelar house- och klubbmusik.<\/p>\n<p>Eftersom Niklas r\u00f6r sig i tonerna fr\u00e5n 60-talet fr\u00e5gar jag hur gammal han \u00e4r. 40 blir svaret. Aha, \u00e4r du inte lite f\u00f6r ung f\u00f6r att sjunga 60-tal!<\/p>\n<p>\u2013 Jag \u00e4r uppv\u00e4xt med det, min pappa \u00e4r musiker, visserligen \u00e4r han jazzmusiker men han hade ett brett spektrum av musiksmak. Han tillh\u00f6rde ocks\u00e5 v\u00e4nstergrupperna s\u00e5 jag har f\u00e5tt b\u00e5de musik och politik med mig.<\/p>\n<p><strong>S\u00e5 kommer namnet Svante Thuresson<\/strong> som en f\u00f6rebild f\u00f6r att i n\u00e4sta \u00f6gonblick s\u00e4ga New Orleans musik, jag inser att Niklas har bredd bland f\u00f6rebilderna och vi f\u00e5r n\u00e5gra timmars samtal kring musiken.<\/p>\n<p>Debuten som sju\u00e5ring skedde i ett tradjazz-band, d\u00e4refter har han \u00e5tskilliga g\u00e5nger vikarierat f\u00f6r pappa Krister i  Sumpens Swingsters.<\/p>\n<p>Givetvis blev det trummor ocks\u00e5 efter gymnasiet, men alternativet hade kunnat bli fotbollspelare. Det blev n\u00e5gra \u00e5r i Hammarby som junior. Utbildning i trummor skedde i K\u00f6penhamn p\u00e5 musikkoservatoriet. En lite friare variant av musikh\u00f6gskola \u00e4n den svenska. \u00c4ven h\u00e4r s\u00e4tter farsarvet in, pappa var hammarbyare vilket tillsammans med trummorna g\u00e5tt i arv till Niklas.<\/p>\n<p><strong>Att det blev K\u00f6penhamn<\/strong> som utbildningsort var ett s\u00e4tt att frig\u00f6ra sig och komma hemifr\u00e5n. Frig\u00f6relsen gav helt klart resultat och Niklas har trummat med flertalet k\u00e4nda grupper som Robin, Eagle-Eye Cherry med flera.<\/p>\n<p>\u2013 Ja jag har spelat p\u00e5 allt fr\u00e5n sm\u00e5 publikst\u00e4llen till inf\u00f6r 80.000 m\u00e4nniskor i Brasilien med Eagle-Eye Cherry. Det \u00e4r lite h\u00e4ftigt att spela i ett s\u00e5dant sammanhang men det \u00e4r lika kul att spela f\u00f6r en liten publik. Jag tycker personligen b\u00e4st om sm\u00e5 spelst\u00e4llen.<\/p>\n<p><strong>Blir det inte mer av snack och distraktioner d\u00e5. Sj\u00e4lv blir jag irriterad n\u00e4r folk snackar och blir sm\u00e5fulla om jag vill lyssna p\u00e5 en artist?<\/strong><br \/>\n\u2013Jo i och f\u00f6r sig, visst publiken \u00e4r inte lika h\u00f6gtidlig som p\u00e5 en konsert eller ett st\u00e4lle d\u00e4r det finns en specifik inriktning, exempelvis visor. Jag lider inte s\u00e5 mycket av att publiken snackar men klart, som p\u00e5 ett st\u00e4lle d\u00e4r en satt n\u00e4stan mellan mina ben och snackade i mobilen och sa &#8221;kom f\u00f6r fan inte hit det \u00e4r skittr\u00e5kigt&#8221;.<br \/>\nD\u00e5 kan jag inte l\u00e5ta bli att skratta. <\/p>\n<p><strong>Vilken \u00e4r din v\u00e4rsta spelning<\/strong>?<br \/>\n\u2013I Tyskland d\u00e4r jag hade en betalande publik. Jag hade f\u00e5tt en skiva distrubierad till ett tyskt bolag och t\u00e4nkte att nu \u00e4r det bara att glida p\u00e5.<br \/>\nNiklas skrattar och s\u00e4ger att men vad sjutton, hen hade betalat och ville lyssna. Och lite s\u00e5 \u00e4r det \u00e4r \u00e4ven om det inte alltid \u00e4r fullsatt de som kommer \u2013 kommer f\u00f6r att de vill lyssna, d\u00e5 g\u00e5r det ju inte att sk\u00e4lla ut dem som \u00e4r n\u00e4rvarande f\u00f6r att inte andra kom.<\/p>\n<p>Men nu \u00e4r han soloartist vilket \u00e4r betydligt k\u00e4nsligare. Som trummis, s\u00e4ger han, \u00e4r man lite offside, du vet ingen ser en och recensenterna n\u00e4mner s\u00e4llan batterister och slagverkare om ens n\u00e5gon i ett band ut\u00f6ver s\u00e5ngaren.<\/p>\n<p>S\u00e5 fr\u00e5n att ha g\u00f6mt sig bakom trummorna st\u00e5r han nu vid micken och sjunger egen retromusik fr\u00e5n 60-talet.<br \/>\nMen Niklas tycker att det \u00e4r helt okej att st\u00e5 i fokus, det som sker \u00e4r ens eget ansvar.<br \/>\n\u2013 Mina texter speglar mycket av mina relationer och det som sker omkring mig,  lite av en psykoanalys av mig sj\u00e4lv.  Vad som h\u00e4nder p\u00e5 scenen \u00e4r mitt ansvar och g\u00e5r det \u00e5t skogen \u2013 jag f\u00e5r skylla mig sj\u00e4lv.<\/p>\n<p><strong>Sedan faller vi in p\u00e5 andra saker inom musikv\u00e4rlde<\/strong>n, som att recenseras, allts\u00e5 vad andra tycker om det som g\u00f6rs. Niklas s\u00e4ger att han aldrig recenserats som en i ett st\u00f6rre g\u00e4ng, men nu \u00e4r det annorlunda. Det \u00e4r solopersonen Niklas som skall granskas och bed\u00f6mas. Recensioner,  menar han \u00e4r ett evigt tyckande i en del fall m\u00e5ste n\u00e5gon alltid s\u00e4tta ner klacken och tycka n\u00e5got \u00e4r d\u00e5ligt n\u00e4r allt f\u00f6r m\u00e5nga samst\u00e4mmigt tycker annorlunda. <\/p>\n<p>Min egen id\u00e9 om att \u201ctycka om musik\u201d \u00e4r mer att inte skriva om det jag inte gillar eller tycker om att lyssna p\u00e5. Niklas s\u00e4ger att fler borde t\u00e4nka s\u00e5, men idag \u00e4r recensenterna f\u00e4rre och musiken mer av konsumtion.<br \/>\nDe specialiserade musikskribenterna var vanligare n\u00e4r kulturredaktionerna fortfarande var viktiga. Idag \u00e4r den musik som omn\u00e4mns mest inom breddmusik.<br \/>\n\u2013 Artister har i b\u00e4sta fall 30 sekunder att v\u00e4cka intresse n\u00e4r de st\u00e5r p\u00e5 scenen lyckas vi inte f\u00e5nga under den korta tiden \u00e4r risken stor att det blir ointressant. Det budskap eller inneh\u00e5ll vi har i texten skall sammanfattas p\u00e5 kort tid \u2013 en popl\u00e5t skall klara det p\u00e5 tre minuter.<\/p>\n<p><strong>Du har gjort ett antal singlar, som soloartist. \u00c4r det d\u00e5ligt, s\u00e5 tillvida att ett grammofonbolag \u00e4r tveksamt till att ge ut en full\u00e4ngdare?<\/strong><br \/>\n\u2013 Nej s\u00e5 \u00e4r det nog inte, kostaterar han, tv\u00e4rtom fler singlar \u00e4r bra. Man n\u00f6ter in p\u00e5 l\u00e5ng sikt.<br \/>\nEn full\u00e4ngdsskiva beh\u00f6ver inte inneb\u00e4ra den optimala framg\u00e5ngen, en bra full\u00e4ngdare st\u00e4ller krav p\u00e5 att n\u00e4sta blir \u00e4nnu b\u00e4tte. Samtidigt kanske det bara \u00e4r n\u00e5gra sp\u00e5r som \u00e4r verkligt bra p\u00e5 en skiva.<br \/>\nLP skivor var mycket ovanligt tidigare. De kom i slutet av 60 och b\u00f6rjan av 70-talet. Elvis gjorde f\u00e5 CD men m\u00e5nga singlar.<\/p>\n<p>Han forts\u00e4tter och s\u00e4ger att Spotify och liknande streamade musikmedier bygger p\u00e5 singelt\u00e4nkandet. Det \u00e4r bra att lyssnaren kan f\u00e5 exakt den l\u00e5t den vill ha utan att f\u00e5 med en massa som man kanske inte gillar.<\/p>\n<p><strong>Nja, p\u00e5 min tid kunde vi lyssna igenom en LP innan den k\u00f6ptes det var ganska bra, kontrar jag<\/strong>.<br \/>\nRegnet har slutat n\u00e4r jag kommer ut p\u00e5 gatan. N\u00e5gra meter bort har Nino Ramsby f\u00f6r n\u00e5gra minuter sedan avslutat sin smygrelease p\u00e5 nya CD:n \u201cDu kan och sov nu\u201d.<\/p>\n<p>Vill ni lyssna p\u00e5 Niklas Lind s\u00e5 spelar han p\u00e5 musikb\u00e5ten Blid\u00f6sund p\u00e5 onsdag 20 maj. Alternativt bes\u00f6ka Stockholm Folkfestival i augusti.<\/p>\n","protected":false},"excerpt":{"rendered":"<p>Varf\u00f6r inte g\u00f6ra en intvju med Niklas Lind, sa n\u00e5gon. Mina fr\u00e5getecketecken i \u00f6gonen lyste och jag t\u00e4nkte \u201cvem.\u00e4r Niklas Lind\u201d. N\u00e5v\u00e4l Niklas spelade med sin grupp p\u00e5 Clarion, s\u00e5 jag \u00e5kte dit f\u00f6r att lyssna. Konserten var en lyckotr\u00e4ff. En kille i slips och kavaj kliver upp p\u00e5 scenen. L\u00e4ngst fram sitter alla som [&hellip;]<\/p>\n","protected":false},"author":13,"featured_media":0,"comment_status":"open","ping_status":"open","sticky":false,"template":"","format":"standard","meta":{"_genesis_hide_title":false,"_genesis_hide_breadcrumbs":false,"_genesis_hide_singular_image":false,"_genesis_hide_footer_widgets":false,"_genesis_custom_body_class":"","_genesis_custom_post_class":"","_genesis_layout":"","footnotes":""},"categories":[5,7],"tags":[],"class_list":{"0":"post-93621","1":"post","2":"type-post","3":"status-publish","4":"format-standard","6":"category-intervju","7":"category-musik","8":"entry"},"_links":{"self":[{"href":"https:\/\/kulturbloggen.com\/index.php?rest_route=\/wp\/v2\/posts\/93621","targetHints":{"allow":["GET"]}}],"collection":[{"href":"https:\/\/kulturbloggen.com\/index.php?rest_route=\/wp\/v2\/posts"}],"about":[{"href":"https:\/\/kulturbloggen.com\/index.php?rest_route=\/wp\/v2\/types\/post"}],"author":[{"embeddable":true,"href":"https:\/\/kulturbloggen.com\/index.php?rest_route=\/wp\/v2\/users\/13"}],"replies":[{"embeddable":true,"href":"https:\/\/kulturbloggen.com\/index.php?rest_route=%2Fwp%2Fv2%2Fcomments&post=93621"}],"version-history":[{"count":1,"href":"https:\/\/kulturbloggen.com\/index.php?rest_route=\/wp\/v2\/posts\/93621\/revisions"}],"predecessor-version":[{"id":93623,"href":"https:\/\/kulturbloggen.com\/index.php?rest_route=\/wp\/v2\/posts\/93621\/revisions\/93623"}],"wp:attachment":[{"href":"https:\/\/kulturbloggen.com\/index.php?rest_route=%2Fwp%2Fv2%2Fmedia&parent=93621"}],"wp:term":[{"taxonomy":"category","embeddable":true,"href":"https:\/\/kulturbloggen.com\/index.php?rest_route=%2Fwp%2Fv2%2Fcategories&post=93621"},{"taxonomy":"post_tag","embeddable":true,"href":"https:\/\/kulturbloggen.com\/index.php?rest_route=%2Fwp%2Fv2%2Ftags&post=93621"}],"curies":[{"name":"wp","href":"https:\/\/api.w.org\/{rel}","templated":true}]}}