{"id":93481,"date":"2015-05-11T19:01:43","date_gmt":"2015-05-11T18:01:43","guid":{"rendered":"http:\/\/kulturbloggen.com\/?p=93481"},"modified":"2015-05-11T19:09:56","modified_gmt":"2015-05-11T18:09:56","slug":"nomineringarna-klara-till-barnens-romanpris-2015","status":"publish","type":"post","link":"https:\/\/kulturbloggen.com\/?p=93481","title":{"rendered":"Nomineringarna klara till Barnens Romanpris 2015"},"content":{"rendered":"<p><a href=\"http:\/\/kulturbloggen.com\/wp-content\/uploads\/2015\/05\/barnjury.jpg\"><img loading=\"lazy\" decoding=\"async\" src=\"http:\/\/kulturbloggen.com\/wp-content\/uploads\/2015\/05\/barnjury-300x200.jpg\" alt=\"A\" width=\"300\" height=\"200\" class=\"size-medium wp-image-93483\" srcset=\"https:\/\/kulturbloggen.com\/wp-content\/uploads\/2015\/05\/barnjury-300x200.jpg 300w, https:\/\/kulturbloggen.com\/wp-content\/uploads\/2015\/05\/barnjury-1024x681.jpg 1024w\" sizes=\"auto, (max-width: 300px) 100vw, 300px\" \/><\/a> <\/p>\n<p>Fem b\u00f6cker har nominerats till \u00e5rets upplaga av Barnens Romanpris \u2013 Sveriges Radios och Utbildningsradions litteraturpris d\u00e4r barn sj\u00e4lva l\u00e4ser, diskuterar och utser vinnaren. <\/p>\n<p>De nominerade b\u00f6ckerna \u00e4r: <\/p>\n<p>Lite mer \u00e4n en kram av M\u00e5rten Melin, Rab\u00e9n &#038; Sj\u00f6gren<br \/>\nDen blomstertid nu kommer av Marie-Chantal Long, Opal<br \/>\nBer\u00e4ttelsen om Taur av Bengt Tollesson, Idus f\u00f6rlag<br \/>\nInmurade av Lena Ollmark, B Wahlstr\u00f6m<br \/>\nVi ses i Obsan av Cilla Jackert, Rab\u00e9n &#038; Sj\u00f6gren<\/p>\n<p>Den vinnande boken f\u00f6r 9-13-\u00e5ringar kommer att utses av en barnjury fr\u00e5n klass 5 i Tiundaskolan i Uppsala, meddelar ett pressmeddelande. <\/p>\n<p>\u2013 \u00c5rets nominerade b\u00f6cker r\u00f6r sig \u00f6ver m\u00e5nga teman och flera genrer. H\u00e4r finns en sensuell k\u00e4rlekshistoria, en m\u00e5ngbottnad kriminalhistoria, en fantasybok fr\u00e5n internets barndom, en gedigen sp\u00f6khistoria fr\u00e5n Norrland och till sist en ber\u00e4ttelse om en sommar ensam i stan, s\u00e4ger Manuel Cubas, ny programledare f\u00f6r Barnens Romanpris.<\/p>\n<p>Barnjuryn  kommer att \u00e4gna sommarlovet \u00e5t l\u00e4sningen av de fem nominerade b\u00f6ckerna. Medlemmarna i juryn \u00e4r: Lina Edelbrock, Abel Mesfin, Matilda Stenerhag, Adam Cleusix, Jesper Thorsbrink, Oskar Bergstr\u00f6m och Molly Brus Thurfjell.<\/p>\n<p>Under sex veckor i h\u00f6st s\u00e4nds radioprogram i P1 d\u00e4r barnjuryn diskuterar b\u00f6ckerna, med start den 7 oktober. Den vinnande boken avsl\u00f6jas den 11 november och pristagaren portr\u00e4tteras den 18 november. Programmen s\u00e4nds \u00e4ven i repris i P4 och kommer att finnas i Sveriges Radio Play och i UR Play. <\/p>\n<p><strong>Barnens Romanpris<\/strong> arrangeras f\u00f6r sj\u00e4tte \u00e5ret i rad. En barnjury l\u00e4ser och bed\u00f6mer fem nominerade b\u00f6cker som v\u00e4nder sig till 9-13-\u00e5ringar och \u00e4r utgivna under h\u00f6sten 2014 och v\u00e5ren 2015. Prissumman \u00e4r 50 000 kr. Barnens Romanpris \u00e4r ett samarbete mellan Sveriges Radio och Utbildningsradion. Barnens Romanpris startades 2010 p\u00e5 initiativ av kulturjournalisten Kerstin M. Lundberg och Ylva M\u00e5rtens, producent f\u00f6r programmet Barnen i P1, f\u00f6r att fr\u00e4mja barns l\u00e4sning. I \u00e5r har Ylva M\u00e5rtens f\u00e5tt tv\u00e5 priser f\u00f6r sitt arbete med Barnens Romanpris, Gulliverpriset  fr\u00e5n Ibby och Eldsj\u00e4lspriset fr\u00e5n Svenska barnboksakademin.<\/p>\n","protected":false},"excerpt":{"rendered":"<p>Fem b\u00f6cker har nominerats till \u00e5rets upplaga av Barnens Romanpris \u2013 Sveriges Radios och Utbildningsradions litteraturpris d\u00e4r barn sj\u00e4lva l\u00e4ser, diskuterar och utser vinnaren. De nominerade b\u00f6ckerna \u00e4r: Lite mer \u00e4n en kram av M\u00e5rten Melin, Rab\u00e9n &#038; Sj\u00f6gren Den blomstertid nu kommer av Marie-Chantal Long, Opal Ber\u00e4ttelsen om Taur av Bengt Tollesson, Idus f\u00f6rlag [&hellip;]<\/p>\n","protected":false},"author":13,"featured_media":0,"comment_status":"open","ping_status":"open","sticky":false,"template":"","format":"standard","meta":{"_genesis_hide_title":false,"_genesis_hide_breadcrumbs":false,"_genesis_hide_singular_image":false,"_genesis_hide_footer_widgets":false,"_genesis_custom_body_class":"","_genesis_custom_post_class":"","_genesis_layout":"","footnotes":""},"categories":[20],"tags":[535,4508],"class_list":{"0":"post-93481","1":"post","2":"type-post","3":"status-publish","4":"format-standard","6":"category-film","7":"tag-barnens-romanpris","8":"tag-priser","9":"entry"},"_links":{"self":[{"href":"https:\/\/kulturbloggen.com\/index.php?rest_route=\/wp\/v2\/posts\/93481","targetHints":{"allow":["GET"]}}],"collection":[{"href":"https:\/\/kulturbloggen.com\/index.php?rest_route=\/wp\/v2\/posts"}],"about":[{"href":"https:\/\/kulturbloggen.com\/index.php?rest_route=\/wp\/v2\/types\/post"}],"author":[{"embeddable":true,"href":"https:\/\/kulturbloggen.com\/index.php?rest_route=\/wp\/v2\/users\/13"}],"replies":[{"embeddable":true,"href":"https:\/\/kulturbloggen.com\/index.php?rest_route=%2Fwp%2Fv2%2Fcomments&post=93481"}],"version-history":[{"count":5,"href":"https:\/\/kulturbloggen.com\/index.php?rest_route=\/wp\/v2\/posts\/93481\/revisions"}],"predecessor-version":[{"id":93485,"href":"https:\/\/kulturbloggen.com\/index.php?rest_route=\/wp\/v2\/posts\/93481\/revisions\/93485"}],"wp:attachment":[{"href":"https:\/\/kulturbloggen.com\/index.php?rest_route=%2Fwp%2Fv2%2Fmedia&parent=93481"}],"wp:term":[{"taxonomy":"category","embeddable":true,"href":"https:\/\/kulturbloggen.com\/index.php?rest_route=%2Fwp%2Fv2%2Fcategories&post=93481"},{"taxonomy":"post_tag","embeddable":true,"href":"https:\/\/kulturbloggen.com\/index.php?rest_route=%2Fwp%2Fv2%2Ftags&post=93481"}],"curies":[{"name":"wp","href":"https:\/\/api.w.org\/{rel}","templated":true}]}}