{"id":93195,"date":"2015-04-30T10:29:54","date_gmt":"2015-04-30T09:29:54","guid":{"rendered":"http:\/\/kulturbloggen.com\/?p=93195"},"modified":"2015-04-30T10:29:54","modified_gmt":"2015-04-30T09:29:54","slug":"anders-ekborg-ny-ambassador-for-alzheimerfonden","status":"publish","type":"post","link":"https:\/\/kulturbloggen.com\/?p=93195","title":{"rendered":"Anders Ekborg ny ambassad\u00f6r f\u00f6r Alzheimerfonden"},"content":{"rendered":"<p><a href=\"http:\/\/kulturbloggen.com\/wp-content\/uploads\/2015\/04\/andersekborg.jpg\"><img loading=\"lazy\" decoding=\"async\" src=\"http:\/\/kulturbloggen.com\/wp-content\/uploads\/2015\/04\/andersekborg-199x300.jpg\" alt=\"andersekborg\" width=\"199\" height=\"300\" class=\"aligncenter size-medium wp-image-93196\" srcset=\"https:\/\/kulturbloggen.com\/wp-content\/uploads\/2015\/04\/andersekborg-199x300.jpg 199w, https:\/\/kulturbloggen.com\/wp-content\/uploads\/2015\/04\/andersekborg.jpg 570w\" sizes=\"auto, (max-width: 199px) 100vw, 199px\" \/><\/a><\/p>\n<p>Anders Ekborg har utsetts till ambassad\u00f6r f\u00f6r Alzheimerfonden.<br \/>\n\u2013 Vi \u00e4r oerh\u00f6rt glada att Anders vill hj\u00e4lpa oss sprida medvetenhet om demenssjukdomar, s\u00e4ger Liselotte Jansson, Alzheimerfondens generalsekreterare, i ett pressmeddelande:<br \/>\nF\u00f6rlorade nyligen sin mamma<br \/>\nAnders Ekborg vet vad det inneb\u00e4r \u00e4r att vara anh\u00f6rig till n\u00e5gon som drabbats av demens. I mars i \u00e5r gick hans mamma gick bort i Alzheimers sjukdom, efter att ha varit sjuk i mer \u00e4n 10 \u00e5r. <\/p>\n<p>De tv\u00e5 sista \u00e5ren bodde Anders mamma p\u00e5 ett boende norr om Stockholm som han tyckte var mycket bra. Men han fick f\u00f6ra en l\u00e5ng kamp mot sin mammas hemkommun f\u00f6r att f\u00f6r att hon skulle f\u00e5 komma dit.<br \/>\n\u2013 Jag fick lov att skriva mamma hemma hos mig i Nacka f\u00f6r att hon till slut skulle f\u00e5 komma till det boende vi valt. <\/p>\n<p><strong>Kritisk mot kommunens st\u00f6d<\/strong><br \/>\nAnders Ekborg \u00e4r kritisk till hur olika st\u00f6det f\u00f6r demenssjuka och anh\u00f6riga \u00e4r i olika kommuner.<br \/>\n\u2013 Det \u00e4r verkligen hemskt. Som drabbad anh\u00f6rig blir man arg n\u00e4r fokus hamnar p\u00e5 n\u00e5got helt annat \u00e4n b\u00e4sta v\u00e5rden f\u00f6r den som \u00e4r sjuk.<\/p>\n<p><strong>Prata med andra anh\u00f6riga<\/strong><br \/>\nR\u00e5det Anders Ekborg ger till andra anh\u00f6riga \u00e4r att st\u00e5 p\u00e5 sig och att f\u00f6rs\u00f6ka ta hj\u00e4lp av dem som g\u00e5tt igenom samma process.<br \/>\n\u2013 Det \u00e4r f\u00f6rvirrande med alla v\u00e5rdval, tycker han.<\/p>\n<p><strong>Fakta om demens\u2028<\/strong><br \/>\nUngef\u00e4r 160 000 m\u00e4nniskor i Sverige \u00e4r drabbade av n\u00e5gon form av demenssjukdom. Alzheimers sjukdom \u00e4r den vanligaste.\u2028Var 4:e sekund drabbas n\u00e5gon i v\u00e4rlden av demenssjukdom.\u2028<br \/>\nEnligt WHO befaras antalet drabbade ha tredubblats till \u00e5r 2050.<br \/>\nInget botemedel finns och d\u00f6dligheten \u00e4r 100 procent. \u2028<br \/>\nDemenssjukdomar kostar Sverige 63 miljarder kronor per \u00e5r.<\/p>\n<p>Foto: Helen Karlsson<\/p>\n","protected":false},"excerpt":{"rendered":"<p>Anders Ekborg har utsetts till ambassad\u00f6r f\u00f6r Alzheimerfonden. \u2013 Vi \u00e4r oerh\u00f6rt glada att Anders vill hj\u00e4lpa oss sprida medvetenhet om demenssjukdomar, s\u00e4ger Liselotte Jansson, Alzheimerfondens generalsekreterare, i ett pressmeddelande: F\u00f6rlorade nyligen sin mamma Anders Ekborg vet vad det inneb\u00e4r \u00e4r att vara anh\u00f6rig till n\u00e5gon som drabbats av demens. I mars i \u00e5r gick [&hellip;]<\/p>\n","protected":false},"author":13,"featured_media":0,"comment_status":"open","ping_status":"open","sticky":false,"template":"","format":"standard","meta":{"_genesis_hide_title":false,"_genesis_hide_breadcrumbs":false,"_genesis_hide_singular_image":false,"_genesis_hide_footer_widgets":false,"_genesis_custom_body_class":"","_genesis_custom_post_class":"","_genesis_layout":"","footnotes":""},"categories":[62],"tags":[237,259],"class_list":{"0":"post-93195","1":"post","2":"type-post","3":"status-publish","4":"format-standard","6":"category-medie-och-kulturpolitik","7":"tag-alzheimer","8":"tag-anders-ekborg","9":"entry"},"_links":{"self":[{"href":"https:\/\/kulturbloggen.com\/index.php?rest_route=\/wp\/v2\/posts\/93195","targetHints":{"allow":["GET"]}}],"collection":[{"href":"https:\/\/kulturbloggen.com\/index.php?rest_route=\/wp\/v2\/posts"}],"about":[{"href":"https:\/\/kulturbloggen.com\/index.php?rest_route=\/wp\/v2\/types\/post"}],"author":[{"embeddable":true,"href":"https:\/\/kulturbloggen.com\/index.php?rest_route=\/wp\/v2\/users\/13"}],"replies":[{"embeddable":true,"href":"https:\/\/kulturbloggen.com\/index.php?rest_route=%2Fwp%2Fv2%2Fcomments&post=93195"}],"version-history":[{"count":1,"href":"https:\/\/kulturbloggen.com\/index.php?rest_route=\/wp\/v2\/posts\/93195\/revisions"}],"predecessor-version":[{"id":93197,"href":"https:\/\/kulturbloggen.com\/index.php?rest_route=\/wp\/v2\/posts\/93195\/revisions\/93197"}],"wp:attachment":[{"href":"https:\/\/kulturbloggen.com\/index.php?rest_route=%2Fwp%2Fv2%2Fmedia&parent=93195"}],"wp:term":[{"taxonomy":"category","embeddable":true,"href":"https:\/\/kulturbloggen.com\/index.php?rest_route=%2Fwp%2Fv2%2Fcategories&post=93195"},{"taxonomy":"post_tag","embeddable":true,"href":"https:\/\/kulturbloggen.com\/index.php?rest_route=%2Fwp%2Fv2%2Ftags&post=93195"}],"curies":[{"name":"wp","href":"https:\/\/api.w.org\/{rel}","templated":true}]}}