{"id":9314,"date":"2009-05-08T13:11:41","date_gmt":"2009-05-08T11:11:41","guid":{"rendered":"http:\/\/kulturbloggen.com\/?p=9314"},"modified":"2009-05-08T13:11:41","modified_gmt":"2009-05-08T11:11:41","slug":"borgfred-ar-varsta-bluffen-och-faktiskt-oansvarigt-att-ga-med-pa","status":"publish","type":"post","link":"https:\/\/kulturbloggen.com\/?p=9314","title":{"rendered":"Borgfred \u00e4r v\u00e4rsta bluffen och faktiskt oansvarigt att g\u00e5 med p\u00e5"},"content":{"rendered":"<p><img loading=\"lazy\" decoding=\"async\" src=\"http:\/\/sodergren.com\/kulturbloggen\/wp-content\/uploads\/2009\/05\/borgfred290.jpg\" alt=\"borgfred290\" title=\"borgfred290\" width=\"290\" height=\"200\" class=\"alignright size-full wp-image-9315\" \/><br \/>\nBorgfred har statsminister Reinfeldt efterlyst inf\u00f6r kommande halv\u00e5ret d\u00e5 Sverige ska vara ordf\u00f6rande i EU.<br \/>\nDet \u00e4r faktiskt oansvarigt av svenska politiker att g\u00e5 med p\u00e5 det.<br \/>\nSka Moderaterna inte inf\u00f6ra ett enda beslut kommande halv\u00e5ret? Ska regeringen inte g\u00f6ra n\u00e5got \u00e5t arbetsl\u00f6sheten, inte g\u00f6ra n\u00e5got \u00e5t de l\u00e5nga v\u00e5rdk\u00f6erna, inte g\u00f6ra n\u00e5got \u00e5r att massor av ungdomar \u00e4r arbetsl\u00f6sa och det finns f\u00f6r f\u00e5 utbildningsplatser?<br \/>\n<!--more--><br \/>\nT\u00e4nker Moderaterna l\u00e4gga ned Sverige ett halv\u00e5r och strunta i att regera ett halv\u00e5r?<br \/>\nOm de t\u00e4nkte det: d\u00e5 \u00e4r det ett h\u00e5n mot alla m\u00e4nniskor som inte \u00e4r vinnare under finanskrisen eller under h\u00f6gerns nedrustning av v\u00e4lf\u00e4rden.<\/p>\n<p>Men om Moderaterna t\u00e4nkte f\u00f6ra n\u00e5gon politik inom landets gr\u00e4nser och genomf\u00f6ra n\u00e5gra f\u00f6r\u00e4ndringar d\u00e5 \u00e4r det ett svek mot demokratin av \u00f6vriga partier att sv\u00e4lja f\u00f6rslaget och inte jobba oppositionellt.<\/p>\n<p>Bodstr\u00f6m \u00e4r en av de f\u00e5 politiker som faktiskt v\u00e5gat st\u00e5 upp mot det h\u00e4r med borgfreden. <a href=\"http:\/\/www.politikerbloggen.se\/2009\/05\/08\/19448\/\">Hos Politikerbloggen har han sagt<\/a>: <em>Reinfeldt ger hyckleriet ett ansikte<\/em><\/p>\n<p><a href=\"http:\/\/www.bodstromsamhallet.se\/2009\/05\/fredrik-reinfeldts-hyckleri-om-borgfred.html\">Och i sin blogg har Bodstr\u00f6m ber\u00e4ttar hur Reinfeldt inte alls respekterade den borgfred som skulle r\u00e5da d\u00e5 Sverige senast var ordf\u00f6rande i EU och socialdemokraterna satt i regeringen<\/a>:<\/p>\n<blockquote><p>Fredag den 15 juni 2001 intr\u00e4ffade G\u00f6teborgskravallerna. Hos de flesta partierna saknades intresse av att f\u00f6rs\u00f6ka utnyttja detta inrikespolitiskt.<br \/>\nDet fanns ett undantag: moderaterna.<br \/>\nD\u00e4r fanns det en som var mera utm\u00e4rkande \u00e4n alla andra: Fredrik Reinfeldt.<br \/>\nMedan gatstenarna fortfarande ven i G\u00f6terborg satt moderaterna i Stockholm och skrev pressmeddelande. Och n\u00e4r en ung man k\u00e4mpade f\u00f6r sitt liv, n\u00e4r ett stort antal poliser och demonstranter hade skadats och delar av en stad slagits s\u00f6nder, sprang Fredrik Reinfeldt omkring som en iller i Riksdagen och f\u00f6rs\u00f6kte f\u00e5 till ett&#8230;..ja, just det: ett misstroendevotum!<\/p><\/blockquote>\n<p><a href=\"http:\/\/www.politikerbloggen.se\/2009\/05\/07\/19411\/\">Relaterat i Politikerbloggen.<\/a><\/p>\n<p>Skulle EU vara viktigare \u00e4n Sverige? Ska vi k\u00f6pa det? Id\u00e9n om borgfred \u00e4r en illusion och en f\u00f6rr\u00e4disk s\u00e5dan. Sj\u00e4lvklart ska alla samh\u00e4llsengagerade m\u00e4nniskor forts\u00e4tta engagera sig och debattera medan Sverige \u00e4r ordf\u00f6rande i EU. Vi m\u00e5ste v\u00e4l alltid f\u00f6rs\u00f6ka f\u00f6rb\u00e4ttra v\u00e4rlden och samh\u00e4llet och v\u00e5rt eget land. Borgfred \u00e4r en slags bluff bara.<\/p>\n<p>Som om det vanliga politiska arbetet och diskussionerna skulle vara n\u00e5got oansvarig k\u00e4bbel.<br \/>\nSj\u00e4lvklart ska politiker hela tiden jobba f\u00f6r att f\u00f6r\u00e4ndra och f\u00f6rverkliga steg mot den vision de drivs av f\u00f6r ett b\u00e4ttre samh\u00e4lle.<\/p>\n<p>Relaterat: <a href=\"http:\/\/www.dn.se\/nyheter\/politik\/reinfeldt-hoppas-pa-borgfred-1.859046\">Dagens Nyheter<\/a><\/p>\n<p>L\u00e4s \u00e4ven andra bloggares \u00e5sikter om <a href=\"http:\/\/bloggar.se\/om\/politik\" rel=\"tag\">politik<\/a>, <a href=\"http:\/\/bloggar.se\/om\/moderaterna\" rel=\"tag\">moderaterna<\/a>, <a href=\"http:\/\/bloggar.se\/om\/samh%E4lle\" rel=\"tag\">samh\u00e4lle<\/a>, <a href=\"http:\/\/bloggar.se\/om\/EU\" rel=\"tag\">EU<\/a>, <a href=\"http:\/\/bloggar.se\/om\/Reinfeldt\" rel=\"tag\">Reinfeldt<\/a>, <a href=\"http:\/\/bloggar.se\/om\/Bodstr%F6m\" rel=\"tag\">Bodstr\u00f6m<\/a><\/p>\n","protected":false},"excerpt":{"rendered":"<p>Borgfred har statsminister Reinfeldt efterlyst inf\u00f6r kommande halv\u00e5ret d\u00e5 Sverige ska vara ordf\u00f6rande i EU. Det \u00e4r faktiskt oansvarigt av svenska politiker att g\u00e5 med p\u00e5 det. Ska Moderaterna inte inf\u00f6ra ett enda beslut kommande halv\u00e5ret? Ska regeringen inte g\u00f6ra n\u00e5got \u00e5t arbetsl\u00f6sheten, inte g\u00f6ra n\u00e5got \u00e5t de l\u00e5nga v\u00e5rdk\u00f6erna, inte g\u00f6ra n\u00e5got \u00e5r att [&hellip;]<\/p>\n","protected":false},"author":13,"featured_media":0,"comment_status":"open","ping_status":"open","sticky":false,"template":"","format":"standard","meta":{"_genesis_hide_title":false,"_genesis_hide_breadcrumbs":false,"_genesis_hide_singular_image":false,"_genesis_hide_footer_widgets":false,"_genesis_custom_body_class":"","_genesis_custom_post_class":"","_genesis_layout":"","footnotes":""},"categories":[20],"tags":[1581,12284,4917],"class_list":["post-9314","post","type-post","status-publish","format-standard","category-film","tag-eu","tag-politik","tag-samhalle","entry"],"_links":{"self":[{"href":"https:\/\/kulturbloggen.com\/index.php?rest_route=\/wp\/v2\/posts\/9314","targetHints":{"allow":["GET"]}}],"collection":[{"href":"https:\/\/kulturbloggen.com\/index.php?rest_route=\/wp\/v2\/posts"}],"about":[{"href":"https:\/\/kulturbloggen.com\/index.php?rest_route=\/wp\/v2\/types\/post"}],"author":[{"embeddable":true,"href":"https:\/\/kulturbloggen.com\/index.php?rest_route=\/wp\/v2\/users\/13"}],"replies":[{"embeddable":true,"href":"https:\/\/kulturbloggen.com\/index.php?rest_route=%2Fwp%2Fv2%2Fcomments&post=9314"}],"version-history":[{"count":0,"href":"https:\/\/kulturbloggen.com\/index.php?rest_route=\/wp\/v2\/posts\/9314\/revisions"}],"wp:attachment":[{"href":"https:\/\/kulturbloggen.com\/index.php?rest_route=%2Fwp%2Fv2%2Fmedia&parent=9314"}],"wp:term":[{"taxonomy":"category","embeddable":true,"href":"https:\/\/kulturbloggen.com\/index.php?rest_route=%2Fwp%2Fv2%2Fcategories&post=9314"},{"taxonomy":"post_tag","embeddable":true,"href":"https:\/\/kulturbloggen.com\/index.php?rest_route=%2Fwp%2Fv2%2Ftags&post=9314"}],"curies":[{"name":"wp","href":"https:\/\/api.w.org\/{rel}","templated":true}]}}