{"id":9309,"date":"2009-05-08T12:48:24","date_gmt":"2009-05-08T10:48:24","guid":{"rendered":"http:\/\/kulturbloggen.com\/?p=9309"},"modified":"2009-05-08T12:48:24","modified_gmt":"2009-05-08T10:48:24","slug":"nu-kan-du-vara-med-och-avgora-vem-som-ar-den-basta-svenska-deckarforfattaren","status":"publish","type":"post","link":"https:\/\/kulturbloggen.com\/?p=9309","title":{"rendered":"Nu kan du vara med och avg\u00f6ra vem som \u00e4r den b\u00e4sta svenska deckarf\u00f6rfattaren"},"content":{"rendered":"<p><img loading=\"lazy\" decoding=\"async\" src=\"http:\/\/sodergren.com\/kulturbloggen\/wp-content\/uploads\/2009\/05\/cosy290.jpg\" alt=\"cosy290\" title=\"cosy290\" width=\"290\" height=\"200\" class=\"alignright size-full wp-image-9310\" \/><br \/>\nI dagarna rivstartade Kalla Kulors bokklubb Cosy Crime med en omr\u00f6stning kring vem som \u00e4r Sveriges b\u00e4sta deckarf\u00f6rfattare &#8211; n\u00e5gonsin. Det h\u00e4r \u00e4r ingen \u00f6dmjuk liten knackning p\u00e5 d\u00f6rren till bokbloggsetablissemanget, det \u00e4r snarare att de sl\u00e5r in d\u00f6rrn och g\u00e5r in och s\u00e4tter sig ens favoritf\u00e5t\u00f6lj. Utan att ta av sig skorna f\u00f6rst. Vi fick en pratstund med Jack Werner, bokklubbschefen bakom Cosy Crime.<br \/>\n<!--more--><br \/>\n<strong>F\u00f6rst och fr\u00e4mst, vad \u00e4r Cosy Crime?<\/strong><br \/>\nCosy Crime \u00e4r bokklubben som tar tillbaka klubben till boken. Vi kommer inte ge ut gammal sk\u00e5pmat. Oetablerade f\u00f6rfattare med originella och kvalitativa deckare \u00e4r v\u00e5rt omr\u00e5de, och det \u00e4r det vi tror folk \u00e4r sugna p\u00e5 nu. Efter r\u00e4tt m\u00e5nga \u00e5r med Marklund, Mankell och Larsson p\u00e5 pall p\u00e5 stormarknaderna s\u00e5 beh\u00f6vs n\u00e5got nytt. Det \u00e4r vi som st\u00e5r f\u00f6r det nya, och man st\u00f6ttar det genom att g\u00e5 med. Dessutom kommer vi ju erbjuda faktiska klubbsysslor, t.ex. f\u00f6rfattartr\u00e4ffar, \u00f6lkv\u00e4llar med litteraturtema och ett helt nytt och inte riktigt f\u00e4rdigslipat koncept p\u00e5 dating via bokklubben. S\u00e5 det \u00e4r sv\u00e5rt att sammanfatta Cosy Crime, men det \u00e4r nytt, underh\u00e5llande och informellt iallafall.<\/p>\n<p><strong>Men \u00e4r inte detta bara ett grepp f\u00f6r Kalla Kulor ska kunna s\u00e4lja fler b\u00f6cker?<\/strong><br \/>\nIcke sa nicke. Vi f\u00f6rhandlar i detta nu med andra bokf\u00f6rlag om att de ska ge ut b\u00f6cker under Cosy Crimes logga. Det h\u00e4r handlar inte om f\u00f6rlagstillh\u00f6righet, det handlar om att r\u00e4dda deckarn. Och det g\u00f6r vi utan Kalla Kulor-loggan, och hoppas att fler ska f\u00f6lja efter.<\/p>\n<p><strong>Den h\u00e4r omr\u00f6stningen d\u00e5. Vad hoppas du ska bli resultatet av en s\u00e5 vag omr\u00f6stning som vem Sveriges &#8221;genom tiderna b\u00e4sta deckarf\u00f6rfattare&#8221; \u00e4r?<\/strong><br \/>\n\u00c4rligt talat v\u00e4ntar jag mig inte ett universellt svar p\u00e5 den fr\u00e5gan genom en omr\u00f6stning. Det \u00e4r alldeles f\u00f6r nyanserat och individuellt, och folk har bidragit till deckarhistorien p\u00e5 olika s\u00e4tt. Dock tror jag man kan f\u00e5 en ganska bra aning om dagsl\u00e4get p\u00e5 deckarmarknaden p\u00e5 det h\u00e4r s\u00e4ttet. Om en nykomling med kanske tre fyra utgivna b\u00f6cker de senaste tre &#8211; fem \u00e5ren blir framr\u00f6stad som Sveriges b\u00e4sta deckarf\u00f6rfattare n\u00e5gonsin kan man nog tycka deckarmarknaden nu har lite feber, och kanske beh\u00f6ver en alvedon. Det blir en fingervisning \u00e5t vilket h\u00e5ll debatten kommer, och m\u00e5ste, f\u00f6ra oss.<\/p>\n<p><strong>Kan man bli medlem i bokklubben nu?<\/strong><br \/>\nAbsolut! G\u00e5 bara in p\u00e5 <a href=\"http:\/\/www.cosycrime.com\">www.cosycrime.com<\/a> och klicka p\u00e5 &#8221;Anm\u00e4l dig!&#8221;. D\u00e4r finns all information man kan beh\u00f6va.<br \/>\nOm man bara vill engagera sig i nomineringsprocessen som just nu p\u00e5g\u00e5r till omr\u00f6stningen s\u00e5 g\u00e5r man in p\u00e5 <a href=\"http:\/\/www.cosycrime.com\/vem-ar-sveriges-basta-deckarforfattare\/\">http:\/\/www.cosycrime.com\/vem-ar-sveriges-basta-deckarforfattare\/<\/a><br \/>\nD\u00e4r finns all information. Som f\u00f6rhandsinfo kan jag l\u00e4cka att vi snart p\u00e5 bloggen kommer l\u00e5ta lite speciella personer i deckarsverige skriva sina nomineringar, lite mer uppm\u00e4rksammat &#8230;<\/p>\n<p><img loading=\"lazy\" decoding=\"async\" src=\"http:\/\/sodergren.com\/kulturbloggen\/wp-content\/uploads\/2009\/05\/cosy-crime600.jpg\" alt=\"cosy-crime600\" title=\"cosy-crime600\" width=\"600\" height=\"200\" class=\"alignright size-full wp-image-9311\" \/><\/p>\n<p>L\u00e4s \u00e4ven andra bloggares \u00e5sikter om <a href=\"http:\/\/bloggar.se\/om\/deckare\" rel=\"tag\">deckare<\/a>, <a href=\"http:\/\/bloggar.se\/om\/t%E4vling\" rel=\"tag\">t\u00e4vling<\/a>, <a href=\"http:\/\/bloggar.se\/om\/f%F6rfattare\" rel=\"tag\">f\u00f6rfattare<\/a>, <a href=\"http:\/\/bloggar.se\/om\/Cosy+crime\" rel=\"tag\">Cosy crime<\/a>, <a href=\"http:\/\/bloggar.se\/om\/deckarf%F6rfattare\" rel=\"tag\">deckarf\u00f6rfattare<\/a>, <a href=\"http:\/\/bloggar.se\/om\/kriminalroman\" rel=\"tag\">kriminalroman<\/a><\/p>\n","protected":false},"excerpt":{"rendered":"<p>I dagarna rivstartade Kalla Kulors bokklubb Cosy Crime med en omr\u00f6stning kring vem som \u00e4r Sveriges b\u00e4sta deckarf\u00f6rfattare &#8211; n\u00e5gonsin. Det h\u00e4r \u00e4r ingen \u00f6dmjuk liten knackning p\u00e5 d\u00f6rren till bokbloggsetablissemanget, det \u00e4r snarare att de sl\u00e5r in d\u00f6rrn och g\u00e5r in och s\u00e4tter sig ens favoritf\u00e5t\u00f6lj. Utan att ta av sig skorna f\u00f6rst. Vi [&hellip;]<\/p>\n","protected":false},"author":13,"featured_media":0,"comment_status":"open","ping_status":"open","sticky":false,"template":"","format":"standard","meta":{"_genesis_hide_title":false,"_genesis_hide_breadcrumbs":false,"_genesis_hide_singular_image":false,"_genesis_hide_footer_widgets":false,"_genesis_custom_body_class":"","_genesis_custom_post_class":"","_genesis_layout":"","footnotes":""},"categories":[3],"tags":[1197,1919,6057],"class_list":{"0":"post-9309","1":"post","2":"type-post","3":"status-publish","4":"format-standard","6":"category-litteratur","7":"tag-deckare","8":"tag-forfattare","9":"tag-tavling","10":"entry"},"_links":{"self":[{"href":"https:\/\/kulturbloggen.com\/index.php?rest_route=\/wp\/v2\/posts\/9309","targetHints":{"allow":["GET"]}}],"collection":[{"href":"https:\/\/kulturbloggen.com\/index.php?rest_route=\/wp\/v2\/posts"}],"about":[{"href":"https:\/\/kulturbloggen.com\/index.php?rest_route=\/wp\/v2\/types\/post"}],"author":[{"embeddable":true,"href":"https:\/\/kulturbloggen.com\/index.php?rest_route=\/wp\/v2\/users\/13"}],"replies":[{"embeddable":true,"href":"https:\/\/kulturbloggen.com\/index.php?rest_route=%2Fwp%2Fv2%2Fcomments&post=9309"}],"version-history":[{"count":0,"href":"https:\/\/kulturbloggen.com\/index.php?rest_route=\/wp\/v2\/posts\/9309\/revisions"}],"wp:attachment":[{"href":"https:\/\/kulturbloggen.com\/index.php?rest_route=%2Fwp%2Fv2%2Fmedia&parent=9309"}],"wp:term":[{"taxonomy":"category","embeddable":true,"href":"https:\/\/kulturbloggen.com\/index.php?rest_route=%2Fwp%2Fv2%2Fcategories&post=9309"},{"taxonomy":"post_tag","embeddable":true,"href":"https:\/\/kulturbloggen.com\/index.php?rest_route=%2Fwp%2Fv2%2Ftags&post=9309"}],"curies":[{"name":"wp","href":"https:\/\/api.w.org\/{rel}","templated":true}]}}