{"id":93087,"date":"2015-04-22T21:23:26","date_gmt":"2015-04-22T20:23:26","guid":{"rendered":"http:\/\/kulturbloggen.com\/?p=93087"},"modified":"2015-05-09T07:29:27","modified_gmt":"2015-05-09T06:29:27","slug":"torres-jag-har-lart-mig-att-lita-pa-mina-instinkter","status":"publish","type":"post","link":"https:\/\/kulturbloggen.com\/?p=93087","title":{"rendered":"Torres: \u201dJag har l\u00e4rt mig att lita p\u00e5 mina instinkter\u201d"},"content":{"rendered":"<p><a href=\"http:\/\/kulturbloggen.com\/wp-content\/uploads\/2015\/04\/torres.jpg\"><img loading=\"lazy\" decoding=\"async\" class=\"aligncenter size-medium wp-image-93088\" src=\"http:\/\/kulturbloggen.com\/wp-content\/uploads\/2015\/04\/torres-300x200.jpg\" alt=\"torres\" width=\"300\" height=\"200\" srcset=\"https:\/\/kulturbloggen.com\/wp-content\/uploads\/2015\/04\/torres-300x200.jpg 300w, https:\/\/kulturbloggen.com\/wp-content\/uploads\/2015\/04\/torres-1024x683.jpg 1024w\" sizes=\"auto, (max-width: 300px) 100vw, 300px\" \/><\/a><\/p>\n<p><a href=\"http:\/\/kulturbloggen.com\/?p=65282\">\u201dK\u00e4nslostr\u00f6mmar i sin renaste form, lyckligtvis f\u00f6revigade p\u00e5 band,\u201d<\/a> skrev vi i v\u00e5r recension av Mackenzie Scotts \u2013 eller Torres som hon kallar sig \u2013 sj\u00e4lvbetitlade debutalbum fr\u00e5n 2013. Uppbackad av bland annat PJ Harvey-basisten Ian Oliver och Portisheads-gitarristen Adrian Utley \u00e4r hon nu tillbaka med ett album som inte bara soundm\u00e4ssigt \u00e4r tyngre, utan \u00e4ven textm\u00e4ssigt tar upp st\u00f6rre och mer abstrakta \u00e4mnen. <em>Sprinter<\/em> sl\u00e4pps via Partisan den 5 maj. S\u00e5 h\u00e4r l\u00e4t det n\u00e4r Kulturbloggen ringde upp den tjugofyra\u00e5riga singer-songwritern.<\/p>\n<p><strong>Hur har flytten fr\u00e5n Nashville till Brooklyn p\u00e5verkat din livsstil? \u00c5terspeglas det p\u00e5 n\u00e5got s\u00e4tt i din musik?<\/strong><\/p>\n<p>&#8211; Det har helt f\u00f6r\u00e4ndrat hur jag tar mig igenom dagen. Det h\u00e4nder s\u00e5 mycket mer externt, vilket jag indirekt tror orsakar lite mer intern kaos. Eller inte kaos, det h\u00e4nder bara mycket mer i mitt huvud, det \u00e4r mycket mer stimulerande, och indirekt p\u00e5verkar det f\u00f6rmodligen musiken. Jag vet inte riktigt hur, men det har det definitivt gjort.<\/p>\n<p><strong>Kan du ber\u00e4tta lite om skillnaderna och likheterna mellan att bo i Nashville och Brooklyn?<\/strong><\/p>\n<p>&#8211; I Nashville gick dagarna l\u00e5ngsammare. Skillnaden \u00e4r natt och dag. Jag gick knappt i Nashville, jag \u00e5kte bil \u00f6verallt. Jag spenderade mycket tid ensam i min l\u00e4genhet. Nu n\u00e4r jag bor i Brooklyn tar jag t\u00e5get och g\u00e5r \u00f6verallt. Jag \u00e4r utomhus mycket mer.<\/p>\n<p><strong>Har du blivit mer utg\u00e5ende?<\/strong><\/p>\n<p>&#8211; Jag skulle inte s\u00e4ga mer utg\u00e5ende, men jag tror att jag har blivit mer best\u00e4md. Jag kan definitivt tala f\u00f6r mig sj\u00e4lv i st\u00f6rre utstr\u00e4ckning \u00e4n vad jag kunde n\u00e4r jag bodde i Tennessee. Sj\u00e4lvbevarelsedriften \u00e4r en del av att bo h\u00e4r, du m\u00e5ste se till att du inte blir utnyttjad. Jag tror att jag bara \u00e4r mer medveten nu \u00e4n vad jag n\u00e5gonsin var i Nashville. Mer medveten om min omgivning, mer sj\u00e4lvmedveten.<\/p>\n<p><strong>Som musiker, finns det fler m\u00f6jligheter i Brooklyn?<\/strong><\/p>\n<p>&#8211; F\u00f6r mig personligen \u00e4r svaret ja. Jag tyckte det var sv\u00e5rt att komma in i musikscenen i Nashville. Jag spelade inte s\u00e5 mycket ute. Alla mina v\u00e4nner var musiker d\u00e4r, men jag kunde inte komma ut och spela s\u00e5 mycket som jag hade velat. Jag tror att jag har gett fler spelningar sedan jag flyttade till Brooklyn \u00e4n jag n\u00e5gonsin gjorde i Nashville.<\/p>\n<p><strong>N\u00e4r du spelade in ditt debutalbum studerade du fortfarande, s\u00e5 jag antar att <em>Torres<\/em> p\u00e5 s\u00e4tt och vis var en sammanfattning av alla l\u00e5tarna du hade skrivit fram till dess. Var det mer stressigt att skriva l\u00e5tarna till <em>Sprinter<\/em>?<\/strong><\/p>\n<p>&#8211; Skrivarprocessen var definitivt mer fokuserad. Jag skulle inte s\u00e4ga p\u00e5skyndad. Jag menar, det var definitivt utl\u00e4mnande, men enbart eftersom jag visste att jag inte kunde ta fyra \u00e5r p\u00e5 mig att skriva ett nytt album. Men jag skulle inte s\u00e4ga att det var stressigt. Jag l\u00e4rde mig mycket om mig sj\u00e4lv. Jag tvingades avg\u00f6ra vad som var viktigt, och vad som beh\u00f6vde komma med i en l\u00e5t betydligt snabbare. Jag hade inte lika mycket tid att bara sitta och fundera \u00f6ver l\u00e5tar. Jag tror bara det var en mer fokuserad process den h\u00e4r g\u00e5ngen.<\/p>\n<p><strong>Med ett album och mer erfarenheter i ryggen, k\u00e4nner du dig mer s\u00e4ker som l\u00e5tskrivare nu? Tvivlar du n\u00e5gonsin \u00f6ver om det du skrivit \u00e4r tillr\u00e4ckligt bra?<\/strong><\/p>\n<p>&#8211; Jag tvivlar fortfarande p\u00e5 allt jag skriver. Jag vet inte om det n\u00e5gonsin kommer f\u00f6rsvinna. Men jag har l\u00e4rt mig att lita p\u00e5 mina instinkter, vilket \u00e4r varf\u00f6r jag trots att jag tvivlar p\u00e5 mig sj\u00e4lv \u00e4nd\u00e5 brukar skriva klart l\u00e5ten i fr\u00e5ga. Tvivel \u00e4r bara r\u00e4dsla, r\u00e4dsla att blotta sig sj\u00e4lv f\u00f6r mycket, r\u00e4dsla att blotta andra f\u00f6r mycket. Och jag tror inte att det kommer f\u00f6rsvinna med tiden.<\/p>\n<p><strong>N\u00e4r vet du att en l\u00e5t \u00e4r f\u00e4rdig?<\/strong><\/p>\n<p>&#8211; Det \u00e4r olika f\u00f6r varje l\u00e5t, det \u00e4r bara en k\u00e4nsla. Det \u00e4r intuition. Jag brukar faktiskt inte g\u00f6ra s\u00e5 mycket redigering efter\u00e5t. Vanligtvis jobbar jag p\u00e5 en l\u00e5t i en dag eller en m\u00e5nad, och sedan n\u00e4r den \u00e4r klar s\u00e5 bara vet jag. Jag vet n\u00e4r jag inte beh\u00f6ver l\u00e4gga till n\u00e5got, eller ta bort n\u00e5got. Oftast intr\u00e4ffar det \u00f6gonblicket n\u00e4r l\u00e5ten har skalats ner till den punkt d\u00e4r inneb\u00f6rden \u00e4r koncis och det inte finns n\u00e5got fluff. Jag gillar att ta bort allt fluff. N\u00e4r detta har h\u00e4nt, \u00e4r det ofta ett tecken p\u00e5 att l\u00e5ten \u00e4r f\u00e4rdig.<\/p>\n<p><strong>Vad drog dig till l\u00e5tskrivande? Dina l\u00e5tar \u00e4r ofta v\u00e4ldigt emotionella, f\u00e5r du fortfarande ut samma k\u00e4nslor av att skriva en l\u00e5t?<\/strong><\/p>\n<p>&#8211; Jag f\u00e5r fortfarande samma k\u00e4nsla. Eftersom jag f\u00f6r\u00e4ndras varje dag, och v\u00e4xer som person, tror jag att \u00e4mnena jag skriver om \u00e4ndras i takt med min utveckling. Ibland \u00e4r det sv\u00e5rare att veta exakt vad det \u00e4r jag skriver om. N\u00e4r jag b\u00f6rjade skriva handlade det mycket om sorg och k\u00e4rlek. V\u00e4ldigt konkreta \u00e4mnen. Nuf\u00f6rtiden \u2013 jag skriver fortfarande den typen av l\u00e5tar \u2013 men \u00e4mnena har blivit lite mer vuxna i den bem\u00e4rkelse att de inte \u00e4r lika l\u00e4tta att s\u00e4tta fingret p\u00e5, som en enkel k\u00e4rlekss\u00e5ng, \u00e4mnena \u00e4r lite mer abstrakta och odefinierbara.<\/p>\n<p><strong>N\u00e4r b\u00f6rjade du skriva l\u00e5tar med det h\u00e4r albumet i \u00e5tanke? Skrev du n\u00e5got n\u00e4r du var p\u00e5 turn\u00e9?<\/strong><\/p>\n<p>&#8211; Jag borde ha skrivit n\u00e4r jag var p\u00e5 turn\u00e9. Jag f\u00f6rs\u00f6kte, men blev bara frustrerad \u00f6ver att jag inte hade n\u00e5got privatliv. N\u00e4r jag \u00e4r p\u00e5 turn\u00e9 omges jag av bandmedlemmar och en turn\u00e9ledare, och det \u00e4r sv\u00e5rt att f\u00e5 luft att skriva n\u00e4r du inte kan vara f\u00f6r dig sj\u00e4lv. Jag skriver ner id\u00e9er, men \u00e4n s\u00e5 l\u00e4nge har jag inte suttit vid gitarren och skrivit en hel l\u00e5t n\u00e4r jag varit p\u00e5 turn\u00e9.<\/p>\n<p><strong>Vilket sound var du ute efter? Var det n\u00e5got s\u00e4rskilt du ville g\u00f6ra annorlunda fr\u00e5n debutalbumet? <\/strong><\/p>\n<p>&#8211; Jag ville bara g\u00f6ra sj\u00e4lva soundet i sig lite kr\u00e5ngligare. Jag ville f\u00f6r\u00e4ndra de olika ljuden s\u00e5 mycket att du inte kan avg\u00f6ra vilket instrument som spelar var i l\u00e5tarna. S\u00e5 jag best\u00e4mde mig f\u00f6r att anv\u00e4nda gitarren p\u00e5 s\u00e4tt som jag inte hade gjort tidigare. Andra pedaler att f\u00f6rvandla ljudet med. Dessutom ville jag ha en mer framtr\u00e4dande rytmsektion p\u00e5 det h\u00e4r albumet. Jag ville att trummorna och bassoundet skulle vara massivt.<\/p>\n<p><strong>Ut\u00f6ver musiken, hade du n\u00e5gra andra influenser, s\u00e5som b\u00f6cker du l\u00e4ste eller filmer du s\u00e5g?<\/strong><\/p>\n<p>&#8211; Ja, definitvt b\u00f6cker och filmer. Jag l\u00e4ste en del J.D. Salinger. <em>Fanny &amp; Zooey<\/em> och <em>9 Stories<\/em> hade ett stort inflytande p\u00e5 albumet. Ray Bradbury. Filmen <em>The Tree of Life<\/em> av Terrence Malick var faktiskt en viktig visuell influens. Den filmen inger samma k\u00e4nsla som jag vill att folk ska f\u00e5 n\u00e4r de lyssnar p\u00e5 det h\u00e4r albumet.<\/p>\n<p><strong>Kan du ber\u00e4tta lite om de teman du tar upp i texterna? Det \u00e4r en hel del religi\u00f6st bildspr\u00e5k. Tar du upp religi\u00f6sa \u00e4mnen? <\/strong><\/p>\n<p>&#8211; Flera. Tematiskt inkluderar texterna konversationer om gud, ondska, demoner, det gudomliga och den f\u00f6rbjudna frukten. Det \u00e4r flera teman p\u00e5 albumet som \u00e4r direkt influerade av bibliska ber\u00e4ttelser. Men det \u00e4r mina personliga erfarenheter av de h\u00e4r historierna. Allt \u00e5terber\u00e4ttas genom mina \u00f6gon. Klassiska bibliska ber\u00e4ttelser \u00e5terber\u00e4ttade genom mina \u00f6gon.<\/p>\n<p><strong>Hade du n\u00e5got slags religi\u00f6st uppvaknande?<\/strong><\/p>\n<p>&#8211; Du kan kalla det ett uppvaknande. Jag skulle inte s\u00e4ga att det \u00e4r fullt s\u00e5 pl\u00f6tsligt som ett uppvaknande antyder. Det var definitivt en gradvis process. Jag genomg\u00e5r fortfarande en f\u00f6rvandling i hur jag uppfattar gudomlighet, hur jag uppfattar gud och universum. Helt enkelt eftersom jag inte tror att vi m\u00e4nniskor kan f\u00f6rst\u00e5 n\u00e5got av det med v\u00e5ra hj\u00e4rnor. S\u00e5 mer \u00e4n n\u00e5got vill jag bara forts\u00e4tta fascineras av de saker som jag l\u00e4r mig. Jag f\u00f6rs\u00f6ker gl\u00f6mma bort en hel del ocks\u00e5. Bli kvitt mitt f\u00f6rflutna, kyrkan, och gr\u00e4nserna f\u00f6r dogmatisk, organiserad, institutionaliserad religion. Jag v\u00e4xer spirituellt, och ser allt genom en mystikers lins nu.<\/p>\n<p><strong>\u00c4r det var titeln <em>Sprinter<\/em> antyder?<\/strong><\/p>\n<p>&#8211; Ja, bokstavligen. <em>Sprinter<\/em>, titeln och l\u00e5ten, handlar helt och h\u00e5llet om det.<\/p>\n<p><strong>En l\u00e5t som verkligen sticker ut fr\u00e5n resten av albumet \u00e4r <em>Cowboy Guilt<\/em>. Den p\u00e5minner mig lite om St. Vincent. Kan du ber\u00e4tta om hur den l\u00e5ten kom till? Visste du att den skulle skilja sig fr\u00e5n de andra l\u00e5tarna redan n\u00e4r du skrev den?<\/strong><\/p>\n<p>&#8211; Den l\u00e5ten l\u00e4t s\u00e5 s\u00e5 fr\u00e5n b\u00f6rjan. Det var tydligt att den skulle sticka ut fr\u00e5n resten av\u00a0skivan. F\u00f6rhoppningsvis p\u00e5 ett bra s\u00e4tt, den \u00e4r definitivt annorlunda. Inte n\u00f6dv\u00e4ndigtvis tematiskt annorlunda, inte ens soundm\u00e4ssigt, men den inger en k\u00e4nsla som \u00e4r bubblande, upplyftande, och v\u00e5gar jag s\u00e4ga rolig? Det b\u00f6rjade med hooken i refr\u00e4ngen: \u201dWrapped in my Sunday best with the king of forward taxis,\u201d jag hade den textraden och ville skriva en hel l\u00e5t kring den d\u00e4r hooken. Jag hade en serie n\u00e4tter, flera veckor i rad faktiskt, n\u00e4r jag h\u00f6rde det d\u00e4r gitarrlicket i mitt huvud som en melodi varje natt n\u00e4r jag skulle sova. Till slut f\u00f6rs\u00f6kte jag lista ut ett s\u00e4tt att spela melodin p\u00e5 gitarr precis som jag h\u00f6rde det i mitt huvud. Sedan k\u00f6rde jag den genom ett par pedaler f\u00f6r att f\u00e5 den d\u00e4r bubblande effekten. Det \u00e4r hur den l\u00e5ten kom till.<\/p>\n<p><iframe loading=\"lazy\" src=\"https:\/\/w.soundcloud.com\/player\/?url=https%3A\/\/api.soundcloud.com\/tracks\/201955921&amp;auto_play=false&amp;hide_related=false&amp;show_comments=true&amp;show_user=true&amp;show_reposts=false&amp;visual=true\" width=\"100%\" height=\"450\" frameborder=\"no\" scrolling=\"no\"><\/iframe><\/p>\n","protected":false},"excerpt":{"rendered":"<p>\u201dK\u00e4nslostr\u00f6mmar i sin renaste form, lyckligtvis f\u00f6revigade p\u00e5 band,\u201d skrev vi i v\u00e5r recension av Mackenzie Scotts \u2013 eller Torres som hon kallar sig \u2013 sj\u00e4lvbetitlade debutalbum fr\u00e5n 2013. Uppbackad av bland annat PJ Harvey-basisten Ian Oliver och Portisheads-gitarristen Adrian Utley \u00e4r hon nu tillbaka med ett album som inte bara soundm\u00e4ssigt \u00e4r tyngre, utan [&hellip;]<\/p>\n","protected":false},"author":3,"featured_media":0,"comment_status":"open","ping_status":"open","sticky":false,"template":"","format":"standard","meta":{"_genesis_hide_title":false,"_genesis_hide_breadcrumbs":false,"_genesis_hide_singular_image":false,"_genesis_hide_footer_widgets":false,"_genesis_custom_body_class":"","_genesis_custom_post_class":"","_genesis_layout":"","footnotes":""},"categories":[5,7],"tags":[11987,11767,9342],"class_list":{"0":"post-93087","1":"post","2":"type-post","3":"status-publish","4":"format-standard","6":"category-intervju","7":"category-musik","8":"tag-cowboy-guilt","9":"tag-sprinter","10":"tag-torres","11":"entry"},"_links":{"self":[{"href":"https:\/\/kulturbloggen.com\/index.php?rest_route=\/wp\/v2\/posts\/93087","targetHints":{"allow":["GET"]}}],"collection":[{"href":"https:\/\/kulturbloggen.com\/index.php?rest_route=\/wp\/v2\/posts"}],"about":[{"href":"https:\/\/kulturbloggen.com\/index.php?rest_route=\/wp\/v2\/types\/post"}],"author":[{"embeddable":true,"href":"https:\/\/kulturbloggen.com\/index.php?rest_route=\/wp\/v2\/users\/3"}],"replies":[{"embeddable":true,"href":"https:\/\/kulturbloggen.com\/index.php?rest_route=%2Fwp%2Fv2%2Fcomments&post=93087"}],"version-history":[{"count":6,"href":"https:\/\/kulturbloggen.com\/index.php?rest_route=\/wp\/v2\/posts\/93087\/revisions"}],"predecessor-version":[{"id":93098,"href":"https:\/\/kulturbloggen.com\/index.php?rest_route=\/wp\/v2\/posts\/93087\/revisions\/93098"}],"wp:attachment":[{"href":"https:\/\/kulturbloggen.com\/index.php?rest_route=%2Fwp%2Fv2%2Fmedia&parent=93087"}],"wp:term":[{"taxonomy":"category","embeddable":true,"href":"https:\/\/kulturbloggen.com\/index.php?rest_route=%2Fwp%2Fv2%2Fcategories&post=93087"},{"taxonomy":"post_tag","embeddable":true,"href":"https:\/\/kulturbloggen.com\/index.php?rest_route=%2Fwp%2Fv2%2Ftags&post=93087"}],"curies":[{"name":"wp","href":"https:\/\/api.w.org\/{rel}","templated":true}]}}