{"id":9290,"date":"2009-05-07T12:33:22","date_gmt":"2009-05-07T10:33:22","guid":{"rendered":"http:\/\/kulturbloggen.com\/?p=9290"},"modified":"2009-05-07T12:33:22","modified_gmt":"2009-05-07T10:33:22","slug":"allt-mojligt-om-varldens-basta-sport","status":"publish","type":"post","link":"https:\/\/kulturbloggen.com\/?p=9290","title":{"rendered":"Allt m\u00f6jligt om v\u00e4rldens b\u00e4sta sport"},"content":{"rendered":"<p>Nu t\u00e4nkte jag l\u00e4gga mig i debatten om onsdagens omdiskuterade Champions League-match.<!--more--> Matchen d\u00e4r Chelsea mer eller mindre spelade ut Barcelona i nittiotv\u00e5 minuter och dessutom kanske borde ha f\u00e5tt en cirka fem straffar. Matchen d\u00e5 Barcelona l\u00e5g under men i tredje till\u00e4ggsminuten av fyra kvitterade och s\u00e5lunda avancerade p\u00e5 grund av bortam\u00e5l. Dr\u00f6mfinalen mellan Barcelona och Manchester United \u00e4r ett faktum och jag \u00e4r glad att jag inte \u00e4r en Chelsea-supporter. <\/p>\n<p>Personligen tycker jag att den norske domaren ska ta den heder han har kvar och g\u00e5 i pension. S\u00e5nt h\u00e4r h\u00e5ller inte p\u00e5 den h\u00e4r niv\u00e5n. Ballack och Drogbas miner efter matchen sa mer \u00e4n tusen ord och tr\u00e4naren Guus Hiddink har all r\u00e4tt att k\u00e4nna sig snuvad p\u00e5 segern. <\/p>\n<p>Alltj\u00e4mt ska Barcelonas insats inte f\u00f6rringas. De \u00e4r ett av v\u00e4rldens b\u00e4sta lag vilket de visade mot Real Madrid i s\u00f6ndags och innerst inne \u00e4r jag lite glad att de satte stopp f\u00f6r en helengelsk final. Det \u00e4r bara p\u00e5 s\u00e4ttet de gick vidare&#8230;<\/p>\n<p>Ska Manchester United lyckas med vad inget annat lag gjort tidigare &#8211; att vinna Champions League tv\u00e5 s\u00e4songer i rad? Eller blir det spanjorerna som kammar hem pokalen? En sak \u00e4r s\u00e4ker och det \u00e4r att det blir en tuff kamp d\u00e4r tv\u00e5 av v\u00e4rldens b\u00e4sta fotbollsspelare just nu st\u00e4lls mot varandra. Cristiano Ronaldo mot Lionel Messi. <\/p>\n<p>S\u00e5 h\u00e4r har <a href=\"http:\/\/www.aftonbladet.se\/sportbladet\/fotbollsbladet\/internationell\/championsleague\/article5085577.ab\">Aftonbladet<\/a> och <a href=\"http:\/\/www.fotbollsexpressen.se\/Internationell%2Bfotboll\/1.1559764\/hiddink-vi-blev-ranade-pa-rattvisan\">Expressen<\/a> skrivit om dramatiken.<\/p>\n<p>F\u00f6r att v\u00e4nda blickarna s\u00f6derut till v\u00e5rt k\u00e4ra korv\u00e4tande grannland (Tyskland) s\u00e5 \u00e4r tr\u00e4narkarusellen inf\u00f6r kommande s\u00e4songen redan i full g\u00e5ng. Felix Magath som f\u00f6rt Wolfsburg till en \u00f6verraskande ledning i Bundesliga efter en makal\u00f6s v\u00e5rs\u00e4song s\u00e4gs vara klar med Schalke till h\u00f6sten. Bayern M\u00fcnchen som nyligen sparkade J\u00fcrgen Klinsmann \u00e4r p\u00e5 jakt efter en ers\u00e4ttare till den tillf\u00e4lliga l\u00f6sningen Jupp Heynckes och det senaste ryktet \u00e4r att det \u00e4r Louis Van Gaal, som just vunnit den holl\u00e4ndska ligan med AZ Alkmaar, som blir The Man. <\/p>\n<p>Och s\u00e5 \u00f6ver till v\u00e4dret&#8230;<\/p>\n","protected":false},"excerpt":{"rendered":"<p>Nu t\u00e4nkte jag l\u00e4gga mig i debatten om onsdagens omdiskuterade Champions League-match.<\/p>\n","protected":false},"author":3,"featured_media":0,"comment_status":"open","ping_status":"open","sticky":false,"template":"","format":"standard","meta":{"_genesis_hide_title":false,"_genesis_hide_breadcrumbs":false,"_genesis_hide_singular_image":false,"_genesis_hide_footer_widgets":false,"_genesis_custom_body_class":"","_genesis_custom_post_class":"","_genesis_layout":"","footnotes":""},"categories":[20],"tags":[552,968,12292,27,6051],"class_list":{"0":"post-9290","1":"post","2":"type-post","3":"status-publish","4":"format-standard","6":"category-film","7":"tag-bayern-munchen","8":"tag-champions-league","9":"tag-fotboll-sport-nyheter","10":"tag-sport","11":"tag-tyskland","12":"entry"},"_links":{"self":[{"href":"https:\/\/kulturbloggen.com\/index.php?rest_route=\/wp\/v2\/posts\/9290","targetHints":{"allow":["GET"]}}],"collection":[{"href":"https:\/\/kulturbloggen.com\/index.php?rest_route=\/wp\/v2\/posts"}],"about":[{"href":"https:\/\/kulturbloggen.com\/index.php?rest_route=\/wp\/v2\/types\/post"}],"author":[{"embeddable":true,"href":"https:\/\/kulturbloggen.com\/index.php?rest_route=\/wp\/v2\/users\/3"}],"replies":[{"embeddable":true,"href":"https:\/\/kulturbloggen.com\/index.php?rest_route=%2Fwp%2Fv2%2Fcomments&post=9290"}],"version-history":[{"count":0,"href":"https:\/\/kulturbloggen.com\/index.php?rest_route=\/wp\/v2\/posts\/9290\/revisions"}],"wp:attachment":[{"href":"https:\/\/kulturbloggen.com\/index.php?rest_route=%2Fwp%2Fv2%2Fmedia&parent=9290"}],"wp:term":[{"taxonomy":"category","embeddable":true,"href":"https:\/\/kulturbloggen.com\/index.php?rest_route=%2Fwp%2Fv2%2Fcategories&post=9290"},{"taxonomy":"post_tag","embeddable":true,"href":"https:\/\/kulturbloggen.com\/index.php?rest_route=%2Fwp%2Fv2%2Ftags&post=9290"}],"curies":[{"name":"wp","href":"https:\/\/api.w.org\/{rel}","templated":true}]}}