{"id":9285,"date":"2009-05-07T10:06:04","date_gmt":"2009-05-07T08:06:04","guid":{"rendered":"http:\/\/kulturbloggen.com\/?p=9285"},"modified":"2009-05-07T10:06:04","modified_gmt":"2009-05-07T08:06:04","slug":"fran-fulkonstnar-till-finkonstnar-till-folkhemskandis","status":"publish","type":"post","link":"https:\/\/kulturbloggen.com\/?p=9285","title":{"rendered":"Fr\u00e5n fulkonstn\u00e4r till finkonstn\u00e4r till folkhemsk\u00e4ndis"},"content":{"rendered":"<p>Fr\u00e5n fulkonstn\u00e4r till finkonstn\u00e4r till folkhemsk\u00e4ndis &#8211; en s\u00e5dan lockande \u00e4mnesrad i ett mail g\u00e5r inte att motst\u00e5. Mailet kommer fr\u00e5n tidskriften Konstperspektiv som sl\u00e4ppt ett nytt nummer.<br \/>\n<!--more--><br \/>\nS\u00e5 h\u00e4r ber\u00e4ttar tidskriften i mailet:<br \/>\nEn smaksak<\/p>\n<p><img loading=\"lazy\" decoding=\"async\" src=\"http:\/\/sodergren.com\/kulturbloggen\/wp-content\/uploads\/2009\/05\/image001-150x150.jpg\" alt=\"image001\" title=\"image001\" width=\"150\" height=\"150\" class=\"alignright size-thumbnail wp-image-9286\" \/>Fult eller vackert? Smakfullt eller smakl\u00f6st? R\u00e4tt eller fel? Det fanns en tid n\u00e4r konstprofessorer och andra l\u00e4rda med djup inblick i konsthistorien och traditionen kunde avg\u00f6ra vad som var bra och d\u00e5lig konst. Den tiden \u00e4r f\u00f6r l\u00e4nge sedan f\u00f6rbi. Den estetiska kompassn\u00e5len snurrar vilt, och ingen v\u00e4gledning finns att f\u00e5. I denna situation \u00e4r det inte underligt att smakdomaren, en gammal bekant fr\u00e5n konsthistorien, \u00e5ter kommer p\u00e5 bes\u00f6k. I detta nummer av Konstperspektiv f\u00e5r du m\u00f6ta konstn\u00e4rer som p\u00e5 ett eller annat s\u00e4tt anv\u00e4nt smakdebatten som ett verktyg f\u00f6r att mejsla ut en egen nisch i konstlandskapet. <\/p>\n<p>\u201dVett och etikett\u201d \u2013 Naket, stay-ups, h\u00f6ga klackar och s\u00e5 en obligatoriskt g\u00e4ckande blick. M\u00f6t Elin K\u00e4llmans Lola!.<\/p>\n<p>\u201dDet onda, det goda, det fula\u201d \u2013 Finns det ful konst? I alla tider har konstn\u00e4rer brottats med sk\u00f6nhetsidealen och deras m\u00f6rka baksida.<\/p>\n<p>\u201dSmaken och koefficienten\u201d \u2013 Konstens sj\u00e4lvf\u00f6rst\u00e5else \u00e4r n\u00e4stan r\u00f6rande idyllisk: allt \u00e4r till\u00e5tet. Men det finns \u00f6mma t\u00e5r man inte b\u00f6r trampa p\u00e5.<\/p>\n<p>\u201dP\u00e5 bes\u00f6k i landet Annorlunda\u201d \u2013 \u00c4r man fr\u00e5n Dalarna och m\u00e5lar skog och sagov\u00e4sen \u00e4r man halvv\u00e4gs till lokal ber\u00f6mmelse.<\/p>\n<p>\u201dFr\u00e5n provokat\u00f6r till folkhemsk\u00e4ndis\u201d \u2013 Fr\u00e5n fulkonstn\u00e4r till finkonstn\u00e4r till folkhemsk\u00e4ndis? Ernst Billgrens karri\u00e4r f\u00f6ljer en upp\u00e5t stigande kurva som samtidigt speglar f\u00f6r\u00e4ndringarna i de senaste decenniernas svenska konstliv.<\/p>\n<p>F\u00f6rutom detta: bokrecensioner, konstkalendarium och mycket annat!.<\/p>\n<p>Nya numret kommer 15 maj.<\/p>\n","protected":false},"excerpt":{"rendered":"<p>Fr\u00e5n fulkonstn\u00e4r till finkonstn\u00e4r till folkhemsk\u00e4ndis &#8211; en s\u00e5dan lockande \u00e4mnesrad i ett mail g\u00e5r inte att motst\u00e5. Mailet kommer fr\u00e5n tidskriften Konstperspektiv som sl\u00e4ppt ett nytt nummer.<\/p>\n","protected":false},"author":2,"featured_media":0,"comment_status":"open","ping_status":"open","sticky":false,"template":"","format":"standard","meta":{"_genesis_hide_title":false,"_genesis_hide_breadcrumbs":false,"_genesis_hide_singular_image":false,"_genesis_hide_footer_widgets":false,"_genesis_custom_body_class":"","_genesis_custom_post_class":"","_genesis_layout":"","footnotes":""},"categories":[20],"tags":[3009,3582],"class_list":{"0":"post-9285","1":"post","2":"type-post","3":"status-publish","4":"format-standard","6":"category-film","7":"tag-konst","8":"tag-medier","9":"entry"},"_links":{"self":[{"href":"https:\/\/kulturbloggen.com\/index.php?rest_route=\/wp\/v2\/posts\/9285","targetHints":{"allow":["GET"]}}],"collection":[{"href":"https:\/\/kulturbloggen.com\/index.php?rest_route=\/wp\/v2\/posts"}],"about":[{"href":"https:\/\/kulturbloggen.com\/index.php?rest_route=\/wp\/v2\/types\/post"}],"author":[{"embeddable":true,"href":"https:\/\/kulturbloggen.com\/index.php?rest_route=\/wp\/v2\/users\/2"}],"replies":[{"embeddable":true,"href":"https:\/\/kulturbloggen.com\/index.php?rest_route=%2Fwp%2Fv2%2Fcomments&post=9285"}],"version-history":[{"count":0,"href":"https:\/\/kulturbloggen.com\/index.php?rest_route=\/wp\/v2\/posts\/9285\/revisions"}],"wp:attachment":[{"href":"https:\/\/kulturbloggen.com\/index.php?rest_route=%2Fwp%2Fv2%2Fmedia&parent=9285"}],"wp:term":[{"taxonomy":"category","embeddable":true,"href":"https:\/\/kulturbloggen.com\/index.php?rest_route=%2Fwp%2Fv2%2Fcategories&post=9285"},{"taxonomy":"post_tag","embeddable":true,"href":"https:\/\/kulturbloggen.com\/index.php?rest_route=%2Fwp%2Fv2%2Ftags&post=9285"}],"curies":[{"name":"wp","href":"https:\/\/api.w.org\/{rel}","templated":true}]}}