{"id":92676,"date":"2015-04-05T11:17:16","date_gmt":"2015-04-05T10:17:16","guid":{"rendered":"http:\/\/kulturbloggen.com\/?p=92676"},"modified":"2015-04-05T11:17:16","modified_gmt":"2015-04-05T10:17:16","slug":"lyssna-tame-impala-cause-im-a-man","status":"publish","type":"post","link":"https:\/\/kulturbloggen.com\/?p=92676","title":{"rendered":"Lyssna: Tame Impala &#8211; &#8217;Cause I&#8217;m a Man"},"content":{"rendered":"<p><a href=\"http:\/\/kulturbloggen.com\/wp-content\/uploads\/2015\/04\/tame.jpg\"><img loading=\"lazy\" decoding=\"async\" class=\"aligncenter size-medium wp-image-92677\" src=\"http:\/\/kulturbloggen.com\/wp-content\/uploads\/2015\/04\/tame-300x300.jpg\" alt=\"tame\" width=\"300\" height=\"300\" srcset=\"https:\/\/kulturbloggen.com\/wp-content\/uploads\/2015\/04\/tame-300x300.jpg 300w, https:\/\/kulturbloggen.com\/wp-content\/uploads\/2015\/04\/tame-150x150.jpg 150w, https:\/\/kulturbloggen.com\/wp-content\/uploads\/2015\/04\/tame.jpg 620w\" sizes=\"auto, (max-width: 300px) 100vw, 300px\" \/><\/a><\/p>\n<p>Med 2012 \u00e5rs utm\u00e4rkta <em>Lonerism<\/em> i ryggen har australienska psych-rockgruppen Tame Impala nu avsl\u00f6jat titeln p\u00e5 sitt tredje album: <em>Currents<\/em>. Efter att ha delat med sig av albumsp\u00e5ret <em>Let It Happen<\/em> luftas nu \u00e4ven albumets ledsingel.<\/p>\n<p><strong>Lyssna p\u00e5 l\u00e5ten, som heter <em>&#8217;Cause I&#8217;m a Man<\/em>, h\u00e4r nedan:<\/strong><\/p>\n<p><iframe loading=\"lazy\" src=\"https:\/\/www.youtube.com\/embed\/EyEB2AEqHxc\" width=\"420\" height=\"315\" frameborder=\"0\" allowfullscreen=\"allowfullscreen\"><\/iframe><\/p>\n","protected":false},"excerpt":{"rendered":"<p>Med 2012 \u00e5rs utm\u00e4rkta Lonerism i ryggen har australienska psych-rockgruppen Tame Impala nu avsl\u00f6jat titeln p\u00e5 sitt tredje album: Currents. Efter att ha delat med sig av albumsp\u00e5ret Let It Happen luftas nu \u00e4ven albumets ledsingel. Lyssna p\u00e5 l\u00e5ten, som heter &#8217;Cause I&#8217;m a Man, h\u00e4r nedan:<\/p>\n","protected":false},"author":13,"featured_media":0,"comment_status":"open","ping_status":"open","sticky":false,"template":"","format":"standard","meta":{"_genesis_hide_title":false,"_genesis_hide_breadcrumbs":false,"_genesis_hide_singular_image":false,"_genesis_hide_footer_widgets":false,"_genesis_custom_body_class":"","_genesis_custom_post_class":"","_genesis_layout":"","footnotes":""},"categories":[7],"tags":[8434],"class_list":{"0":"post-92676","1":"post","2":"type-post","3":"status-publish","4":"format-standard","6":"category-musik","7":"tag-tame-impala","8":"entry"},"_links":{"self":[{"href":"https:\/\/kulturbloggen.com\/index.php?rest_route=\/wp\/v2\/posts\/92676","targetHints":{"allow":["GET"]}}],"collection":[{"href":"https:\/\/kulturbloggen.com\/index.php?rest_route=\/wp\/v2\/posts"}],"about":[{"href":"https:\/\/kulturbloggen.com\/index.php?rest_route=\/wp\/v2\/types\/post"}],"author":[{"embeddable":true,"href":"https:\/\/kulturbloggen.com\/index.php?rest_route=\/wp\/v2\/users\/13"}],"replies":[{"embeddable":true,"href":"https:\/\/kulturbloggen.com\/index.php?rest_route=%2Fwp%2Fv2%2Fcomments&post=92676"}],"version-history":[{"count":1,"href":"https:\/\/kulturbloggen.com\/index.php?rest_route=\/wp\/v2\/posts\/92676\/revisions"}],"predecessor-version":[{"id":92678,"href":"https:\/\/kulturbloggen.com\/index.php?rest_route=\/wp\/v2\/posts\/92676\/revisions\/92678"}],"wp:attachment":[{"href":"https:\/\/kulturbloggen.com\/index.php?rest_route=%2Fwp%2Fv2%2Fmedia&parent=92676"}],"wp:term":[{"taxonomy":"category","embeddable":true,"href":"https:\/\/kulturbloggen.com\/index.php?rest_route=%2Fwp%2Fv2%2Fcategories&post=92676"},{"taxonomy":"post_tag","embeddable":true,"href":"https:\/\/kulturbloggen.com\/index.php?rest_route=%2Fwp%2Fv2%2Ftags&post=92676"}],"curies":[{"name":"wp","href":"https:\/\/api.w.org\/{rel}","templated":true}]}}