{"id":92650,"date":"2015-04-02T15:18:58","date_gmt":"2015-04-02T14:18:58","guid":{"rendered":"http:\/\/kulturbloggen.com\/?p=92650"},"modified":"2015-04-02T15:18:58","modified_gmt":"2015-04-02T14:18:58","slug":"lyssna-the-national-sunshine-on-my-back","status":"publish","type":"post","link":"https:\/\/kulturbloggen.com\/?p=92650","title":{"rendered":"Lyssna: The National &#8211; Sunshine On My Back"},"content":{"rendered":"<p><a href=\"http:\/\/kulturbloggen.com\/wp-content\/uploads\/2015\/04\/national.jpg\"><img loading=\"lazy\" decoding=\"async\" class=\"aligncenter wp-image-92651 size-medium\" src=\"http:\/\/kulturbloggen.com\/wp-content\/uploads\/2015\/04\/national-300x195.jpg\" alt=\"national\" width=\"300\" height=\"195\" srcset=\"https:\/\/kulturbloggen.com\/wp-content\/uploads\/2015\/04\/national-300x195.jpg 300w, https:\/\/kulturbloggen.com\/wp-content\/uploads\/2015\/04\/national.jpg 720w\" sizes=\"auto, (max-width: 300px) 100vw, 300px\" \/><\/a><\/p>\n<p>The National har sl\u00e4ppt en ny singel. Gruppens senaste album, <em>Trouble Will Find Me<\/em>, sl\u00e4pptes 2013.<\/p>\n<p><strong>Lyssna p\u00e5 den nya l\u00e5ten, som heter <em>Sunshine On My Back<\/em>, h\u00e4r nedan:<\/strong><\/p>\n<p><iframe loading=\"lazy\" src=\"https:\/\/embed.spotify.com\/?uri=spotify:album:2ivssRWgsZ3X0D6g9goT7D\" width=\"620\" height=\"80\" frameborder=\"0\"><\/iframe><\/p>\n","protected":false},"excerpt":{"rendered":"<p>The National har sl\u00e4ppt en ny singel. Gruppens senaste album, Trouble Will Find Me, sl\u00e4pptes 2013. Lyssna p\u00e5 den nya l\u00e5ten, som heter Sunshine On My Back, h\u00e4r nedan:<\/p>\n","protected":false},"author":3,"featured_media":0,"comment_status":"open","ping_status":"open","sticky":false,"template":"","format":"standard","meta":{"_genesis_hide_title":false,"_genesis_hide_breadcrumbs":false,"_genesis_hide_singular_image":false,"_genesis_hide_footer_widgets":false,"_genesis_custom_body_class":"","_genesis_custom_post_class":"","_genesis_layout":"","footnotes":""},"categories":[7],"tags":[11947,5780],"class_list":{"0":"post-92650","1":"post","2":"type-post","3":"status-publish","4":"format-standard","6":"category-musik","7":"tag-sunshine-on-my-back","8":"tag-the-national","9":"entry"},"_links":{"self":[{"href":"https:\/\/kulturbloggen.com\/index.php?rest_route=\/wp\/v2\/posts\/92650","targetHints":{"allow":["GET"]}}],"collection":[{"href":"https:\/\/kulturbloggen.com\/index.php?rest_route=\/wp\/v2\/posts"}],"about":[{"href":"https:\/\/kulturbloggen.com\/index.php?rest_route=\/wp\/v2\/types\/post"}],"author":[{"embeddable":true,"href":"https:\/\/kulturbloggen.com\/index.php?rest_route=\/wp\/v2\/users\/3"}],"replies":[{"embeddable":true,"href":"https:\/\/kulturbloggen.com\/index.php?rest_route=%2Fwp%2Fv2%2Fcomments&post=92650"}],"version-history":[{"count":1,"href":"https:\/\/kulturbloggen.com\/index.php?rest_route=\/wp\/v2\/posts\/92650\/revisions"}],"predecessor-version":[{"id":92653,"href":"https:\/\/kulturbloggen.com\/index.php?rest_route=\/wp\/v2\/posts\/92650\/revisions\/92653"}],"wp:attachment":[{"href":"https:\/\/kulturbloggen.com\/index.php?rest_route=%2Fwp%2Fv2%2Fmedia&parent=92650"}],"wp:term":[{"taxonomy":"category","embeddable":true,"href":"https:\/\/kulturbloggen.com\/index.php?rest_route=%2Fwp%2Fv2%2Fcategories&post=92650"},{"taxonomy":"post_tag","embeddable":true,"href":"https:\/\/kulturbloggen.com\/index.php?rest_route=%2Fwp%2Fv2%2Ftags&post=92650"}],"curies":[{"name":"wp","href":"https:\/\/api.w.org\/{rel}","templated":true}]}}