{"id":92255,"date":"2015-03-17T06:58:57","date_gmt":"2015-03-17T05:58:57","guid":{"rendered":"http:\/\/kulturbloggen.com\/?p=92255"},"modified":"2015-03-17T06:58:57","modified_gmt":"2015-03-17T05:58:57","slug":"cabaret-med-sarah-dawn-finer-bland-hostens-program-pa-stockholms-stadsteater","status":"publish","type":"post","link":"https:\/\/kulturbloggen.com\/?p=92255","title":{"rendered":"Cabaret med Sarah Dawn Finer bland h\u00f6stens program p\u00e5 Stockholms stadsteater"},"content":{"rendered":"<p><a href=\"http:\/\/kulturbloggen.com\/wp-content\/uploads\/2015\/03\/cabaret_stadsteatern.jpg\"><img loading=\"lazy\" decoding=\"async\" src=\"http:\/\/kulturbloggen.com\/wp-content\/uploads\/2015\/03\/cabaret_stadsteatern.jpg\" alt=\"Fotograf: Carl Bengtsson\" width=\"273\" height=\"375\" class=\"aligncenter size-full wp-image-92259\" srcset=\"https:\/\/kulturbloggen.com\/wp-content\/uploads\/2015\/03\/cabaret_stadsteatern.jpg 273w, https:\/\/kulturbloggen.com\/wp-content\/uploads\/2015\/03\/cabaret_stadsteatern-218x300.jpg 218w\" sizes=\"auto, (max-width: 273px) 100vw, 273px\" \/><\/a><\/p>\n<p>Karl Ove Knausg\u00e5rd, Sara Lidman, P O Enquist, Hemingway och Karolina Ramqvist \u2013 det \u00e4r stort fokus p\u00e5 f\u00f6rfattare i Kulturhuset Stadsteaterns h\u00f6strepertoar. F\u00f6r f\u00f6rsta g\u00e5ngen blir P O Enquists hyllade klassiker Livl\u00e4karens bes\u00f6k teater liksom Karl Ove Knausg\u00e5rds bokserie Min Kamp. Hjalmar Bergmans Farmor och v\u00e5r herre med Yvonne Lombard i titelrollen har f\u00e5tt en ny dramatisering. Karolina Ramqvists Flickv\u00e4nnen blir teater i regi av Marianne Lindberg De Geer. H\u00f6stens stora musikteaterf\u00f6rest\u00e4llning p\u00e5 Stora scenen blir Cabaret i regi av Ronny Danielsson.<\/p>\n<p>Ett pressmeddelande ber\u00e4ttar om Stockholms Stadsteaters h\u00f6stutbud 2015:<br \/>\n Det blir flera urpremi\u00e4rer i h\u00f6stens repertoar och m\u00e5nga spelplatser f\u00f6r de 20 upps\u00e4ttningar som utg\u00f6r Benny Fredrikssons sista repertoar som teaterchef. Fr\u00e5n 1 januari 2016 \u00e4r det nya teaterchefen Anna Takanen som st\u00e5r f\u00f6r repertoaren.<\/p>\n<p>\u2013 Jag \u00e4r glad att l\u00e4mna \u00f6ver stafettpinnen efter 13 \u00e5r som teaterchef med ett antal riktigt stora samtidsber\u00e4ttelser och flera urpremi\u00e4rer, s\u00e4ger Benny Fredriksson som forts\u00e4ttningsvis \u00e4r VD f\u00f6r Kulturhuset stadsteatern. <\/p>\n<p>\u2013 Teatern bjuder h\u00f6sten 2015 p\u00e5 starka urpremi\u00e4rer och klassikertolkningar. Flera av de h\u00e4r f\u00f6rest\u00e4llningarna kommer ocks\u00e5 spelas i min repertoar som b\u00f6rjar januari 2016 och det \u00e4r jag glad \u00f6ver. Ja, det \u00e4r tacksamt att ta \u00f6ver en s\u00e5 lockande repertoar som Benny Fredriksson h\u00e4r bjuder p\u00e5, s\u00e4ger Anna Takanen som tilltr\u00e4dde som teaterchef m\u00e5ndagen 16 mars.<\/p>\n<p>Teaterh\u00f6sten 2015 b\u00f6rjar redan 11 augusti med premi\u00e4ren av Sara Sara Sara. En pj\u00e4s med inspiration av Sara Lidmans eget liv av America Vera-Zavala. Regi Olof Hanson.<\/p>\n<p>Den 22 augusti har h\u00f6stens stora familjef\u00f6rest\u00e4llning premi\u00e4r \u2013 Momo eller kampen om tiden av Michael Ende i regi av Allan Svensson som p\u00e5 1990-talet satte upp den stora familjesucc\u00e9n Det susar i s\u00e4ven. Polly Kisch g\u00f6r titelrollen.<\/p>\n<p>Bj\u00f6rn Runge \u00e5terv\u00e4nder till Kulturhuset Stadsteatern och s\u00e4tter upp Gellhorn och Hemingway av Stig Hans\u00e9n med Petronella Barker och Jacob Eklund i rollerna. Urpremi\u00e4r 27 augusti.<\/p>\n<p>Karl Ove Knausg\u00e5rds Min Kamp f\u00e5r urpremi\u00e4r som teaterf\u00f6rest\u00e4llning p\u00e5 Lilla scenen 29 augusti. Ole Anders Tandberg har gjort en dramatisering som utg\u00e5r fr\u00e5n samtliga b\u00f6cker i serien och han st\u00e5r ocks\u00e5 f\u00f6r regin.<\/p>\n<p>Alexander M\u00f8rk Eidems egensinniga och tokhyllade upps\u00e4ttning av Paraplyerna i Cherbourg f\u00e5r \u00e4ntligen sin nypremi\u00e4r 10 september. Som k\u00e4rleksparet Genevi\u00e8ve och Guy \u00e5terkommer Louise Peterhoff och Sverrir Gudnason.<\/p>\n<p>Cabaret har premi\u00e4r p\u00e5 Stora scenen 19 september med bland andra Sarah Dawn Finer i rollen som Sally Bowles. Regi Ronny Danielsson.<\/p>\n<p>Hjalmar Bergmans m\u00e4sterverk Farmor och v\u00e5r herre i en ny dramatisering av Emma Brostr\u00f6m har premi\u00e4r 9 oktober. Regisserar g\u00f6r Maria L\u00f6fgren. Yvonne Lombard och Meta Velander m\u00f6ts igen p\u00e5 scenen i rollerna som Agnes Borck och Emma, hennes tj\u00e4narinna.<\/p>\n<p>I m\u00e5nadskiftet november\/december har P O Enguist klassiker Livl\u00e4karens bes\u00f6k urpremi\u00e4r i en dramatisering av Erik Norberg och Johanna Garpe som den senare \u00e4ven regisserar.<\/p>\n<p>Rikard Wolff g\u00f6r en musikf\u00f6rest\u00e4llning, Den sista f\u00f6rest\u00e4llningen, med utg\u00e5ngspunkt fr\u00e5n den musik som spelades d\u00e5 Jacques Brel endast 36 \u00e5r gammal gjorde sin avskedskonsert. Den sista f\u00f6rest\u00e4llningen har urpremi\u00e4r 4 december i gemensam regi av Linus Fellbom och Rikard Wolff.<\/p>\n<p>Karolina Ramqvists bok Flickv\u00e4nnen blir teater i regi av Marianne Lindberg De Geer.  Dramatisering av f\u00f6rfattaren sj\u00e4lv. Premi\u00e4r i december 2015.<\/p>\n<p>2xStaffan G\u00f6the \u00e4r en f\u00f6rest\u00e4llning som best\u00e5r av teaterklassikern En uppstoppad hund och helt nyskrivna En slavisk dans. De spelas dels var f\u00f6r sig och tillsammans p\u00e5 helgerna. Regi Olof Hanson, premi\u00e4r 12 december.<\/p>\n","protected":false},"excerpt":{"rendered":"<p>Karl Ove Knausg\u00e5rd, Sara Lidman, P O Enquist, Hemingway och Karolina Ramqvist \u2013 det \u00e4r stort fokus p\u00e5 f\u00f6rfattare i Kulturhuset Stadsteaterns h\u00f6strepertoar. F\u00f6r f\u00f6rsta g\u00e5ngen blir P O Enquists hyllade klassiker Livl\u00e4karens bes\u00f6k teater liksom Karl Ove Knausg\u00e5rds bokserie Min Kamp. Hjalmar Bergmans Farmor och v\u00e5r herre med Yvonne Lombard i titelrollen har f\u00e5tt [&hellip;]<\/p>\n","protected":false},"author":13,"featured_media":0,"comment_status":"open","ping_status":"open","sticky":false,"template":"","format":"standard","meta":{"_genesis_hide_title":false,"_genesis_hide_breadcrumbs":false,"_genesis_hide_singular_image":false,"_genesis_hide_footer_widgets":false,"_genesis_custom_body_class":"","_genesis_custom_post_class":"","_genesis_layout":"","footnotes":""},"categories":[20,30],"tags":[11913,3831,7651,4955,5420],"class_list":{"0":"post-92255","1":"post","2":"type-post","3":"status-publish","4":"format-standard","6":"category-film","7":"category-teater","8":"tag-cabaret","9":"tag-musikal","10":"tag-sarah-dawn-finer","11":"tag-scenkonst","12":"tag-stockholms-stadsteater","13":"entry"},"_links":{"self":[{"href":"https:\/\/kulturbloggen.com\/index.php?rest_route=\/wp\/v2\/posts\/92255","targetHints":{"allow":["GET"]}}],"collection":[{"href":"https:\/\/kulturbloggen.com\/index.php?rest_route=\/wp\/v2\/posts"}],"about":[{"href":"https:\/\/kulturbloggen.com\/index.php?rest_route=\/wp\/v2\/types\/post"}],"author":[{"embeddable":true,"href":"https:\/\/kulturbloggen.com\/index.php?rest_route=\/wp\/v2\/users\/13"}],"replies":[{"embeddable":true,"href":"https:\/\/kulturbloggen.com\/index.php?rest_route=%2Fwp%2Fv2%2Fcomments&post=92255"}],"version-history":[{"count":4,"href":"https:\/\/kulturbloggen.com\/index.php?rest_route=\/wp\/v2\/posts\/92255\/revisions"}],"predecessor-version":[{"id":92260,"href":"https:\/\/kulturbloggen.com\/index.php?rest_route=\/wp\/v2\/posts\/92255\/revisions\/92260"}],"wp:attachment":[{"href":"https:\/\/kulturbloggen.com\/index.php?rest_route=%2Fwp%2Fv2%2Fmedia&parent=92255"}],"wp:term":[{"taxonomy":"category","embeddable":true,"href":"https:\/\/kulturbloggen.com\/index.php?rest_route=%2Fwp%2Fv2%2Fcategories&post=92255"},{"taxonomy":"post_tag","embeddable":true,"href":"https:\/\/kulturbloggen.com\/index.php?rest_route=%2Fwp%2Fv2%2Ftags&post=92255"}],"curies":[{"name":"wp","href":"https:\/\/api.w.org\/{rel}","templated":true}]}}