{"id":91925,"date":"2015-03-06T09:00:49","date_gmt":"2015-03-06T08:00:49","guid":{"rendered":"http:\/\/kulturbloggen.com\/?p=91925"},"modified":"2015-03-06T09:00:49","modified_gmt":"2015-03-06T08:00:49","slug":"paul-mccartney-till-sverige-och-till-roskildefestivalen-i-sommar","status":"publish","type":"post","link":"https:\/\/kulturbloggen.com\/?p=91925","title":{"rendered":"Paul McCartney till Sverige och till Roskildefestivalen i sommar"},"content":{"rendered":"<p><a href=\"http:\/\/kulturbloggen.com\/wp-content\/uploads\/2015\/03\/paulmccartneysverige.jpg\"><img loading=\"lazy\" decoding=\"async\" src=\"http:\/\/kulturbloggen.com\/wp-content\/uploads\/2015\/03\/paulmccartneysverige-300x251.jpg\" alt=\"paulmccartneysverige\" width=\"300\" height=\"251\" class=\"aligncenter size-medium wp-image-91926\" srcset=\"https:\/\/kulturbloggen.com\/wp-content\/uploads\/2015\/03\/paulmccartneysverige-300x251.jpg 300w, https:\/\/kulturbloggen.com\/wp-content\/uploads\/2015\/03\/paulmccartneysverige.jpg 600w\" sizes=\"auto, (max-width: 300px) 100vw, 300px\" \/><\/a><\/p>\n<p>Den legendariske komposit\u00f6ren, s\u00e5ngaren och musikern Paul McCartney spelar p\u00e5 Roskildefestivalen i Danmark l\u00f6rdagen den 4 juli. Konserten blir Paul McCartneys enda europeiska festivalspelning i sommar. Och han kommer ocks\u00e5 till Sverige och Tele2 Arena i Stockholm den 7 juli. <\/p>\n<p>Pressmeddelanden ber\u00e4ttar om de tv\u00e5 konserten i Skandinaven:<br \/>\n Roskildefestivalen kan bekr\u00e4fta att legenden Paul McCartney g\u00f6r en festivalspelning p\u00e5 Roskildefestivalens Orange scen l\u00f6rdag den 4 juli.<\/p>\n<p>Konserten p\u00e5 Roskildefestivalen blir Paul McCartneys enda europeiska festivalspelning i sommar och hans f\u00f6rsta framtr\u00e4dande p\u00e5 en festival i Europa p\u00e5 fem \u00e5r.<\/p>\n<p>Det blir allts\u00e5 f\u00f6rsta g\u00e5ngen n\u00e5gonsin som Roskildefestivalens bes\u00f6kare f\u00e5r chansen att sjunga med i klassiker som &#8217;Get back&#8217;, &#8217;Hey Jude&#8217;, Helter Skelter, &#8217;Let It Be&#8217;, &#8217;Eleanor Rigby&#8217; och &#8217;Live and Let Die&#8217; tillsammans med upphovsmakaren bakom de eviga p\u00e4rlorna fr\u00e5n pophistorien.<\/p>\n<p>Paul McCartneys succ\u00e9turn\u00e9 \u201dOut There\u201d har sedan den startade f\u00f6r 18 m\u00e5nader sedan setts av n\u00e4stan tv\u00e5 miljoner fans v\u00e4rlden \u00f6ver. Efter 64 konserter i 12 l\u00e4nder tar Paul och hans band \u00e4ntligen turn\u00e9n tillbaka till Europa och nio platser som hittills inte bes\u00f6kts under turn\u00e9n.<\/p>\n<p>Paul McCartney och hans band kommer under turn\u00e9n till Sverige och Tele2 Arena i Stockholm den 7 juli. <\/p>\n","protected":false},"excerpt":{"rendered":"<p>Den legendariske komposit\u00f6ren, s\u00e5ngaren och musikern Paul McCartney spelar p\u00e5 Roskildefestivalen i Danmark l\u00f6rdagen den 4 juli. Konserten blir Paul McCartneys enda europeiska festivalspelning i sommar. Och han kommer ocks\u00e5 till Sverige och Tele2 Arena i Stockholm den 7 juli. Pressmeddelanden ber\u00e4ttar om de tv\u00e5 konserten i Skandinaven: Roskildefestivalen kan bekr\u00e4fta att legenden Paul McCartney [&hellip;]<\/p>\n","protected":false},"author":13,"featured_media":0,"comment_status":"open","ping_status":"open","sticky":false,"template":"","format":"standard","meta":{"_genesis_hide_title":false,"_genesis_hide_breadcrumbs":false,"_genesis_hide_singular_image":false,"_genesis_hide_footer_widgets":false,"_genesis_custom_body_class":"","_genesis_custom_post_class":"","_genesis_layout":"","footnotes":""},"categories":[7],"tags":[562,12282,4281,7450],"class_list":{"0":"post-91925","1":"post","2":"type-post","3":"status-publish","4":"format-standard","6":"category-musik","7":"tag-beatles","8":"tag-musik","9":"tag-paul-mccartney","10":"tag-roskildefestivalen","11":"entry"},"_links":{"self":[{"href":"https:\/\/kulturbloggen.com\/index.php?rest_route=\/wp\/v2\/posts\/91925","targetHints":{"allow":["GET"]}}],"collection":[{"href":"https:\/\/kulturbloggen.com\/index.php?rest_route=\/wp\/v2\/posts"}],"about":[{"href":"https:\/\/kulturbloggen.com\/index.php?rest_route=\/wp\/v2\/types\/post"}],"author":[{"embeddable":true,"href":"https:\/\/kulturbloggen.com\/index.php?rest_route=\/wp\/v2\/users\/13"}],"replies":[{"embeddable":true,"href":"https:\/\/kulturbloggen.com\/index.php?rest_route=%2Fwp%2Fv2%2Fcomments&post=91925"}],"version-history":[{"count":1,"href":"https:\/\/kulturbloggen.com\/index.php?rest_route=\/wp\/v2\/posts\/91925\/revisions"}],"predecessor-version":[{"id":91927,"href":"https:\/\/kulturbloggen.com\/index.php?rest_route=\/wp\/v2\/posts\/91925\/revisions\/91927"}],"wp:attachment":[{"href":"https:\/\/kulturbloggen.com\/index.php?rest_route=%2Fwp%2Fv2%2Fmedia&parent=91925"}],"wp:term":[{"taxonomy":"category","embeddable":true,"href":"https:\/\/kulturbloggen.com\/index.php?rest_route=%2Fwp%2Fv2%2Fcategories&post=91925"},{"taxonomy":"post_tag","embeddable":true,"href":"https:\/\/kulturbloggen.com\/index.php?rest_route=%2Fwp%2Fv2%2Ftags&post=91925"}],"curies":[{"name":"wp","href":"https:\/\/api.w.org\/{rel}","templated":true}]}}