{"id":91791,"date":"2015-03-02T10:08:00","date_gmt":"2015-03-02T09:08:00","guid":{"rendered":"http:\/\/kulturbloggen.com\/?p=91791"},"modified":"2015-03-02T10:08:00","modified_gmt":"2015-03-02T09:08:00","slug":"madonna-till-stockholm","status":"publish","type":"post","link":"https:\/\/kulturbloggen.com\/?p=91791","title":{"rendered":"Madonna till Stockholm"},"content":{"rendered":"<p><a href=\"http:\/\/kulturbloggen.com\/wp-content\/uploads\/2015\/03\/madonna2015.jpg\"><img loading=\"lazy\" decoding=\"async\" src=\"http:\/\/kulturbloggen.com\/wp-content\/uploads\/2015\/03\/madonna2015-283x300.jpg\" alt=\"madonna2015\" width=\"283\" height=\"300\" class=\"aligncenter size-medium wp-image-91792\" srcset=\"https:\/\/kulturbloggen.com\/wp-content\/uploads\/2015\/03\/madonna2015-283x300.jpg 283w, https:\/\/kulturbloggen.com\/wp-content\/uploads\/2015\/03\/madonna2015.jpg 600w\" sizes=\"auto, (max-width: 283px) 100vw, 283px\" \/><\/a><\/p>\n<p>Madonna kommer till Sverige och ger f\u00f6r f\u00f6rsta g\u00e5ngen en konsert i Stockholm.<\/p>\n<p>Madonnas \u201dRebel Heart\u201d-turn\u00e9 startar i Miami den 29 augusti och n\u00e5r 35 st\u00e4der i Nordamerika och Europa. Fler datum tillkommer i Australien och Asien. Turn\u00e9n startar i Nordamerika f\u00f6r att sedan forts\u00e4tta i Europa d\u00e4r den n\u00e5r Sverige och Tele2 Arena i Stockholm l\u00f6rdagen den 14 november. Detta inneb\u00e4r Madonnas f\u00f6rsta konsert i Stockholm.<\/p>\n","protected":false},"excerpt":{"rendered":"<p>Madonna kommer till Sverige och ger f\u00f6r f\u00f6rsta g\u00e5ngen en konsert i Stockholm. Madonnas \u201dRebel Heart\u201d-turn\u00e9 startar i Miami den 29 augusti och n\u00e5r 35 st\u00e4der i Nordamerika och Europa. Fler datum tillkommer i Australien och Asien. Turn\u00e9n startar i Nordamerika f\u00f6r att sedan forts\u00e4tta i Europa d\u00e4r den n\u00e5r Sverige och Tele2 Arena i [&hellip;]<\/p>\n","protected":false},"author":13,"featured_media":0,"comment_status":"open","ping_status":"open","sticky":false,"template":"","format":"standard","meta":{"_genesis_hide_title":false,"_genesis_hide_breadcrumbs":false,"_genesis_hide_singular_image":false,"_genesis_hide_footer_widgets":false,"_genesis_custom_body_class":"","_genesis_custom_post_class":"","_genesis_layout":"","footnotes":""},"categories":[7],"tags":[3433],"class_list":{"0":"post-91791","1":"post","2":"type-post","3":"status-publish","4":"format-standard","6":"category-musik","7":"tag-madonna","8":"entry"},"_links":{"self":[{"href":"https:\/\/kulturbloggen.com\/index.php?rest_route=\/wp\/v2\/posts\/91791","targetHints":{"allow":["GET"]}}],"collection":[{"href":"https:\/\/kulturbloggen.com\/index.php?rest_route=\/wp\/v2\/posts"}],"about":[{"href":"https:\/\/kulturbloggen.com\/index.php?rest_route=\/wp\/v2\/types\/post"}],"author":[{"embeddable":true,"href":"https:\/\/kulturbloggen.com\/index.php?rest_route=\/wp\/v2\/users\/13"}],"replies":[{"embeddable":true,"href":"https:\/\/kulturbloggen.com\/index.php?rest_route=%2Fwp%2Fv2%2Fcomments&post=91791"}],"version-history":[{"count":3,"href":"https:\/\/kulturbloggen.com\/index.php?rest_route=\/wp\/v2\/posts\/91791\/revisions"}],"predecessor-version":[{"id":91795,"href":"https:\/\/kulturbloggen.com\/index.php?rest_route=\/wp\/v2\/posts\/91791\/revisions\/91795"}],"wp:attachment":[{"href":"https:\/\/kulturbloggen.com\/index.php?rest_route=%2Fwp%2Fv2%2Fmedia&parent=91791"}],"wp:term":[{"taxonomy":"category","embeddable":true,"href":"https:\/\/kulturbloggen.com\/index.php?rest_route=%2Fwp%2Fv2%2Fcategories&post=91791"},{"taxonomy":"post_tag","embeddable":true,"href":"https:\/\/kulturbloggen.com\/index.php?rest_route=%2Fwp%2Fv2%2Ftags&post=91791"}],"curies":[{"name":"wp","href":"https:\/\/api.w.org\/{rel}","templated":true}]}}